{"id":14112,"date":"2019-07-16T10:02:20","date_gmt":"2019-07-16T08:02:20","guid":{"rendered":"https:\/\/costeira.es\/?p=14090"},"modified":"2021-07-04T16:38:37","modified_gmt":"2021-07-04T16:38:37","slug":"relanzamiento-amadeus","status":"publish","type":"post","link":"https:\/\/costeira.wine\/en\/relanzamiento-amadeus\/","title":{"rendered":"El vino Amadeus, de vuelta tras m\u00e1s de una d\u00e9cada, con un nuevo dise\u00f1o elaborado por el pintor Alexandro"},"content":{"rendered":"<ul>\n<li><b>100% treixadura, cuenta con un agradable aroma, reflejos dorados y elegancia en boca<\/b><\/li>\n<\/ul>\n<p><i><span style=\"font-weight: 400;\">\u201cLa estrecha colaboraci\u00f3n entre la bodega y el arte se trabaj\u00f3 con much\u00edsima intensidad en el pasado. Ahora, recuperamos con mucha ilusi\u00f3n esta tradici\u00f3n, con la nueva a\u00f1ada de este vino, que en su d\u00eda fue uno de los primeros con uvas aut\u00f3ctonas del Ribeiro\u201d<\/span><\/i><span style=\"font-weight: 400;\">. Con estas palabras presentaba <strong>Andr\u00e9s Rodr\u00edguez<\/strong>, consejero delegado de Vi\u00f1a Costeira, el relanzamiento del ic\u00f3nico vino Amadeus tras m\u00e1s de diez a\u00f1os.\u00a0<\/span><\/p>\n<p><span style=\"font-weight: 400;\">En la presentaci\u00f3n, que se celebr\u00f3 en el Liceo de Ourense, participaron tambi\u00e9n <strong>Manu Castro<\/strong>, en\u00f3logo de Vi\u00f1a Costeira, que supervis\u00f3 todo el proceso; y <strong>Alexandre<\/strong>, pintor ourensano autor del dise\u00f1o que lleva serigrafiado la botella. El propio Alexandre compart\u00eda con los medios el enorme cari\u00f1o con el que colabor\u00f3 con este proyecto, <\/span><i><span style=\"font-weight: 400;\">\u201cque acept\u00f3 de inmediato\u201d<\/span><\/i><span style=\"font-weight: 400;\">.<\/span><\/p>\n<p><span style=\"font-weight: 400;\">Por su parte, Manu Castro pon\u00eda en valor la dificultad de la cosecha manual y artesana de la finca de San Cibrao, debido a su orientaci\u00f3n y distribuci\u00f3n en costeiras.<\/span><i><span style=\"font-weight: 400;\"> \u201cEsta es, precisamente, una de las claves para obtener treixadura de mayor calidad para elaborar este vino\u201d<\/span><\/i><span style=\"font-weight: 400;\">.<\/span><\/p>\n<p><span style=\"font-weight: 400;\">Y es que el Amadeus es, adem\u00e1s de un claro homenaje al arte y cultura gallegas, un vino 100% treixadura con un agradable aroma, reflejos dorados y elegancia en boca.\u00a0<\/span><\/p>\n<p><span style=\"font-weight: 400;\">Este vino de legado hist\u00f3rico, que estar\u00e1 pr\u00f3ximamente disponible tambi\u00e9n online, vuelve a escena para acompa\u00f1ar a Vi\u00f1a Costeira en su consolidaci\u00f3n como bodega gallega de referencia.\u00a0<img fetchpriority=\"high\" decoding=\"async\" class=\"alignnone size-large wp-image-14091\" src=\"https:\/\/costeira.es\/wp-content\/uploads\/2019\/07\/54-low-1024x684.jpg\" alt=\"amadeus 2\" width=\"1024\" height=\"684\" \/><\/span><\/p>\n","protected":false},"excerpt":{"rendered":"<p>En la presentaci\u00f3n, que se celebr\u00f3 en el Liceo de Ourense, participaron tambi\u00e9n Manu Castro, en\u00f3logo de Vi\u00f1a Costeira, que supervis\u00f3 todo el proceso; y Alexandre, pintor ourensano autor del dise\u00f1o que lleva serigrafiado la botella. El propio Alexandre compart\u00eda con los medios el enorme cari\u00f1o con el que colabor\u00f3 con este proyecto, \u201cque acept\u00f3 de inmediato\u201d.<\/p>\n","protected":false},"author":1,"featured_media":31907,"comment_status":"open","ping_status":"open","sticky":false,"template":"","format":"standard","meta":{"footnotes":""},"categories":[80],"tags":[],"class_list":["post-14112","post","type-post","status-publish","format-standard","has-post-thumbnail","hentry","category-novedad"],"yoast_head":"<!-- This site is optimized with the Yoast SEO plugin v27.5 - https:\/\/yoast.com\/product\/yoast-seo-wordpress\/ -->\n<title>El vino Amadeus, de vuelta tras m\u00e1s de una d\u00e9cada, con un nuevo dise\u00f1o elaborado por el pintor Alexandro<\/title>\n<meta name=\"description\" content=\"100% treixadura, cuenta con un agradable aroma, reflejos dorados y elegancia en boca. \u00a1Vuelve este ic\u00f3nico vino a Vi\u00f1a Costeira!\" \/>\n<meta name=\"robots\" content=\"index, follow, max-snippet:-1, max-image-preview:large, max-video-preview:-1\" \/>\n<link rel=\"canonical\" href=\"https:\/\/costeira.wine\/relanzamiento-amadeus\/\" \/>\n<meta property=\"og:locale\" content=\"en_US\" \/>\n<meta property=\"og:type\" content=\"article\" \/>\n<meta property=\"og:title\" content=\"El vino Amadeus, de vuelta tras m\u00e1s de una d\u00e9cada, con un nuevo dise\u00f1o elaborado por el pintor Alexandro\" \/>\n<meta property=\"og:description\" content=\"100% treixadura, cuenta con un agradable aroma, reflejos dorados y elegancia en boca. \u00a1Vuelve este ic\u00f3nico vino a Vi\u00f1a Costeira!\" \/>\n<meta property=\"og:url\" content=\"https:\/\/costeira.wine\/relanzamiento-amadeus\/\" \/>\n<meta property=\"og:site_name\" content=\"Vi\u00f1a costeira\" \/>\n<meta property=\"article:publisher\" content=\"https:\/\/www.facebook.com\/vinacosteira\/\" \/>\n<meta property=\"article:published_time\" content=\"2019-07-16T08:02:20+00:00\" \/>\n<meta property=\"article:modified_time\" content=\"2021-07-04T16:38:37+00:00\" \/>\n<meta property=\"og:image\" content=\"https:\/\/costeira.wine\/wp-content\/uploads\/2021\/07\/58-web.jpg\" \/>\n\t<meta property=\"og:image:width\" content=\"1000\" \/>\n\t<meta property=\"og:image:height\" content=\"667\" \/>\n\t<meta property=\"og:image:type\" content=\"image\/jpeg\" \/>\n<meta name=\"author\" content=\"webmaster\" \/>\n<meta name=\"twitter:card\" content=\"summary_large_image\" \/>\n<meta name=\"twitter:creator\" content=\"@costeira_es\" \/>\n<meta name=\"twitter:site\" content=\"@costeira_es\" \/>\n<meta name=\"twitter:label1\" content=\"Written by\" \/>\n\t<meta name=\"twitter:data1\" content=\"webmaster\" \/>\n\t<meta name=\"twitter:label2\" content=\"Est. reading time\" \/>\n\t<meta name=\"twitter:data2\" content=\"2 minutes\" \/>\n<script type=\"application\/ld+json\" class=\"yoast-schema-graph\">{\"@context\":\"https:\\\/\\\/schema.org\",\"@graph\":[{\"@type\":\"Article\",\"@id\":\"https:\\\/\\\/costeira.wine\\\/relanzamiento-amadeus\\\/#article\",\"isPartOf\":{\"@id\":\"https:\\\/\\\/costeira.wine\\\/relanzamiento-amadeus\\\/\"},\"author\":{\"name\":\"webmaster\",\"@id\":\"https:\\\/\\\/costeira.wine\\\/#\\\/schema\\\/person\\\/be5cac9aab2eadddfb8f6f829e642362\"},\"headline\":\"El vino Amadeus, de vuelta tras m\u00e1s de una d\u00e9cada, con un nuevo dise\u00f1o elaborado por el pintor Alexandro\",\"datePublished\":\"2019-07-16T08:02:20+00:00\",\"dateModified\":\"2021-07-04T16:38:37+00:00\",\"mainEntityOfPage\":{\"@id\":\"https:\\\/\\\/costeira.wine\\\/relanzamiento-amadeus\\\/\"},\"wordCount\":291,\"commentCount\":0,\"publisher\":{\"@id\":\"https:\\\/\\\/costeira.wine\\\/#organization\"},\"image\":{\"@id\":\"https:\\\/\\\/costeira.wine\\\/relanzamiento-amadeus\\\/#primaryimage\"},\"thumbnailUrl\":\"https:\\\/\\\/costeira.wine\\\/wp-content\\\/uploads\\\/2021\\\/07\\\/58-web.jpg\",\"articleSection\":[\"Novedades\"],\"inLanguage\":\"en-US\",\"potentialAction\":[{\"@type\":\"CommentAction\",\"name\":\"Comment\",\"target\":[\"https:\\\/\\\/costeira.wine\\\/relanzamiento-amadeus\\\/#respond\"]}]},{\"@type\":\"WebPage\",\"@id\":\"https:\\\/\\\/costeira.wine\\\/relanzamiento-amadeus\\\/\",\"url\":\"https:\\\/\\\/costeira.wine\\\/relanzamiento-amadeus\\\/\",\"name\":\"El vino Amadeus, de vuelta tras m\u00e1s de una d\u00e9cada, con un nuevo dise\u00f1o elaborado por el pintor Alexandro\",\"isPartOf\":{\"@id\":\"https:\\\/\\\/costeira.wine\\\/#website\"},\"primaryImageOfPage\":{\"@id\":\"https:\\\/\\\/costeira.wine\\\/relanzamiento-amadeus\\\/#primaryimage\"},\"image\":{\"@id\":\"https:\\\/\\\/costeira.wine\\\/relanzamiento-amadeus\\\/#primaryimage\"},\"thumbnailUrl\":\"https:\\\/\\\/costeira.wine\\\/wp-content\\\/uploads\\\/2021\\\/07\\\/58-web.jpg\",\"datePublished\":\"2019-07-16T08:02:20+00:00\",\"dateModified\":\"2021-07-04T16:38:37+00:00\",\"description\":\"100% treixadura, cuenta con un agradable aroma, reflejos dorados y elegancia en boca. \u00a1Vuelve este ic\u00f3nico vino a Vi\u00f1a Costeira!\",\"breadcrumb\":{\"@id\":\"https:\\\/\\\/costeira.wine\\\/relanzamiento-amadeus\\\/#breadcrumb\"},\"inLanguage\":\"en-US\",\"potentialAction\":[{\"@type\":\"ReadAction\",\"target\":[\"https:\\\/\\\/costeira.wine\\\/relanzamiento-amadeus\\\/\"]}]},{\"@type\":\"ImageObject\",\"inLanguage\":\"en-US\",\"@id\":\"https:\\\/\\\/costeira.wine\\\/relanzamiento-amadeus\\\/#primaryimage\",\"url\":\"https:\\\/\\\/costeira.wine\\\/wp-content\\\/uploads\\\/2021\\\/07\\\/58-web.jpg\",\"contentUrl\":\"https:\\\/\\\/costeira.wine\\\/wp-content\\\/uploads\\\/2021\\\/07\\\/58-web.jpg\",\"width\":1000,\"height\":667,\"caption\":\"vino Amadeus\"},{\"@type\":\"BreadcrumbList\",\"@id\":\"https:\\\/\\\/costeira.wine\\\/relanzamiento-amadeus\\\/#breadcrumb\",\"itemListElement\":[{\"@type\":\"ListItem\",\"position\":1,\"name\":\"Portada\",\"item\":\"https:\\\/\\\/costeira.wine\\\/\"},{\"@type\":\"ListItem\",\"position\":2,\"name\":\"El vino Amadeus, de vuelta tras m\u00e1s de una d\u00e9cada, con un nuevo dise\u00f1o elaborado por el pintor Alexandro\"}]},{\"@type\":\"WebSite\",\"@id\":\"https:\\\/\\\/costeira.wine\\\/#website\",\"url\":\"https:\\\/\\\/costeira.wine\\\/\",\"name\":\"Vi\u00f1a costeira\",\"description\":\"En la bodega Vi\u00f1a Costeira elaboramos vinos de D.O. Ribeiro y Valdeorras. Nuestros productos nos han convertido en la mejor bodega de Espa\u00f1a. \u00a1Con\u00f3cenos!\",\"publisher\":{\"@id\":\"https:\\\/\\\/costeira.wine\\\/#organization\"},\"potentialAction\":[{\"@type\":\"SearchAction\",\"target\":{\"@type\":\"EntryPoint\",\"urlTemplate\":\"https:\\\/\\\/costeira.wine\\\/?s={search_term_string}\"},\"query-input\":{\"@type\":\"PropertyValueSpecification\",\"valueRequired\":true,\"valueName\":\"search_term_string\"}}],\"inLanguage\":\"en-US\"},{\"@type\":\"Organization\",\"@id\":\"https:\\\/\\\/costeira.wine\\\/#organization\",\"name\":\"Vi\u00f1a costeira\",\"url\":\"https:\\\/\\\/costeira.wine\\\/\",\"logo\":{\"@type\":\"ImageObject\",\"inLanguage\":\"en-US\",\"@id\":\"https:\\\/\\\/costeira.wine\\\/#\\\/schema\\\/logo\\\/image\\\/\",\"url\":\"https:\\\/\\\/costeira.wine\\\/wp-content\\\/uploads\\\/2021\\\/06\\\/logo_vina_costeira.svg\",\"contentUrl\":\"https:\\\/\\\/costeira.wine\\\/wp-content\\\/uploads\\\/2021\\\/06\\\/logo_vina_costeira.svg\",\"width\":1024,\"height\":100,\"caption\":\"Vi\u00f1a costeira\"},\"image\":{\"@id\":\"https:\\\/\\\/costeira.wine\\\/#\\\/schema\\\/logo\\\/image\\\/\"},\"sameAs\":[\"https:\\\/\\\/www.facebook.com\\\/vinacosteira\\\/\",\"https:\\\/\\\/x.com\\\/costeira_es\",\"https:\\\/\\\/www.instagram.com\\\/costeira.es\\\/\",\"https:\\\/\\\/www.linkedin.com\\\/company\\\/vi\u00f1a-costeira\\\/\",\"https:\\\/\\\/www.youtube.com\\\/channel\\\/UCx-kNrCaW0EIlxNK7nBRyfA\"]},{\"@type\":\"Person\",\"@id\":\"https:\\\/\\\/costeira.wine\\\/#\\\/schema\\\/person\\\/be5cac9aab2eadddfb8f6f829e642362\",\"name\":\"webmaster\",\"image\":{\"@type\":\"ImageObject\",\"inLanguage\":\"en-US\",\"@id\":\"https:\\\/\\\/secure.gravatar.com\\\/avatar\\\/49c7ead4cffcc0453b699691d45aefa551451fc500d13aead9dbe3d1d8962b92?s=96&d=mm&r=g\",\"url\":\"https:\\\/\\\/secure.gravatar.com\\\/avatar\\\/49c7ead4cffcc0453b699691d45aefa551451fc500d13aead9dbe3d1d8962b92?s=96&d=mm&r=g\",\"contentUrl\":\"https:\\\/\\\/secure.gravatar.com\\\/avatar\\\/49c7ead4cffcc0453b699691d45aefa551451fc500d13aead9dbe3d1d8962b92?s=96&d=mm&r=g\",\"caption\":\"webmaster\"},\"sameAs\":[\"http:\\\/\\\/costeira.wine\"]}]}<\/script>\n<!-- \/ Yoast SEO plugin. -->","yoast_head_json":{"title":"El vino Amadeus, de vuelta tras m\u00e1s de una d\u00e9cada, con un nuevo dise\u00f1o elaborado por el pintor Alexandro","description":"100% treixadura, cuenta con un agradable aroma, reflejos dorados y elegancia en boca. \u00a1Vuelve este ic\u00f3nico vino a Vi\u00f1a Costeira!","robots":{"index":"index","follow":"follow","max-snippet":"max-snippet:-1","max-image-preview":"max-image-preview:large","max-video-preview":"max-video-preview:-1"},"canonical":"https:\/\/costeira.wine\/relanzamiento-amadeus\/","og_locale":"en_US","og_type":"article","og_title":"El vino Amadeus, de vuelta tras m\u00e1s de una d\u00e9cada, con un nuevo dise\u00f1o elaborado por el pintor Alexandro","og_description":"100% treixadura, cuenta con un agradable aroma, reflejos dorados y elegancia en boca. \u00a1Vuelve este ic\u00f3nico vino a Vi\u00f1a Costeira!","og_url":"https:\/\/costeira.wine\/relanzamiento-amadeus\/","og_site_name":"Vi\u00f1a costeira","article_publisher":"https:\/\/www.facebook.com\/vinacosteira\/","article_published_time":"2019-07-16T08:02:20+00:00","article_modified_time":"2021-07-04T16:38:37+00:00","og_image":[{"width":1000,"height":667,"url":"https:\/\/costeira.wine\/wp-content\/uploads\/2021\/07\/58-web.jpg","type":"image\/jpeg"}],"author":"webmaster","twitter_card":"summary_large_image","twitter_creator":"@costeira_es","twitter_site":"@costeira_es","twitter_misc":{"Written by":"webmaster","Est. reading time":"2 minutes"},"schema":{"@context":"https:\/\/schema.org","@graph":[{"@type":"Article","@id":"https:\/\/costeira.wine\/relanzamiento-amadeus\/#article","isPartOf":{"@id":"https:\/\/costeira.wine\/relanzamiento-amadeus\/"},"author":{"name":"webmaster","@id":"https:\/\/costeira.wine\/#\/schema\/person\/be5cac9aab2eadddfb8f6f829e642362"},"headline":"El vino Amadeus, de vuelta tras m\u00e1s de una d\u00e9cada, con un nuevo dise\u00f1o elaborado por el pintor Alexandro","datePublished":"2019-07-16T08:02:20+00:00","dateModified":"2021-07-04T16:38:37+00:00","mainEntityOfPage":{"@id":"https:\/\/costeira.wine\/relanzamiento-amadeus\/"},"wordCount":291,"commentCount":0,"publisher":{"@id":"https:\/\/costeira.wine\/#organization"},"image":{"@id":"https:\/\/costeira.wine\/relanzamiento-amadeus\/#primaryimage"},"thumbnailUrl":"https:\/\/costeira.wine\/wp-content\/uploads\/2021\/07\/58-web.jpg","articleSection":["Novedades"],"inLanguage":"en-US","potentialAction":[{"@type":"CommentAction","name":"Comment","target":["https:\/\/costeira.wine\/relanzamiento-amadeus\/#respond"]}]},{"@type":"WebPage","@id":"https:\/\/costeira.wine\/relanzamiento-amadeus\/","url":"https:\/\/costeira.wine\/relanzamiento-amadeus\/","name":"El vino Amadeus, de vuelta tras m\u00e1s de una d\u00e9cada, con un nuevo dise\u00f1o elaborado por el pintor Alexandro","isPartOf":{"@id":"https:\/\/costeira.wine\/#website"},"primaryImageOfPage":{"@id":"https:\/\/costeira.wine\/relanzamiento-amadeus\/#primaryimage"},"image":{"@id":"https:\/\/costeira.wine\/relanzamiento-amadeus\/#primaryimage"},"thumbnailUrl":"https:\/\/costeira.wine\/wp-content\/uploads\/2021\/07\/58-web.jpg","datePublished":"2019-07-16T08:02:20+00:00","dateModified":"2021-07-04T16:38:37+00:00","description":"100% treixadura, cuenta con un agradable aroma, reflejos dorados y elegancia en boca. \u00a1Vuelve este ic\u00f3nico vino a Vi\u00f1a Costeira!","breadcrumb":{"@id":"https:\/\/costeira.wine\/relanzamiento-amadeus\/#breadcrumb"},"inLanguage":"en-US","potentialAction":[{"@type":"ReadAction","target":["https:\/\/costeira.wine\/relanzamiento-amadeus\/"]}]},{"@type":"ImageObject","inLanguage":"en-US","@id":"https:\/\/costeira.wine\/relanzamiento-amadeus\/#primaryimage","url":"https:\/\/costeira.wine\/wp-content\/uploads\/2021\/07\/58-web.jpg","contentUrl":"https:\/\/costeira.wine\/wp-content\/uploads\/2021\/07\/58-web.jpg","width":1000,"height":667,"caption":"vino Amadeus"},{"@type":"BreadcrumbList","@id":"https:\/\/costeira.wine\/relanzamiento-amadeus\/#breadcrumb","itemListElement":[{"@type":"ListItem","position":1,"name":"Portada","item":"https:\/\/costeira.wine\/"},{"@type":"ListItem","position":2,"name":"El vino Amadeus, de vuelta tras m\u00e1s de una d\u00e9cada, con un nuevo dise\u00f1o elaborado por el pintor Alexandro"}]},{"@type":"WebSite","@id":"https:\/\/costeira.wine\/#website","url":"https:\/\/costeira.wine\/","name":"Vi\u00f1a costeira","description":"En la bodega Vi\u00f1a Costeira elaboramos vinos de D.O. Ribeiro y Valdeorras. Nuestros productos nos han convertido en la mejor bodega de Espa\u00f1a. \u00a1Con\u00f3cenos!","publisher":{"@id":"https:\/\/costeira.wine\/#organization"},"potentialAction":[{"@type":"SearchAction","target":{"@type":"EntryPoint","urlTemplate":"https:\/\/costeira.wine\/?s={search_term_string}"},"query-input":{"@type":"PropertyValueSpecification","valueRequired":true,"valueName":"search_term_string"}}],"inLanguage":"en-US"},{"@type":"Organization","@id":"https:\/\/costeira.wine\/#organization","name":"Vi\u00f1a costeira","url":"https:\/\/costeira.wine\/","logo":{"@type":"ImageObject","inLanguage":"en-US","@id":"https:\/\/costeira.wine\/#\/schema\/logo\/image\/","url":"https:\/\/costeira.wine\/wp-content\/uploads\/2021\/06\/logo_vina_costeira.svg","contentUrl":"https:\/\/costeira.wine\/wp-content\/uploads\/2021\/06\/logo_vina_costeira.svg","width":1024,"height":100,"caption":"Vi\u00f1a costeira"},"image":{"@id":"https:\/\/costeira.wine\/#\/schema\/logo\/image\/"},"sameAs":["https:\/\/www.facebook.com\/vinacosteira\/","https:\/\/x.com\/costeira_es","https:\/\/www.instagram.com\/costeira.es\/","https:\/\/www.linkedin.com\/company\/vi\u00f1a-costeira\/","https:\/\/www.youtube.com\/channel\/UCx-kNrCaW0EIlxNK7nBRyfA"]},{"@type":"Person","@id":"https:\/\/costeira.wine\/#\/schema\/person\/be5cac9aab2eadddfb8f6f829e642362","name":"webmaster","image":{"@type":"ImageObject","inLanguage":"en-US","@id":"https:\/\/secure.gravatar.com\/avatar\/49c7ead4cffcc0453b699691d45aefa551451fc500d13aead9dbe3d1d8962b92?s=96&d=mm&r=g","url":"https:\/\/secure.gravatar.com\/avatar\/49c7ead4cffcc0453b699691d45aefa551451fc500d13aead9dbe3d1d8962b92?s=96&d=mm&r=g","contentUrl":"https:\/\/secure.gravatar.com\/avatar\/49c7ead4cffcc0453b699691d45aefa551451fc500d13aead9dbe3d1d8962b92?s=96&d=mm&r=g","caption":"webmaster"},"sameAs":["http:\/\/costeira.wine"]}]}},"_links":{"self":[{"href":"https:\/\/costeira.wine\/en\/wp-json\/wp\/v2\/posts\/14112","targetHints":{"allow":["GET"]}}],"collection":[{"href":"https:\/\/costeira.wine\/en\/wp-json\/wp\/v2\/posts"}],"about":[{"href":"https:\/\/costeira.wine\/en\/wp-json\/wp\/v2\/types\/post"}],"author":[{"embeddable":true,"href":"https:\/\/costeira.wine\/en\/wp-json\/wp\/v2\/users\/1"}],"replies":[{"embeddable":true,"href":"https:\/\/costeira.wine\/en\/wp-json\/wp\/v2\/comments?post=14112"}],"version-history":[{"count":1,"href":"https:\/\/costeira.wine\/en\/wp-json\/wp\/v2\/posts\/14112\/revisions"}],"predecessor-version":[{"id":31908,"href":"https:\/\/costeira.wine\/en\/wp-json\/wp\/v2\/posts\/14112\/revisions\/31908"}],"wp:featuredmedia":[{"embeddable":true,"href":"https:\/\/costeira.wine\/en\/wp-json\/wp\/v2\/media\/31907"}],"wp:attachment":[{"href":"https:\/\/costeira.wine\/en\/wp-json\/wp\/v2\/media?parent=14112"}],"wp:term":[{"taxonomy":"category","embeddable":true,"href":"https:\/\/costeira.wine\/en\/wp-json\/wp\/v2\/categories?post=14112"},{"taxonomy":"post_tag","embeddable":true,"href":"https:\/\/costeira.wine\/en\/wp-json\/wp\/v2\/tags?post=14112"}],"curies":[{"name":"wp","href":"https:\/\/api.w.org\/{rel}","templated":true}]}}