{"id":19057,"date":"2019-08-01T11:34:25","date_gmt":"2019-08-01T09:34:25","guid":{"rendered":"https:\/\/costeira.wine\/?p=19057"},"modified":"2021-07-04T16:36:58","modified_gmt":"2021-07-04T16:36:58","slug":"excelentes-valoraciones-en-la-guia-penin-2018-para-vina-costeira-y-pazo-de-toubes","status":"publish","type":"post","link":"https:\/\/costeira.wine\/en\/excelentes-valoraciones-en-la-guia-penin-2018-para-vina-costeira-y-pazo-de-toubes\/","title":{"rendered":"Excelentes valoraciones en la Gu\u00eda Pe\u00f1\u00edn 2018 para Pazo y Modus Vivendi"},"content":{"rendered":"<h2 class=\"subtitulo-costeira\">Los vinos de las bodegas Vi\u00f1a Costeira y Pazo de Toubes recibieron unas valoraciones muy positivas por parte de los catadores de Gu\u00eda Pe\u00f1\u00edn. Ambas bodegas se sit\u00faan como referentes dentro de los vinos de su segmento.<\/h2>\n<p style=\"text-align: justify;\">Un a\u00f1o m\u00e1s las bodegas Vi\u00f1a Costeira y <a style=\"font-weight: bold;\" href=\"http:\/\/www.toubes.es\" target=\"_blank\" rel=\"noopener noreferrer\">Pazo de Toubes<\/a> aparec\u00edan en la nueva edici\u00f3n de la <span style=\"font-weight: bold;\">Gu\u00eda Pe\u00f1\u00edn de los vinos de Espa\u00f1a 2018<\/span>. Una extensa gu\u00eda, que a nivel nacional se considera como un <span style=\"font-weight: bold;\">referente bibliogr\u00e1fico del mundo del vino<\/span> por la valoraci\u00f3n de calidad y precio que hace de m\u00e1s de 11500 vinos y m\u00e1s de 2100 bodegas.<\/p>\n<p style=\"text-align: justify;\">Los <span style=\"font-weight: bold;\">resultados de ambas bodegas han sido excelentes<\/span> esta edici\u00f3n, posicion\u00e1ndose sus productos como vinos de referencia dentro de sus gamas y demostrando una gran capacidad para <span style=\"font-weight: bold;\">ofrecer a los distintos perfiles de clientes<\/span> <span style=\"font-weight: bold;\">vinos adecuados<\/span> a sus preferencias.<\/p>\n<p style=\"text-align: justify;\">Por parte de Vi\u00f1a Costeira, se presentaban una serie de referencias que se mueven con comodidad en el <span style=\"font-weight: bold;\">entorno de los 90 puntos<\/span>: Vi\u00f1a Costeira Ribeiro (88 puntos), Vi\u00f1a Costeira Menc\u00eda (89 puntos)\u00a0 y Pazo Blanco (86 puntos). Sin embargo cabe <span style=\"font-weight: bold;\">resaltar la<\/span> <span style=\"font-weight: bold;\">gran puntuaci\u00f3n de Pazo Tinto<\/span>, que con <span style=\"font-weight: bold;\">88 puntos <\/span>recog\u00eda el premio al saber hacer y a la constante evoluci\u00f3n de una marca con 50 a\u00f1os de historia, y que este a\u00f1o marcaba un nuevo hito con un moderno restyling.<\/p>\n<p style=\"text-align: justify;\">En el lado de Pazo de Toubes, la satisfacci\u00f3n tambi\u00e9n era grande, ya que adem\u00e1s de ser una bodega que cumpl\u00eda su <span style=\"font-weight: bold;\">primera participaci\u00f3n en la gu\u00eda<\/span>, se presentaba \u00fanicamente con el <span style=\"font-weight: bold;\">Modus Vivendi<\/span>, obteniendo unos <span style=\"font-weight: bold;\">extraordinarios 90 puntos<\/span>. Esta alta puntuaci\u00f3n sirve como impulso y premio a un vino elaborado con gran mimo y con una cuidada presentaci\u00f3n, que pretende ser el referente por imagen y calidad dentro de su segmento de mercado.<\/p>\n","protected":false},"excerpt":{"rendered":"<p>Un a\u00f1o m\u00e1s las bodegas Vi\u00f1a Costeira y Pazo de Toubes aparec\u00edan en la nueva edici\u00f3n de la Gu\u00eda Pe\u00f1\u00edn de los vinos de Espa\u00f1a 2018. Una extensa gu\u00eda, que a nivel nacional se considera como un referente bibliogr\u00e1fico del mundo del vino por la valoraci\u00f3n de calidad y precio que hace de m\u00e1s de 11500 vinos y m\u00e1s de 2100 bodegas.<\/p>\n","protected":false},"author":1,"featured_media":31904,"comment_status":"open","ping_status":"open","sticky":false,"template":"","format":"standard","meta":{"footnotes":""},"categories":[80],"tags":[],"class_list":["post-19057","post","type-post","status-publish","format-standard","has-post-thumbnail","hentry","category-novedad"],"yoast_head":"<!-- This site is optimized with the Yoast SEO plugin v27.5 - https:\/\/yoast.com\/product\/yoast-seo-wordpress\/ -->\n<title>Excelentes valoraciones en la Gu\u00eda Pe\u00f1\u00edn 2018 para Pazo y Modus Vivendi - Vi\u00f1a costeira<\/title>\n<meta name=\"description\" content=\"%\" \/>\n<meta name=\"robots\" content=\"index, follow, max-snippet:-1, max-image-preview:large, max-video-preview:-1\" \/>\n<link rel=\"canonical\" href=\"https:\/\/costeira.wine\/excelentes-valoraciones-en-la-guia-penin-2018-para-vina-costeira-y-pazo-de-toubes\/\" \/>\n<meta property=\"og:locale\" content=\"en_US\" \/>\n<meta property=\"og:type\" content=\"article\" \/>\n<meta property=\"og:title\" content=\"Excelentes valoraciones en la Gu\u00eda Pe\u00f1\u00edn 2018 para Pazo y Modus Vivendi - Vi\u00f1a costeira\" \/>\n<meta property=\"og:description\" content=\"%\" \/>\n<meta property=\"og:url\" content=\"https:\/\/costeira.wine\/excelentes-valoraciones-en-la-guia-penin-2018-para-vina-costeira-y-pazo-de-toubes\/\" \/>\n<meta property=\"og:site_name\" content=\"Vi\u00f1a costeira\" \/>\n<meta property=\"article:publisher\" content=\"https:\/\/www.facebook.com\/vinacosteira\/\" \/>\n<meta property=\"article:published_time\" content=\"2019-08-01T09:34:25+00:00\" \/>\n<meta property=\"article:modified_time\" content=\"2021-07-04T16:36:58+00:00\" \/>\n<meta property=\"og:image\" content=\"https:\/\/costeira.wine\/wp-content\/uploads\/2021\/07\/pazo-blanco-tinto.jpg\" \/>\n\t<meta property=\"og:image:width\" content=\"1000\" \/>\n\t<meta property=\"og:image:height\" content=\"675\" \/>\n\t<meta property=\"og:image:type\" content=\"image\/jpeg\" \/>\n<meta name=\"author\" content=\"webmaster\" \/>\n<meta name=\"twitter:card\" content=\"summary_large_image\" \/>\n<meta name=\"twitter:creator\" content=\"@costeira_es\" \/>\n<meta name=\"twitter:site\" content=\"@costeira_es\" \/>\n<meta name=\"twitter:label1\" content=\"Written by\" \/>\n\t<meta name=\"twitter:data1\" content=\"webmaster\" \/>\n\t<meta name=\"twitter:label2\" content=\"Est. reading time\" \/>\n\t<meta name=\"twitter:data2\" content=\"2 minutes\" \/>\n<script type=\"application\/ld+json\" class=\"yoast-schema-graph\">{\"@context\":\"https:\\\/\\\/schema.org\",\"@graph\":[{\"@type\":\"Article\",\"@id\":\"https:\\\/\\\/costeira.wine\\\/excelentes-valoraciones-en-la-guia-penin-2018-para-vina-costeira-y-pazo-de-toubes\\\/#article\",\"isPartOf\":{\"@id\":\"https:\\\/\\\/costeira.wine\\\/excelentes-valoraciones-en-la-guia-penin-2018-para-vina-costeira-y-pazo-de-toubes\\\/\"},\"author\":{\"name\":\"webmaster\",\"@id\":\"https:\\\/\\\/costeira.wine\\\/#\\\/schema\\\/person\\\/be5cac9aab2eadddfb8f6f829e642362\"},\"headline\":\"Excelentes valoraciones en la Gu\u00eda Pe\u00f1\u00edn 2018 para Pazo y Modus Vivendi\",\"datePublished\":\"2019-08-01T09:34:25+00:00\",\"dateModified\":\"2021-07-04T16:36:58+00:00\",\"mainEntityOfPage\":{\"@id\":\"https:\\\/\\\/costeira.wine\\\/excelentes-valoraciones-en-la-guia-penin-2018-para-vina-costeira-y-pazo-de-toubes\\\/\"},\"wordCount\":334,\"commentCount\":0,\"publisher\":{\"@id\":\"https:\\\/\\\/costeira.wine\\\/#organization\"},\"image\":{\"@id\":\"https:\\\/\\\/costeira.wine\\\/excelentes-valoraciones-en-la-guia-penin-2018-para-vina-costeira-y-pazo-de-toubes\\\/#primaryimage\"},\"thumbnailUrl\":\"https:\\\/\\\/costeira.wine\\\/wp-content\\\/uploads\\\/2021\\\/07\\\/pazo-blanco-tinto.jpg\",\"articleSection\":[\"Novedades\"],\"inLanguage\":\"en-US\",\"potentialAction\":[{\"@type\":\"CommentAction\",\"name\":\"Comment\",\"target\":[\"https:\\\/\\\/costeira.wine\\\/excelentes-valoraciones-en-la-guia-penin-2018-para-vina-costeira-y-pazo-de-toubes\\\/#respond\"]}]},{\"@type\":\"WebPage\",\"@id\":\"https:\\\/\\\/costeira.wine\\\/excelentes-valoraciones-en-la-guia-penin-2018-para-vina-costeira-y-pazo-de-toubes\\\/\",\"url\":\"https:\\\/\\\/costeira.wine\\\/excelentes-valoraciones-en-la-guia-penin-2018-para-vina-costeira-y-pazo-de-toubes\\\/\",\"name\":\"Excelentes valoraciones en la Gu\u00eda Pe\u00f1\u00edn 2018 para Pazo y Modus Vivendi - Vi\u00f1a costeira\",\"isPartOf\":{\"@id\":\"https:\\\/\\\/costeira.wine\\\/#website\"},\"primaryImageOfPage\":{\"@id\":\"https:\\\/\\\/costeira.wine\\\/excelentes-valoraciones-en-la-guia-penin-2018-para-vina-costeira-y-pazo-de-toubes\\\/#primaryimage\"},\"image\":{\"@id\":\"https:\\\/\\\/costeira.wine\\\/excelentes-valoraciones-en-la-guia-penin-2018-para-vina-costeira-y-pazo-de-toubes\\\/#primaryimage\"},\"thumbnailUrl\":\"https:\\\/\\\/costeira.wine\\\/wp-content\\\/uploads\\\/2021\\\/07\\\/pazo-blanco-tinto.jpg\",\"datePublished\":\"2019-08-01T09:34:25+00:00\",\"dateModified\":\"2021-07-04T16:36:58+00:00\",\"description\":\"%\",\"breadcrumb\":{\"@id\":\"https:\\\/\\\/costeira.wine\\\/excelentes-valoraciones-en-la-guia-penin-2018-para-vina-costeira-y-pazo-de-toubes\\\/#breadcrumb\"},\"inLanguage\":\"en-US\",\"potentialAction\":[{\"@type\":\"ReadAction\",\"target\":[\"https:\\\/\\\/costeira.wine\\\/excelentes-valoraciones-en-la-guia-penin-2018-para-vina-costeira-y-pazo-de-toubes\\\/\"]}]},{\"@type\":\"ImageObject\",\"inLanguage\":\"en-US\",\"@id\":\"https:\\\/\\\/costeira.wine\\\/excelentes-valoraciones-en-la-guia-penin-2018-para-vina-costeira-y-pazo-de-toubes\\\/#primaryimage\",\"url\":\"https:\\\/\\\/costeira.wine\\\/wp-content\\\/uploads\\\/2021\\\/07\\\/pazo-blanco-tinto.jpg\",\"contentUrl\":\"https:\\\/\\\/costeira.wine\\\/wp-content\\\/uploads\\\/2021\\\/07\\\/pazo-blanco-tinto.jpg\",\"width\":1000,\"height\":675,\"caption\":\"pazo-blanco-tinto\"},{\"@type\":\"BreadcrumbList\",\"@id\":\"https:\\\/\\\/costeira.wine\\\/excelentes-valoraciones-en-la-guia-penin-2018-para-vina-costeira-y-pazo-de-toubes\\\/#breadcrumb\",\"itemListElement\":[{\"@type\":\"ListItem\",\"position\":1,\"name\":\"Portada\",\"item\":\"https:\\\/\\\/costeira.wine\\\/\"},{\"@type\":\"ListItem\",\"position\":2,\"name\":\"Excelentes valoraciones en la Gu\u00eda Pe\u00f1\u00edn 2018 para Pazo y Modus Vivendi\"}]},{\"@type\":\"WebSite\",\"@id\":\"https:\\\/\\\/costeira.wine\\\/#website\",\"url\":\"https:\\\/\\\/costeira.wine\\\/\",\"name\":\"Vi\u00f1a costeira\",\"description\":\"En la bodega Vi\u00f1a Costeira elaboramos vinos de D.O. Ribeiro y Valdeorras. Nuestros productos nos han convertido en la mejor bodega de Espa\u00f1a. \u00a1Con\u00f3cenos!\",\"publisher\":{\"@id\":\"https:\\\/\\\/costeira.wine\\\/#organization\"},\"potentialAction\":[{\"@type\":\"SearchAction\",\"target\":{\"@type\":\"EntryPoint\",\"urlTemplate\":\"https:\\\/\\\/costeira.wine\\\/?s={search_term_string}\"},\"query-input\":{\"@type\":\"PropertyValueSpecification\",\"valueRequired\":true,\"valueName\":\"search_term_string\"}}],\"inLanguage\":\"en-US\"},{\"@type\":\"Organization\",\"@id\":\"https:\\\/\\\/costeira.wine\\\/#organization\",\"name\":\"Vi\u00f1a costeira\",\"url\":\"https:\\\/\\\/costeira.wine\\\/\",\"logo\":{\"@type\":\"ImageObject\",\"inLanguage\":\"en-US\",\"@id\":\"https:\\\/\\\/costeira.wine\\\/#\\\/schema\\\/logo\\\/image\\\/\",\"url\":\"https:\\\/\\\/costeira.wine\\\/wp-content\\\/uploads\\\/2021\\\/06\\\/logo_vina_costeira.svg\",\"contentUrl\":\"https:\\\/\\\/costeira.wine\\\/wp-content\\\/uploads\\\/2021\\\/06\\\/logo_vina_costeira.svg\",\"width\":1024,\"height\":100,\"caption\":\"Vi\u00f1a costeira\"},\"image\":{\"@id\":\"https:\\\/\\\/costeira.wine\\\/#\\\/schema\\\/logo\\\/image\\\/\"},\"sameAs\":[\"https:\\\/\\\/www.facebook.com\\\/vinacosteira\\\/\",\"https:\\\/\\\/x.com\\\/costeira_es\",\"https:\\\/\\\/www.instagram.com\\\/costeira.es\\\/\",\"https:\\\/\\\/www.linkedin.com\\\/company\\\/vi\u00f1a-costeira\\\/\",\"https:\\\/\\\/www.youtube.com\\\/channel\\\/UCx-kNrCaW0EIlxNK7nBRyfA\"]},{\"@type\":\"Person\",\"@id\":\"https:\\\/\\\/costeira.wine\\\/#\\\/schema\\\/person\\\/be5cac9aab2eadddfb8f6f829e642362\",\"name\":\"webmaster\",\"image\":{\"@type\":\"ImageObject\",\"inLanguage\":\"en-US\",\"@id\":\"https:\\\/\\\/secure.gravatar.com\\\/avatar\\\/49c7ead4cffcc0453b699691d45aefa551451fc500d13aead9dbe3d1d8962b92?s=96&d=mm&r=g\",\"url\":\"https:\\\/\\\/secure.gravatar.com\\\/avatar\\\/49c7ead4cffcc0453b699691d45aefa551451fc500d13aead9dbe3d1d8962b92?s=96&d=mm&r=g\",\"contentUrl\":\"https:\\\/\\\/secure.gravatar.com\\\/avatar\\\/49c7ead4cffcc0453b699691d45aefa551451fc500d13aead9dbe3d1d8962b92?s=96&d=mm&r=g\",\"caption\":\"webmaster\"},\"sameAs\":[\"http:\\\/\\\/costeira.wine\"]}]}<\/script>\n<!-- \/ Yoast SEO plugin. -->","yoast_head_json":{"title":"Excelentes valoraciones en la Gu\u00eda Pe\u00f1\u00edn 2018 para Pazo y Modus Vivendi - Vi\u00f1a costeira","description":"%","robots":{"index":"index","follow":"follow","max-snippet":"max-snippet:-1","max-image-preview":"max-image-preview:large","max-video-preview":"max-video-preview:-1"},"canonical":"https:\/\/costeira.wine\/excelentes-valoraciones-en-la-guia-penin-2018-para-vina-costeira-y-pazo-de-toubes\/","og_locale":"en_US","og_type":"article","og_title":"Excelentes valoraciones en la Gu\u00eda Pe\u00f1\u00edn 2018 para Pazo y Modus Vivendi - Vi\u00f1a costeira","og_description":"%","og_url":"https:\/\/costeira.wine\/excelentes-valoraciones-en-la-guia-penin-2018-para-vina-costeira-y-pazo-de-toubes\/","og_site_name":"Vi\u00f1a costeira","article_publisher":"https:\/\/www.facebook.com\/vinacosteira\/","article_published_time":"2019-08-01T09:34:25+00:00","article_modified_time":"2021-07-04T16:36:58+00:00","og_image":[{"width":1000,"height":675,"url":"https:\/\/costeira.wine\/wp-content\/uploads\/2021\/07\/pazo-blanco-tinto.jpg","type":"image\/jpeg"}],"author":"webmaster","twitter_card":"summary_large_image","twitter_creator":"@costeira_es","twitter_site":"@costeira_es","twitter_misc":{"Written by":"webmaster","Est. reading time":"2 minutes"},"schema":{"@context":"https:\/\/schema.org","@graph":[{"@type":"Article","@id":"https:\/\/costeira.wine\/excelentes-valoraciones-en-la-guia-penin-2018-para-vina-costeira-y-pazo-de-toubes\/#article","isPartOf":{"@id":"https:\/\/costeira.wine\/excelentes-valoraciones-en-la-guia-penin-2018-para-vina-costeira-y-pazo-de-toubes\/"},"author":{"name":"webmaster","@id":"https:\/\/costeira.wine\/#\/schema\/person\/be5cac9aab2eadddfb8f6f829e642362"},"headline":"Excelentes valoraciones en la Gu\u00eda Pe\u00f1\u00edn 2018 para Pazo y Modus Vivendi","datePublished":"2019-08-01T09:34:25+00:00","dateModified":"2021-07-04T16:36:58+00:00","mainEntityOfPage":{"@id":"https:\/\/costeira.wine\/excelentes-valoraciones-en-la-guia-penin-2018-para-vina-costeira-y-pazo-de-toubes\/"},"wordCount":334,"commentCount":0,"publisher":{"@id":"https:\/\/costeira.wine\/#organization"},"image":{"@id":"https:\/\/costeira.wine\/excelentes-valoraciones-en-la-guia-penin-2018-para-vina-costeira-y-pazo-de-toubes\/#primaryimage"},"thumbnailUrl":"https:\/\/costeira.wine\/wp-content\/uploads\/2021\/07\/pazo-blanco-tinto.jpg","articleSection":["Novedades"],"inLanguage":"en-US","potentialAction":[{"@type":"CommentAction","name":"Comment","target":["https:\/\/costeira.wine\/excelentes-valoraciones-en-la-guia-penin-2018-para-vina-costeira-y-pazo-de-toubes\/#respond"]}]},{"@type":"WebPage","@id":"https:\/\/costeira.wine\/excelentes-valoraciones-en-la-guia-penin-2018-para-vina-costeira-y-pazo-de-toubes\/","url":"https:\/\/costeira.wine\/excelentes-valoraciones-en-la-guia-penin-2018-para-vina-costeira-y-pazo-de-toubes\/","name":"Excelentes valoraciones en la Gu\u00eda Pe\u00f1\u00edn 2018 para Pazo y Modus Vivendi - Vi\u00f1a costeira","isPartOf":{"@id":"https:\/\/costeira.wine\/#website"},"primaryImageOfPage":{"@id":"https:\/\/costeira.wine\/excelentes-valoraciones-en-la-guia-penin-2018-para-vina-costeira-y-pazo-de-toubes\/#primaryimage"},"image":{"@id":"https:\/\/costeira.wine\/excelentes-valoraciones-en-la-guia-penin-2018-para-vina-costeira-y-pazo-de-toubes\/#primaryimage"},"thumbnailUrl":"https:\/\/costeira.wine\/wp-content\/uploads\/2021\/07\/pazo-blanco-tinto.jpg","datePublished":"2019-08-01T09:34:25+00:00","dateModified":"2021-07-04T16:36:58+00:00","description":"%","breadcrumb":{"@id":"https:\/\/costeira.wine\/excelentes-valoraciones-en-la-guia-penin-2018-para-vina-costeira-y-pazo-de-toubes\/#breadcrumb"},"inLanguage":"en-US","potentialAction":[{"@type":"ReadAction","target":["https:\/\/costeira.wine\/excelentes-valoraciones-en-la-guia-penin-2018-para-vina-costeira-y-pazo-de-toubes\/"]}]},{"@type":"ImageObject","inLanguage":"en-US","@id":"https:\/\/costeira.wine\/excelentes-valoraciones-en-la-guia-penin-2018-para-vina-costeira-y-pazo-de-toubes\/#primaryimage","url":"https:\/\/costeira.wine\/wp-content\/uploads\/2021\/07\/pazo-blanco-tinto.jpg","contentUrl":"https:\/\/costeira.wine\/wp-content\/uploads\/2021\/07\/pazo-blanco-tinto.jpg","width":1000,"height":675,"caption":"pazo-blanco-tinto"},{"@type":"BreadcrumbList","@id":"https:\/\/costeira.wine\/excelentes-valoraciones-en-la-guia-penin-2018-para-vina-costeira-y-pazo-de-toubes\/#breadcrumb","itemListElement":[{"@type":"ListItem","position":1,"name":"Portada","item":"https:\/\/costeira.wine\/"},{"@type":"ListItem","position":2,"name":"Excelentes valoraciones en la Gu\u00eda Pe\u00f1\u00edn 2018 para Pazo y Modus Vivendi"}]},{"@type":"WebSite","@id":"https:\/\/costeira.wine\/#website","url":"https:\/\/costeira.wine\/","name":"Vi\u00f1a costeira","description":"En la bodega Vi\u00f1a Costeira elaboramos vinos de D.O. Ribeiro y Valdeorras. Nuestros productos nos han convertido en la mejor bodega de Espa\u00f1a. \u00a1Con\u00f3cenos!","publisher":{"@id":"https:\/\/costeira.wine\/#organization"},"potentialAction":[{"@type":"SearchAction","target":{"@type":"EntryPoint","urlTemplate":"https:\/\/costeira.wine\/?s={search_term_string}"},"query-input":{"@type":"PropertyValueSpecification","valueRequired":true,"valueName":"search_term_string"}}],"inLanguage":"en-US"},{"@type":"Organization","@id":"https:\/\/costeira.wine\/#organization","name":"Vi\u00f1a costeira","url":"https:\/\/costeira.wine\/","logo":{"@type":"ImageObject","inLanguage":"en-US","@id":"https:\/\/costeira.wine\/#\/schema\/logo\/image\/","url":"https:\/\/costeira.wine\/wp-content\/uploads\/2021\/06\/logo_vina_costeira.svg","contentUrl":"https:\/\/costeira.wine\/wp-content\/uploads\/2021\/06\/logo_vina_costeira.svg","width":1024,"height":100,"caption":"Vi\u00f1a costeira"},"image":{"@id":"https:\/\/costeira.wine\/#\/schema\/logo\/image\/"},"sameAs":["https:\/\/www.facebook.com\/vinacosteira\/","https:\/\/x.com\/costeira_es","https:\/\/www.instagram.com\/costeira.es\/","https:\/\/www.linkedin.com\/company\/vi\u00f1a-costeira\/","https:\/\/www.youtube.com\/channel\/UCx-kNrCaW0EIlxNK7nBRyfA"]},{"@type":"Person","@id":"https:\/\/costeira.wine\/#\/schema\/person\/be5cac9aab2eadddfb8f6f829e642362","name":"webmaster","image":{"@type":"ImageObject","inLanguage":"en-US","@id":"https:\/\/secure.gravatar.com\/avatar\/49c7ead4cffcc0453b699691d45aefa551451fc500d13aead9dbe3d1d8962b92?s=96&d=mm&r=g","url":"https:\/\/secure.gravatar.com\/avatar\/49c7ead4cffcc0453b699691d45aefa551451fc500d13aead9dbe3d1d8962b92?s=96&d=mm&r=g","contentUrl":"https:\/\/secure.gravatar.com\/avatar\/49c7ead4cffcc0453b699691d45aefa551451fc500d13aead9dbe3d1d8962b92?s=96&d=mm&r=g","caption":"webmaster"},"sameAs":["http:\/\/costeira.wine"]}]}},"_links":{"self":[{"href":"https:\/\/costeira.wine\/en\/wp-json\/wp\/v2\/posts\/19057","targetHints":{"allow":["GET"]}}],"collection":[{"href":"https:\/\/costeira.wine\/en\/wp-json\/wp\/v2\/posts"}],"about":[{"href":"https:\/\/costeira.wine\/en\/wp-json\/wp\/v2\/types\/post"}],"author":[{"embeddable":true,"href":"https:\/\/costeira.wine\/en\/wp-json\/wp\/v2\/users\/1"}],"replies":[{"embeddable":true,"href":"https:\/\/costeira.wine\/en\/wp-json\/wp\/v2\/comments?post=19057"}],"version-history":[{"count":1,"href":"https:\/\/costeira.wine\/en\/wp-json\/wp\/v2\/posts\/19057\/revisions"}],"predecessor-version":[{"id":31905,"href":"https:\/\/costeira.wine\/en\/wp-json\/wp\/v2\/posts\/19057\/revisions\/31905"}],"wp:featuredmedia":[{"embeddable":true,"href":"https:\/\/costeira.wine\/en\/wp-json\/wp\/v2\/media\/31904"}],"wp:attachment":[{"href":"https:\/\/costeira.wine\/en\/wp-json\/wp\/v2\/media?parent=19057"}],"wp:term":[{"taxonomy":"category","embeddable":true,"href":"https:\/\/costeira.wine\/en\/wp-json\/wp\/v2\/categories?post=19057"},{"taxonomy":"post_tag","embeddable":true,"href":"https:\/\/costeira.wine\/en\/wp-json\/wp\/v2\/tags?post=19057"}],"curies":[{"name":"wp","href":"https:\/\/api.w.org\/{rel}","templated":true}]}}