{"id":19888,"date":"2019-08-06T09:19:58","date_gmt":"2019-08-06T07:19:58","guid":{"rendered":"https:\/\/costeira.wine\/?p=15945"},"modified":"2021-07-04T16:34:12","modified_gmt":"2021-07-04T16:34:12","slug":"costeira-sonora","status":"publish","type":"post","link":"https:\/\/costeira.wine\/en\/costeira-sonora\/","title":{"rendered":"\u00c1ngel Stanich, El Meister y Las Chillers en el cartel de Costeira Sonora, la apuesta de Vi\u00f1a Costeira por el maridaje entre vinos y m\u00fasica"},"content":{"rendered":"<p><span style=\"font-weight: 400;\">El Liceo de Ourense acogi\u00f3 la presentaci\u00f3n de <\/span><a href=\"https:\/\/sonora.costeira.es\/\"><b>COSTEIRA SONORA<\/b><\/a><span style=\"font-weight: 400;\">, una iniciativa con la que <\/span><b>Vi\u00f1a Costeira<\/b><span style=\"font-weight: 400;\"> quiere consolidar su apuesta por la cultura, amplificando los \u201cMomentos Extraordinarios Costeira\u201d iniciados en el 50\u00ba aniversario de la bodega. La marca abre as\u00ed un camino hacia el\u00a0<\/span><b>maridaje sonoro, entre vinos y m\u00fasica,<\/b><span style=\"font-weight: 400;\"> que arrancar\u00e1 <\/span>en el <span style=\"font-weight: 400;\">Pazo de Toubes<\/span><b> el \u00faltimo fin de semana de septiembre<\/b><span style=\"font-weight: 400;\">, coinciendo previsiblemente con los \u00faltimos d\u00edas de la vendimia en la D.O. Ribeiro.<\/span><\/p>\n<p><b>Andr\u00e9s Rodr\u00edguez<\/b><span style=\"font-weight: 400;\">, consejero delegado de Vi\u00f1a Costeira, y <\/span><b>Adri\u00e1n Fragueiro<\/b><span style=\"font-weight: 400;\">, responsable de producci\u00f3n de Doppler Gesti\u00f3n Cultural, fueron los encargados de exponer a los medios la propuesta, que busca <\/span><b>\u201cconjugar los placeres de escuchar buena m\u00fasica, degustar un buen vino y ofrecer nuevas experiencias que impliquen a todos los sentidos\u201d<\/b><span style=\"font-weight: 400;\">, seg\u00fan apunta Andr\u00e9s Rodr\u00edguez, refiri\u00e9ndose a las oportunidades que brinda el privilegiado emplazamiento del pazo con el que Vi\u00f1a Costeira cuenta entre los r\u00edos Mi\u00f1o y Arnoia, y que servir\u00e1 de marco para el evento. &#8220;Es un lugar id\u00f3neo para que quienes vengan, conozcan y reconozcan lo que es el Ribeiro&#8221;.<\/span><\/p>\n<p><span style=\"font-weight: 400;\">Las <\/span><b>m\u00e1s de ocho hect\u00e1reas de vi\u00f1edos<\/b> <b>que rodean el Pazo de Toubes<\/b><span style=\"font-weight: 400;\">, recientemente inaugurado tras su rehabilitaci\u00f3n, arropar\u00e1n esta <\/span><b>aventura enomusical<\/b><span style=\"font-weight: 400;\">, en la que la bodega seguir\u00e1 trabajando hasta el \u00faltimo d\u00eda, con la intenci\u00f3n de \u201c<\/span><b>que m\u00fasica y vino se potencien mutuamente\u201d<\/b><span style=\"font-weight: 400;\">. El evento se est\u00e1 ideando como una <\/span><b>\u201ccolaboraci\u00f3n interdisciplinar, implicando a m\u00fasicos y sumilleres a trav\u00e9s de un proceso de maduraci\u00f3n que concluir\u00e1 asociando un vino a cada artista\u201d<\/b><span style=\"font-weight: 400;\">.<\/span><\/p>\n<p><span style=\"font-weight: 400;\">\u201cBuscamos ese di\u00e1logo entre m\u00fasica y vino, buscamos entre nuestro cat\u00e1logo los caldos que mejor puedan acompa\u00f1ar a cada concierto, y buscamos que esa combinaci\u00f3n sea\u00a0<\/span><b>estimulante por igual para vin\u00f3filos y mel\u00f3manos<\/b><span style=\"font-weight: 400;\">. Nuestro objetivo es que que tanto los amantes del vino como los amantes de la m\u00fasica que se acerquen a Costeira Sonora, vivan <\/span><b>una experiencia nueva, diferente e inolvidable<\/b><span style=\"font-weight: 400;\">\u201d.<\/span><\/p>\n<h2><b>Programaci\u00f3n de Costeira Sonora\u00a0 \u00a0 \u00a0 \u00a0 \u00a0 \u00a0 \u00a0 \u00a0 \u00a0 \u00a0 \u00a0 \u00a0 \u00a0 \u00a0 \u00a0 \u00a0 \u00a0 \u00a0 \u00a0 \u00a0 \u00a0 \u00a0 \u00a0 \u00a0 \u00a0 \u00a0 \u00a0 \u00a0 \u00a0 \u00a0 \u00a0 \u00a0 \u00a0 \u00a0 \u00a0 \u00a0 \u00a0 \u00a0 \u00a0 \u00a0 \u00a0 \u00a0 \u00a0 \u00a0<\/b><\/h2>\n<p><span style=\"font-weight: 400;\">Con el cartel pr\u00e1cticamente cerrado, la organizaci\u00f3n de Costeira Sonora anuncia que\u00a0<\/span><b>cinco destacados nombres del indie peninsular<\/b><span style=\"font-weight: 400;\"> est\u00e1n ya confirmados.<\/span><\/p>\n<p><span style=\"font-weight: 400;\">En los <\/span><b>tres espacios<\/b><span style=\"font-weight: 400;\"> que se habilitar\u00e1n en el Pazo de Toubes para acoger los conciertos, sonar\u00e1n las propuestas del inclasificable y enigm\u00e1tico <\/span><b>\u00c1ngel Stanich<\/b><span style=\"font-weight: 400;\">, de <\/span><b>El Meister<\/b><span style=\"font-weight: 400;\">, el que es la voz y la cara visible de Arizona Baby y Corizonas en su aventura personal, la verbena de las revolucionarias <\/span><b>Las Chillers<\/b><span style=\"font-weight: 400;\">, la revelaci\u00f3n del soul nacional, <\/span><b>Mar\u00eda Yfeu<\/b><span style=\"font-weight: 400;\">, y el sinf\u00edn de texturas envolventes de la portuguesa <\/span><b>Surma<\/b><span style=\"font-weight: 400;\">.<\/span><\/p>\n<p><span style=\"font-weight: 400;\">En total, la jornada aglutinar\u00e1 <\/span><b>m\u00e1s de diez horas de experiencias con la m\u00fasica en el centro<\/b><span style=\"font-weight: 400;\">.<\/span><\/p>\n<p><b>\u00c1NGEL STANICH<\/b><span style=\"font-weight: 400;\"> | Los \u00faltimos cinco a\u00f1os en la vida de \u00c1ngel Stanich han sido m\u00e1gicos y fren\u00e9ticos, y avalan el vigor de su propuesta musical. Ha pasado por incontables conciertos y festivales, sorprendiendo a su paso con esa incre\u00edble personalidad salpicada de im\u00e1genes cin\u00e9filas, ma\u00f1as surrealistas e iron\u00eda. Stanich vence y convence desde la marginalidad y lo enigm\u00e1tico de su destino, y nadie deber\u00eda dejar escapar la ocasi\u00f3n de descubrirle en la cercan\u00eda del directo.<\/span><\/p>\n<p><b>EL MEISTER<\/b><span style=\"font-weight: 400;\"> | La aventura personal de Javier Vielba, voz y cara visible de Arizona Baby y Corizonas, dos de las bandas con m\u00e1s presencia en el rock espa\u00f1ol de los \u00faltimos a\u00f1os, es un fen\u00f3meno inclasificable. Es folk disidente. Es electr\u00f3nica disconforme. Es indie distinto. Es, nada m\u00e1s y nada menos que El Meister, cuya m\u00fasica, a la que \u00e9l etiqueta como \u201cm\u00fasica c\u00f3smica americana\u201d es decididamente entusiasta, y resulta extra\u00f1amente adictiva e hipn\u00f3tica.<\/span><\/p>\n<p><b>LAS CHILLERS<\/b><span style=\"font-weight: 400;\"> | Las Chillers son un grupo de amigas que se lo pasan pipa sobre el escenario y contagian de su diversi\u00f3n a cualquiera. Desde hace cinco a\u00f1os vienen rompiendo esquemas en la industria musical. Agotan entradas, revientan festivales y ponen al p\u00fablico en pie -o directamente del rev\u00e9s-. Arrasan all\u00ed por donde pasan, reinventando la verbena del siglo XXI con himnos que insuflan felicidad a cualquiera.<\/span><\/p>\n<p><b>MAR\u00cdA YFEU<\/b><span style=\"font-weight: 400;\"> | Con solo veinti\u00fan a\u00f1os esta andaluza compone, crea, toca y canta, bebiendo de referentes que van desde Billie Holiday y Amy Winehouse, hasta Aute y Caetano Veloso, pasando por artistas actuales como Lianne Le Havas o Sunset Rollercoaster. Mar\u00eda Yfeu desborda un talento precoz invadido por la m\u00fasica, y antes de que su primer disco vea la luz -previsto para oto\u00f1o-, los adelantos ya la han situado como revelaci\u00f3n del soul nacional para cr\u00edtica y p\u00fablico.<\/span><\/p>\n<p><b>SURMA<\/b><span style=\"font-weight: 400;\"> | Equipada con una voz envolvente y c\u00e1lida, y su incuestionable talento como multiinstrumentista, Surma condensa guitarras, teclados, sintetizadores y loops para sumergir en su mundo a quien la escucha. Combina influencias de la m\u00fasica ambiental, del post-rock o el jazz para articular un resultado que viene cosechando buenas cr\u00edticas en los medios internacionales, y que son\u00f3 ya en clubes m\u00edticos y festivales de medio mundo.<\/span><\/p>\n<h2><b>Entradas y transporte\u00a0\u00a0\u00a0\u00a0\u00a0\u00a0\u00a0\u00a0\u00a0\u00a0\u00a0\u00a0\u00a0\u00a0\u00a0\u00a0\u00a0\u00a0\u00a0\u00a0\u00a0\u00a0\u00a0\u00a0\u00a0\u00a0\u00a0\u00a0\u00a0\u00a0\u00a0\u00a0\u00a0\u00a0\u00a0\u00a0\u00a0\u00a0\u00a0\u00a0\u00a0\u00a0\u00a0\u00a0\u00a0\u00a0\u00a0\u00a0\u00a0\u00a0\u00a0\u00a0\u00a0\u00a0\u00a0\u00a0\u00a0\u00a0\u00a0\u00a0\u00a0\u00a0\u00a0\u00a0\u00a0\u00a0\u00a0\u00a0\u00a0\u00a0\u00a0\u00a0\u00a0\u00a0\u00a0<\/b><\/h2>\n<p><span style=\"font-weight: 400;\">Las <a href=\"https:\/\/entradas.ataquilla.com\/ventaentradas\/es\/otras-musicas\/bodegas-vina-costeira\/10311--costeira-sonora.html\">entradas<\/a> para asistir a Costeira Sonora pueden adquirirse en Ataquilla.com, a un <\/span><b>precio promocional de lanzamiento de 25 euros para las 50 primeras<\/b><span style=\"font-weight: 400;\">. Las siguientes pasar\u00e1n a tener un coste de 30 euros.<\/span><\/p>\n<p><span style=\"font-weight: 400;\">La organizaci\u00f3n advierte adem\u00e1s de que, debido a la limitada capacidad de las v\u00edas de acceso al Pazo de Toubes, y para evitar incidentes, el acceso en coche al pazo el d\u00eda del evento estar\u00e1 restringido a la organizaci\u00f3n. Es por esto que se habilitar\u00e1 un <\/span><b>servicio de lanzaderas gratuitas desde el entorno<\/b><span style=\"font-weight: 400;\"> para quienes tengan su entrada para acudir al evento.<\/span><\/p>\n<p><span style=\"font-weight: 400;\">Adem\u00e1s, Vi\u00f1a Costeira apuesta por facilitar los desplazamientos seguros y ofrece\u00a0<\/span><b>conexi\u00f3n directa con Ourense<\/b><span style=\"font-weight: 400;\">, para poder prescindir del veh\u00edculo privado. Por solo 5 euros m\u00e1s, con la entrada al evento Costeira Sonora se puede reservar <\/span><b>transporte de ida y vuelta<\/b><span style=\"font-weight: 400;\"> desde la capital a la puerta mismo del Pazo de Toubes<\/span><b>.<\/b><\/p>\n","protected":false},"excerpt":{"rendered":"<p>El Liceo de Ourense acogi\u00f3 la presentaci\u00f3n de COSTEIRA SONORA, una iniciativa con la que Vi\u00f1a Costeira quiere consolidar su apuesta por la cultura, amplificando los \u201cMomentos Extraordinarios Costeira\u201d iniciados en el 50\u00ba aniversario de la bodega. La marca abre as\u00ed un camino hacia el\u00a0maridaje sonoro, entre vinos y m\u00fasica, que arrancar\u00e1 en el Pazo de Toubes el \u00faltimo fin de semana de septiembre, coinciendo previsiblemente con los \u00faltimos d\u00edas de la vendimia en la D.O. Ribeiro.<\/p>\n","protected":false},"author":1,"featured_media":31902,"comment_status":"open","ping_status":"open","sticky":false,"template":"","format":"standard","meta":{"footnotes":""},"categories":[80],"tags":[],"class_list":["post-19888","post","type-post","status-publish","format-standard","has-post-thumbnail","hentry","category-novedad"],"yoast_head":"<!-- This site is optimized with the Yoast SEO plugin v27.5 - https:\/\/yoast.com\/product\/yoast-seo-wordpress\/ -->\n<title>\u00c1ngel Stanich, El Meister y Las Chillers en el cartel de Costeira Sonora, la apuesta de Vi\u00f1a Costeira por el maridaje entre vinos y m\u00fasica - Vi\u00f1a costeira<\/title>\n<meta name=\"description\" content=\"Ya a la venta las entradas para el nuevo festival que combina m\u00fasica y maridaje de vino: \u00a1Costeira Sonora! Te esperamos el 28 de septiembre.\" \/>\n<meta name=\"robots\" content=\"index, follow, max-snippet:-1, max-image-preview:large, max-video-preview:-1\" \/>\n<link rel=\"canonical\" href=\"https:\/\/costeira.wine\/costeira-sonora\/\" \/>\n<meta property=\"og:locale\" content=\"en_US\" \/>\n<meta property=\"og:type\" content=\"article\" \/>\n<meta property=\"og:title\" content=\"\u00c1ngel Stanich, El Meister y Las Chillers en el cartel de Costeira Sonora, la apuesta de Vi\u00f1a Costeira por el maridaje entre vinos y m\u00fasica - Vi\u00f1a costeira\" \/>\n<meta property=\"og:description\" content=\"Ya a la venta las entradas para el nuevo festival que combina m\u00fasica y maridaje de vino: \u00a1Costeira Sonora! Te esperamos el 28 de septiembre.\" \/>\n<meta property=\"og:url\" content=\"https:\/\/costeira.wine\/costeira-sonora\/\" \/>\n<meta property=\"og:site_name\" content=\"Vi\u00f1a costeira\" \/>\n<meta property=\"article:publisher\" content=\"https:\/\/www.facebook.com\/vinacosteira\/\" \/>\n<meta property=\"article:published_time\" content=\"2019-08-06T07:19:58+00:00\" \/>\n<meta property=\"article:modified_time\" content=\"2021-07-04T16:34:12+00:00\" \/>\n<meta property=\"og:image\" content=\"https:\/\/costeira.wine\/wp-content\/uploads\/2021\/07\/cartel-recortado-para-post-1000x675-1.jpg\" \/>\n\t<meta property=\"og:image:width\" content=\"1000\" \/>\n\t<meta property=\"og:image:height\" content=\"675\" \/>\n\t<meta property=\"og:image:type\" content=\"image\/jpeg\" \/>\n<meta name=\"author\" content=\"webmaster\" \/>\n<meta name=\"twitter:card\" content=\"summary_large_image\" \/>\n<meta name=\"twitter:creator\" content=\"@costeira_es\" \/>\n<meta name=\"twitter:site\" content=\"@costeira_es\" \/>\n<meta name=\"twitter:label1\" content=\"Written by\" \/>\n\t<meta name=\"twitter:data1\" content=\"webmaster\" \/>\n\t<meta name=\"twitter:label2\" content=\"Est. reading time\" \/>\n\t<meta name=\"twitter:data2\" content=\"5 minutes\" \/>\n<script type=\"application\/ld+json\" class=\"yoast-schema-graph\">{\"@context\":\"https:\\\/\\\/schema.org\",\"@graph\":[{\"@type\":\"Article\",\"@id\":\"https:\\\/\\\/costeira.wine\\\/costeira-sonora\\\/#article\",\"isPartOf\":{\"@id\":\"https:\\\/\\\/costeira.wine\\\/costeira-sonora\\\/\"},\"author\":{\"name\":\"webmaster\",\"@id\":\"https:\\\/\\\/costeira.wine\\\/#\\\/schema\\\/person\\\/be5cac9aab2eadddfb8f6f829e642362\"},\"headline\":\"\u00c1ngel Stanich, El Meister y Las Chillers en el cartel de Costeira Sonora, la apuesta de Vi\u00f1a Costeira por el maridaje entre vinos y m\u00fasica\",\"datePublished\":\"2019-08-06T07:19:58+00:00\",\"dateModified\":\"2021-07-04T16:34:12+00:00\",\"mainEntityOfPage\":{\"@id\":\"https:\\\/\\\/costeira.wine\\\/costeira-sonora\\\/\"},\"wordCount\":1063,\"commentCount\":0,\"publisher\":{\"@id\":\"https:\\\/\\\/costeira.wine\\\/#organization\"},\"image\":{\"@id\":\"https:\\\/\\\/costeira.wine\\\/costeira-sonora\\\/#primaryimage\"},\"thumbnailUrl\":\"https:\\\/\\\/costeira.wine\\\/wp-content\\\/uploads\\\/2021\\\/07\\\/cartel-recortado-para-post-1000x675-1.jpg\",\"articleSection\":[\"Novedades\"],\"inLanguage\":\"en-US\",\"potentialAction\":[{\"@type\":\"CommentAction\",\"name\":\"Comment\",\"target\":[\"https:\\\/\\\/costeira.wine\\\/costeira-sonora\\\/#respond\"]}]},{\"@type\":\"WebPage\",\"@id\":\"https:\\\/\\\/costeira.wine\\\/costeira-sonora\\\/\",\"url\":\"https:\\\/\\\/costeira.wine\\\/costeira-sonora\\\/\",\"name\":\"\u00c1ngel Stanich, El Meister y Las Chillers en el cartel de Costeira Sonora, la apuesta de Vi\u00f1a Costeira por el maridaje entre vinos y m\u00fasica - Vi\u00f1a costeira\",\"isPartOf\":{\"@id\":\"https:\\\/\\\/costeira.wine\\\/#website\"},\"primaryImageOfPage\":{\"@id\":\"https:\\\/\\\/costeira.wine\\\/costeira-sonora\\\/#primaryimage\"},\"image\":{\"@id\":\"https:\\\/\\\/costeira.wine\\\/costeira-sonora\\\/#primaryimage\"},\"thumbnailUrl\":\"https:\\\/\\\/costeira.wine\\\/wp-content\\\/uploads\\\/2021\\\/07\\\/cartel-recortado-para-post-1000x675-1.jpg\",\"datePublished\":\"2019-08-06T07:19:58+00:00\",\"dateModified\":\"2021-07-04T16:34:12+00:00\",\"description\":\"Ya a la venta las entradas para el nuevo festival que combina m\u00fasica y maridaje de vino: \u00a1Costeira Sonora! Te esperamos el 28 de septiembre.\",\"breadcrumb\":{\"@id\":\"https:\\\/\\\/costeira.wine\\\/costeira-sonora\\\/#breadcrumb\"},\"inLanguage\":\"en-US\",\"potentialAction\":[{\"@type\":\"ReadAction\",\"target\":[\"https:\\\/\\\/costeira.wine\\\/costeira-sonora\\\/\"]}]},{\"@type\":\"ImageObject\",\"inLanguage\":\"en-US\",\"@id\":\"https:\\\/\\\/costeira.wine\\\/costeira-sonora\\\/#primaryimage\",\"url\":\"https:\\\/\\\/costeira.wine\\\/wp-content\\\/uploads\\\/2021\\\/07\\\/cartel-recortado-para-post-1000x675-1.jpg\",\"contentUrl\":\"https:\\\/\\\/costeira.wine\\\/wp-content\\\/uploads\\\/2021\\\/07\\\/cartel-recortado-para-post-1000x675-1.jpg\",\"width\":1000,\"height\":675,\"caption\":\"Cartel Costeira Sonora\"},{\"@type\":\"BreadcrumbList\",\"@id\":\"https:\\\/\\\/costeira.wine\\\/costeira-sonora\\\/#breadcrumb\",\"itemListElement\":[{\"@type\":\"ListItem\",\"position\":1,\"name\":\"Portada\",\"item\":\"https:\\\/\\\/costeira.wine\\\/\"},{\"@type\":\"ListItem\",\"position\":2,\"name\":\"\u00c1ngel Stanich, El Meister y Las Chillers en el cartel de Costeira Sonora, la apuesta de Vi\u00f1a Costeira por el maridaje entre vinos y m\u00fasica\"}]},{\"@type\":\"WebSite\",\"@id\":\"https:\\\/\\\/costeira.wine\\\/#website\",\"url\":\"https:\\\/\\\/costeira.wine\\\/\",\"name\":\"Vi\u00f1a costeira\",\"description\":\"En la bodega Vi\u00f1a Costeira elaboramos vinos de D.O. Ribeiro y Valdeorras. Nuestros productos nos han convertido en la mejor bodega de Espa\u00f1a. \u00a1Con\u00f3cenos!\",\"publisher\":{\"@id\":\"https:\\\/\\\/costeira.wine\\\/#organization\"},\"potentialAction\":[{\"@type\":\"SearchAction\",\"target\":{\"@type\":\"EntryPoint\",\"urlTemplate\":\"https:\\\/\\\/costeira.wine\\\/?s={search_term_string}\"},\"query-input\":{\"@type\":\"PropertyValueSpecification\",\"valueRequired\":true,\"valueName\":\"search_term_string\"}}],\"inLanguage\":\"en-US\"},{\"@type\":\"Organization\",\"@id\":\"https:\\\/\\\/costeira.wine\\\/#organization\",\"name\":\"Vi\u00f1a costeira\",\"url\":\"https:\\\/\\\/costeira.wine\\\/\",\"logo\":{\"@type\":\"ImageObject\",\"inLanguage\":\"en-US\",\"@id\":\"https:\\\/\\\/costeira.wine\\\/#\\\/schema\\\/logo\\\/image\\\/\",\"url\":\"https:\\\/\\\/costeira.wine\\\/wp-content\\\/uploads\\\/2021\\\/06\\\/logo_vina_costeira.svg\",\"contentUrl\":\"https:\\\/\\\/costeira.wine\\\/wp-content\\\/uploads\\\/2021\\\/06\\\/logo_vina_costeira.svg\",\"width\":1024,\"height\":100,\"caption\":\"Vi\u00f1a costeira\"},\"image\":{\"@id\":\"https:\\\/\\\/costeira.wine\\\/#\\\/schema\\\/logo\\\/image\\\/\"},\"sameAs\":[\"https:\\\/\\\/www.facebook.com\\\/vinacosteira\\\/\",\"https:\\\/\\\/x.com\\\/costeira_es\",\"https:\\\/\\\/www.instagram.com\\\/costeira.es\\\/\",\"https:\\\/\\\/www.linkedin.com\\\/company\\\/vi\u00f1a-costeira\\\/\",\"https:\\\/\\\/www.youtube.com\\\/channel\\\/UCx-kNrCaW0EIlxNK7nBRyfA\"]},{\"@type\":\"Person\",\"@id\":\"https:\\\/\\\/costeira.wine\\\/#\\\/schema\\\/person\\\/be5cac9aab2eadddfb8f6f829e642362\",\"name\":\"webmaster\",\"image\":{\"@type\":\"ImageObject\",\"inLanguage\":\"en-US\",\"@id\":\"https:\\\/\\\/secure.gravatar.com\\\/avatar\\\/49c7ead4cffcc0453b699691d45aefa551451fc500d13aead9dbe3d1d8962b92?s=96&d=mm&r=g\",\"url\":\"https:\\\/\\\/secure.gravatar.com\\\/avatar\\\/49c7ead4cffcc0453b699691d45aefa551451fc500d13aead9dbe3d1d8962b92?s=96&d=mm&r=g\",\"contentUrl\":\"https:\\\/\\\/secure.gravatar.com\\\/avatar\\\/49c7ead4cffcc0453b699691d45aefa551451fc500d13aead9dbe3d1d8962b92?s=96&d=mm&r=g\",\"caption\":\"webmaster\"},\"sameAs\":[\"http:\\\/\\\/costeira.wine\"]}]}<\/script>\n<!-- \/ Yoast SEO plugin. -->","yoast_head_json":{"title":"\u00c1ngel Stanich, El Meister y Las Chillers en el cartel de Costeira Sonora, la apuesta de Vi\u00f1a Costeira por el maridaje entre vinos y m\u00fasica - Vi\u00f1a costeira","description":"Ya a la venta las entradas para el nuevo festival que combina m\u00fasica y maridaje de vino: \u00a1Costeira Sonora! Te esperamos el 28 de septiembre.","robots":{"index":"index","follow":"follow","max-snippet":"max-snippet:-1","max-image-preview":"max-image-preview:large","max-video-preview":"max-video-preview:-1"},"canonical":"https:\/\/costeira.wine\/costeira-sonora\/","og_locale":"en_US","og_type":"article","og_title":"\u00c1ngel Stanich, El Meister y Las Chillers en el cartel de Costeira Sonora, la apuesta de Vi\u00f1a Costeira por el maridaje entre vinos y m\u00fasica - Vi\u00f1a costeira","og_description":"Ya a la venta las entradas para el nuevo festival que combina m\u00fasica y maridaje de vino: \u00a1Costeira Sonora! Te esperamos el 28 de septiembre.","og_url":"https:\/\/costeira.wine\/costeira-sonora\/","og_site_name":"Vi\u00f1a costeira","article_publisher":"https:\/\/www.facebook.com\/vinacosteira\/","article_published_time":"2019-08-06T07:19:58+00:00","article_modified_time":"2021-07-04T16:34:12+00:00","og_image":[{"width":1000,"height":675,"url":"https:\/\/costeira.wine\/wp-content\/uploads\/2021\/07\/cartel-recortado-para-post-1000x675-1.jpg","type":"image\/jpeg"}],"author":"webmaster","twitter_card":"summary_large_image","twitter_creator":"@costeira_es","twitter_site":"@costeira_es","twitter_misc":{"Written by":"webmaster","Est. reading time":"5 minutes"},"schema":{"@context":"https:\/\/schema.org","@graph":[{"@type":"Article","@id":"https:\/\/costeira.wine\/costeira-sonora\/#article","isPartOf":{"@id":"https:\/\/costeira.wine\/costeira-sonora\/"},"author":{"name":"webmaster","@id":"https:\/\/costeira.wine\/#\/schema\/person\/be5cac9aab2eadddfb8f6f829e642362"},"headline":"\u00c1ngel Stanich, El Meister y Las Chillers en el cartel de Costeira Sonora, la apuesta de Vi\u00f1a Costeira por el maridaje entre vinos y m\u00fasica","datePublished":"2019-08-06T07:19:58+00:00","dateModified":"2021-07-04T16:34:12+00:00","mainEntityOfPage":{"@id":"https:\/\/costeira.wine\/costeira-sonora\/"},"wordCount":1063,"commentCount":0,"publisher":{"@id":"https:\/\/costeira.wine\/#organization"},"image":{"@id":"https:\/\/costeira.wine\/costeira-sonora\/#primaryimage"},"thumbnailUrl":"https:\/\/costeira.wine\/wp-content\/uploads\/2021\/07\/cartel-recortado-para-post-1000x675-1.jpg","articleSection":["Novedades"],"inLanguage":"en-US","potentialAction":[{"@type":"CommentAction","name":"Comment","target":["https:\/\/costeira.wine\/costeira-sonora\/#respond"]}]},{"@type":"WebPage","@id":"https:\/\/costeira.wine\/costeira-sonora\/","url":"https:\/\/costeira.wine\/costeira-sonora\/","name":"\u00c1ngel Stanich, El Meister y Las Chillers en el cartel de Costeira Sonora, la apuesta de Vi\u00f1a Costeira por el maridaje entre vinos y m\u00fasica - Vi\u00f1a costeira","isPartOf":{"@id":"https:\/\/costeira.wine\/#website"},"primaryImageOfPage":{"@id":"https:\/\/costeira.wine\/costeira-sonora\/#primaryimage"},"image":{"@id":"https:\/\/costeira.wine\/costeira-sonora\/#primaryimage"},"thumbnailUrl":"https:\/\/costeira.wine\/wp-content\/uploads\/2021\/07\/cartel-recortado-para-post-1000x675-1.jpg","datePublished":"2019-08-06T07:19:58+00:00","dateModified":"2021-07-04T16:34:12+00:00","description":"Ya a la venta las entradas para el nuevo festival que combina m\u00fasica y maridaje de vino: \u00a1Costeira Sonora! Te esperamos el 28 de septiembre.","breadcrumb":{"@id":"https:\/\/costeira.wine\/costeira-sonora\/#breadcrumb"},"inLanguage":"en-US","potentialAction":[{"@type":"ReadAction","target":["https:\/\/costeira.wine\/costeira-sonora\/"]}]},{"@type":"ImageObject","inLanguage":"en-US","@id":"https:\/\/costeira.wine\/costeira-sonora\/#primaryimage","url":"https:\/\/costeira.wine\/wp-content\/uploads\/2021\/07\/cartel-recortado-para-post-1000x675-1.jpg","contentUrl":"https:\/\/costeira.wine\/wp-content\/uploads\/2021\/07\/cartel-recortado-para-post-1000x675-1.jpg","width":1000,"height":675,"caption":"Cartel Costeira Sonora"},{"@type":"BreadcrumbList","@id":"https:\/\/costeira.wine\/costeira-sonora\/#breadcrumb","itemListElement":[{"@type":"ListItem","position":1,"name":"Portada","item":"https:\/\/costeira.wine\/"},{"@type":"ListItem","position":2,"name":"\u00c1ngel Stanich, El Meister y Las Chillers en el cartel de Costeira Sonora, la apuesta de Vi\u00f1a Costeira por el maridaje entre vinos y m\u00fasica"}]},{"@type":"WebSite","@id":"https:\/\/costeira.wine\/#website","url":"https:\/\/costeira.wine\/","name":"Vi\u00f1a costeira","description":"En la bodega Vi\u00f1a Costeira elaboramos vinos de D.O. Ribeiro y Valdeorras. Nuestros productos nos han convertido en la mejor bodega de Espa\u00f1a. \u00a1Con\u00f3cenos!","publisher":{"@id":"https:\/\/costeira.wine\/#organization"},"potentialAction":[{"@type":"SearchAction","target":{"@type":"EntryPoint","urlTemplate":"https:\/\/costeira.wine\/?s={search_term_string}"},"query-input":{"@type":"PropertyValueSpecification","valueRequired":true,"valueName":"search_term_string"}}],"inLanguage":"en-US"},{"@type":"Organization","@id":"https:\/\/costeira.wine\/#organization","name":"Vi\u00f1a costeira","url":"https:\/\/costeira.wine\/","logo":{"@type":"ImageObject","inLanguage":"en-US","@id":"https:\/\/costeira.wine\/#\/schema\/logo\/image\/","url":"https:\/\/costeira.wine\/wp-content\/uploads\/2021\/06\/logo_vina_costeira.svg","contentUrl":"https:\/\/costeira.wine\/wp-content\/uploads\/2021\/06\/logo_vina_costeira.svg","width":1024,"height":100,"caption":"Vi\u00f1a costeira"},"image":{"@id":"https:\/\/costeira.wine\/#\/schema\/logo\/image\/"},"sameAs":["https:\/\/www.facebook.com\/vinacosteira\/","https:\/\/x.com\/costeira_es","https:\/\/www.instagram.com\/costeira.es\/","https:\/\/www.linkedin.com\/company\/vi\u00f1a-costeira\/","https:\/\/www.youtube.com\/channel\/UCx-kNrCaW0EIlxNK7nBRyfA"]},{"@type":"Person","@id":"https:\/\/costeira.wine\/#\/schema\/person\/be5cac9aab2eadddfb8f6f829e642362","name":"webmaster","image":{"@type":"ImageObject","inLanguage":"en-US","@id":"https:\/\/secure.gravatar.com\/avatar\/49c7ead4cffcc0453b699691d45aefa551451fc500d13aead9dbe3d1d8962b92?s=96&d=mm&r=g","url":"https:\/\/secure.gravatar.com\/avatar\/49c7ead4cffcc0453b699691d45aefa551451fc500d13aead9dbe3d1d8962b92?s=96&d=mm&r=g","contentUrl":"https:\/\/secure.gravatar.com\/avatar\/49c7ead4cffcc0453b699691d45aefa551451fc500d13aead9dbe3d1d8962b92?s=96&d=mm&r=g","caption":"webmaster"},"sameAs":["http:\/\/costeira.wine"]}]}},"_links":{"self":[{"href":"https:\/\/costeira.wine\/en\/wp-json\/wp\/v2\/posts\/19888","targetHints":{"allow":["GET"]}}],"collection":[{"href":"https:\/\/costeira.wine\/en\/wp-json\/wp\/v2\/posts"}],"about":[{"href":"https:\/\/costeira.wine\/en\/wp-json\/wp\/v2\/types\/post"}],"author":[{"embeddable":true,"href":"https:\/\/costeira.wine\/en\/wp-json\/wp\/v2\/users\/1"}],"replies":[{"embeddable":true,"href":"https:\/\/costeira.wine\/en\/wp-json\/wp\/v2\/comments?post=19888"}],"version-history":[{"count":1,"href":"https:\/\/costeira.wine\/en\/wp-json\/wp\/v2\/posts\/19888\/revisions"}],"predecessor-version":[{"id":31903,"href":"https:\/\/costeira.wine\/en\/wp-json\/wp\/v2\/posts\/19888\/revisions\/31903"}],"wp:featuredmedia":[{"embeddable":true,"href":"https:\/\/costeira.wine\/en\/wp-json\/wp\/v2\/media\/31902"}],"wp:attachment":[{"href":"https:\/\/costeira.wine\/en\/wp-json\/wp\/v2\/media?parent=19888"}],"wp:term":[{"taxonomy":"category","embeddable":true,"href":"https:\/\/costeira.wine\/en\/wp-json\/wp\/v2\/categories?post=19888"},{"taxonomy":"post_tag","embeddable":true,"href":"https:\/\/costeira.wine\/en\/wp-json\/wp\/v2\/tags?post=19888"}],"curies":[{"name":"wp","href":"https:\/\/api.w.org\/{rel}","templated":true}]}}