{"id":232057,"date":"2024-01-24T22:46:48","date_gmt":"2024-01-24T21:46:48","guid":{"rendered":"https:\/\/costeira.wine\/?p=232057"},"modified":"2025-02-10T13:13:28","modified_gmt":"2025-02-10T12:13:28","slug":"como-empezar-organizar-una-boda","status":"publish","type":"post","link":"https:\/\/costeira.wine\/en\/como-empezar-organizar-una-boda\/","title":{"rendered":"C\u00f3mo empezar a organizar una boda: preguntas m\u00e1s frecuentes"},"content":{"rendered":"\t\t<div data-elementor-type=\"wp-post\" data-elementor-id=\"232057\" class=\"elementor elementor-232057\" data-elementor-post-type=\"post\">\n\t\t\t\t\t\t<section class=\"elementor-section elementor-top-section elementor-element elementor-element-2510ddba elementor-section-boxed elementor-section-height-default elementor-section-height-default\" data-id=\"2510ddba\" data-element_type=\"section\" data-e-type=\"section\" data-settings=\"{&quot;jet_parallax_layout_list&quot;:[]}\">\n\t\t\t\t\t\t<div class=\"elementor-container elementor-column-gap-default\">\n\t\t\t\t\t<div class=\"elementor-column elementor-col-100 elementor-top-column elementor-element elementor-element-6c1009a2\" data-id=\"6c1009a2\" data-element_type=\"column\" data-e-type=\"column\">\n\t\t\t<div class=\"elementor-widget-wrap elementor-element-populated\">\n\t\t\t\t\t\t<div class=\"elementor-element elementor-element-36632cb3 elementor-widget elementor-widget-text-editor\" data-id=\"36632cb3\" data-element_type=\"widget\" data-e-type=\"widget\" data-widget_type=\"text-editor.default\">\n\t\t\t\t<div class=\"elementor-widget-container\">\n\t\t\t\t\t\t\t\t\t<p><a href=\"https:\/\/costeira.wine\/bodas\/\"><img fetchpriority=\"high\" decoding=\"async\" src=\"https:\/\/costeira.wine\/wp-content\/uploads\/2024\/01\/efde86dc-7391-4ebe-850d-753bb5eb4f27-1-1024x682.jpg\" alt=\"C\u00f3mo empezar a organizar una boda: preguntas m\u00e1s frecuentes\" width=\"800\" height=\"533\" srcset=\"https:\/\/costeira.wine\/wp-content\/uploads\/2024\/01\/efde86dc-7391-4ebe-850d-753bb5eb4f27-1-1024x682.jpg 1024w, https:\/\/costeira.wine\/wp-content\/uploads\/2024\/01\/efde86dc-7391-4ebe-850d-753bb5eb4f27-1-300x200.jpg 300w, https:\/\/costeira.wine\/wp-content\/uploads\/2024\/01\/efde86dc-7391-4ebe-850d-753bb5eb4f27-1-768x512.jpg 768w, https:\/\/costeira.wine\/wp-content\/uploads\/2024\/01\/efde86dc-7391-4ebe-850d-753bb5eb4f27-1-1536x1023.jpg 1536w, https:\/\/costeira.wine\/wp-content\/uploads\/2024\/01\/efde86dc-7391-4ebe-850d-753bb5eb4f27-1-600x400.jpg 600w, https:\/\/costeira.wine\/wp-content\/uploads\/2024\/01\/efde86dc-7391-4ebe-850d-753bb5eb4f27-1.jpg 1600w\" sizes=\"(max-width: 800px) 100vw, 800px\"><\/a><\/p>\n<p><span style=\"font-weight: 400;\">El matrimonio marca uno de los hitos m\u00e1s significativos en la vida de una pareja, y c\u00f3mo empezar a organizar <\/span><b>una boda se plantea como una tarea muy meticulosa<\/b><span style=\"font-weight: 400;\">. Por eso es totalmente comprensible que surjan una serie de preguntas antes de dar el gran paso hacia esta nueva etapa.<\/span><\/p>\n<p><span style=\"font-weight: 400;\">En este art\u00edculo, te sumergir\u00e1s en algunas de <\/span><b>las inquietudes m\u00e1s comunes que suelen surgir antes de tu futuro enlace<\/b><span style=\"font-weight: 400;\">, ofreciendo respuestas que puedan ayudarte, por ejemplo, a tomar la primera de las decisiones: \u201c\u00bfen d\u00f3nde nos casamos?\u201d. <\/span><a href=\"https:\/\/costeira.wine\/vinedos\/finca-pazo-de-toubes\/\"><span style=\"font-weight: 400;\">Toubes<\/span><\/a><span style=\"font-weight: 400;\"> siempre es un acierto.<\/span><\/p>\n<p><span style=\"font-weight: 400;\">Estamos disponibles para vosotr@s y nos encanta ense\u00f1aros todos los rincones del Pazo para empezar a construir juntos vuestra boda de ensue\u00f1o. \u00a1Acomp\u00e1\u00f1anos en este recorrido hacia el &#8220;s\u00ed, quiero&#8221;!<\/span><\/p>\n<h2><b>C\u00f3mo empezar a organizar una boda<\/b><\/h2>\n<p><span style=\"font-weight: 400;\">Para un acontecimiento tan importante, saber por d\u00f3nde empezar te ayudar\u00e1 a dejar las cosas bien atadas antes de afrontar las preguntas m\u00e1s determinantes de tu enlace. Lo fundamental ser\u00e1 tener claro <\/span><b>qu\u00e9 cosas quieres que no falten en un d\u00eda tan especial<\/b><span style=\"font-weight: 400;\"> y empezar a abordar los asuntos claves.<\/span><\/p>\n<p><span style=\"font-weight: 400;\">Entre este tipo de asuntos encontrar\u00e1s la fecha y el lugar ideal, el vestuario de los novios, el men\u00fa del banquete, etc. Todo esto estar\u00e1 encarrilado en cuanto tengas claro una cosa muy importante que definir\u00e1 bastante una segunda igual de determinante: <\/span><b>los invitados y el presupuesto<\/b><span style=\"font-weight: 400;\">.<\/span><\/p>\n<p><span style=\"font-weight: 400;\">En cuanto a los invitados: en funci\u00f3n de cu\u00e1nta gente quieres que acuda a tu boda, la elecci\u00f3n del lugar, los cubiertos de la mesa o el n\u00famero de autobuses se ver\u00e1n m\u00e1s o menos alterados seg\u00fan cu\u00e1nto de grande o peque\u00f1o sea el grupo. Es decir, antes de hablar con proveedores o elegir el men\u00fa de la ceremonia, <\/span><b>los invitados tienen que estar claros para no descuadrar las cuentas<\/b><span style=\"font-weight: 400;\">.<\/span><\/p>\n<p><span style=\"font-weight: 400;\">En cuanto al presupuesto: en funci\u00f3n del n\u00famero de amigos y familiares que acudan a la celebraci\u00f3n, el gasto a tener en cuenta por cada uno de ellos determinar\u00e1 la cantidad de servicios que ser\u00e1n necesarios tener contratados. <\/span><b>No es lo mismo una boda de 40 personas que una de 150<\/b><span style=\"font-weight: 400;\">, ni por espacio, ni por transporte, ni por animaci\u00f3n.<\/span><\/p>\n<p><span style=\"font-weight: 400;\">A la hora de plantearse c\u00f3mo empezar a organizar una boda, sin duda, hay que preguntarse por el n\u00famero de asistentes, ya que definir\u00e1 gran parte del coste de la boda, y por el presupuesto, que <\/span><b>determinar\u00e1 qu\u00e9 tipo de boda puedes permitirte<\/b><span style=\"font-weight: 400;\">. Por suerte, en el Pazo brindamos nuestro servicio para cualquier tipo de celebraci\u00f3n y estamos encantados de resolver todas tus dudas.<\/span><\/p>\n<h2><b>P<\/b><b>reguntas m\u00e1s frecuentes<\/b><\/h2>\n<ul>\n<li style=\"font-weight: 400;\" aria-level=\"1\"><b>\u00bfCu\u00e1l es la capacidad m\u00e1xima de comensales?<\/b><\/li>\n<\/ul>\n<p><span style=\"font-weight: 400;\">Tenemos la capacidad de celebrar eventos de hasta 200 personas. En el interior, ofrecemos diversas opciones de montaje con capacidad para grupos de entre 6 y 20, seg\u00fan de requiera. En el exterior, disponemos de amplios jardines ideales para el aperitivo, as\u00ed como una espaciosa terraza con vistas espectaculares, perfecta para disfrutar de una fiesta con barra libre.<\/span><\/p>\n<ul>\n<li style=\"font-weight: 400;\" aria-level=\"1\"><b>&nbsp;\u00bfPodemos realizar la ceremonia en el Pazo?<\/b><\/li>\n<\/ul>\n<p><span style=\"font-weight: 400;\">\u00c9sta es una de las preguntas de boda m\u00e1s repetida. \u00a1Por supuesto que s\u00ed! En nuestras instalaciones podemos adaptar diferentes espacios para realizar vuestra ceremonia civil. Claro est\u00e1, nuestra opci\u00f3n favorita es junto a los vi\u00f1edos centenarios.<\/span><\/p>\n<ul>\n<li style=\"font-weight: 400;\" aria-level=\"1\"><b>\u00bfHay otros eventos el mismo d\u00eda de nuestra boda?&nbsp;<\/b><\/li>\n<\/ul>\n<p><span style=\"font-weight: 400;\">En bodas de m\u00e1s de 60 comensales hay <\/span><b>exclusividad<\/b><span style=\"font-weight: 400;\"> en el Pazo.<\/span><\/p>\n<ul>\n<li style=\"font-weight: 400;\" aria-level=\"1\"><b>\u00bfTen\u00e9is cocina propia?<\/b><\/li>\n<\/ul>\n<p><span style=\"font-weight: 400;\">S\u00ed, tenemos<\/span><a href=\"https:\/\/costeira.wine\/restaurante-pazo-de-toubes\/\"> <span style=\"font-weight: 400;\">restaurante<\/span><\/a><span style=\"font-weight: 400;\"> propio -recomendado por la<\/span><a href=\"https:\/\/www.guiarepsol.com\/es\/\"> <span style=\"font-weight: 400;\">Gu\u00eda Repsol<\/span><\/a><span style=\"font-weight: 400;\"> en 2023 y 2024- en el que adem\u00e1s podr\u00e9is disfrutar de nuestra gastronom\u00eda <\/span><b>en cualquier momento del a\u00f1o<\/b><span style=\"font-weight: 400;\">.<\/span><\/p>\n<ul>\n<li style=\"font-weight: 400;\" aria-level=\"1\"><b>\u00bfEs posible adaptar y modificar los men\u00fas?<\/b><\/li>\n<\/ul>\n<p><span style=\"font-weight: 400;\">\u00a1Claro! Nuestros<\/span><a href=\"https:\/\/costeira.wine\/bodas\/\"> <span style=\"font-weight: 400;\">men\u00fas<\/span><\/a><span style=\"font-weight: 400;\"> de boda se pueden personalizar totalmente a vuestro gusto.<\/span><\/p>\n<h3><b>Men\u00fas totalmente personalizados<\/b><\/h3>\n<ul>\n<li style=\"font-weight: 400;\" aria-level=\"1\"><b>\u00bfPuedo adaptar el men\u00fa en caso de invitad@s con alguna intolerancia? <\/b><span style=\"font-weight: 400;\">&nbsp;<\/span><\/li>\n<\/ul>\n<p><span style=\"font-weight: 400;\">\u00a1Sin problema! Podemos adaptar vuestros men\u00fas en caso de alergias o intolerancias alimentarias. Es m\u00e1s, <\/span><b>ofrecemos opciones veganas o vegetarianas<\/b><span style=\"font-weight: 400;\"> totalmente personalizadas.<\/span><\/p>\n<ul>\n<li style=\"font-weight: 400;\" aria-level=\"1\"><b>\u00bfTen\u00e9is exclusividad con alg\u00fan fot\u00f3graf@?<\/b><\/li>\n<\/ul>\n<p><span style=\"font-weight: 400;\">No, no la tenemos. Del mismo modo, si necesit\u00e1is ayuda con vuestra elecci\u00f3n, os podemos recomendar algun@s profesionales con l@s que solemos trabajar.<\/span><\/p>\n<ul>\n<li style=\"font-weight: 400;\" aria-level=\"1\"><b>\u00bfTen\u00e9is exclusividad con la m\u00fasica?<\/b><\/li>\n<\/ul>\n<p>No, tampoco la tenemos. Del mismo modo, si necesit\u00e1is ayuda con vuestra elecci\u00f3n, os podemos recomendar algun@s profesionales con l@s que solemos trabajar.<\/p>\n<ul>\n<li style=\"font-weight: 400;\" aria-level=\"1\"><b>\u00bfDispon\u00e9is de acceso para personas con movilidad reducida?<\/b><\/li>\n<\/ul>\n<p><span style=\"font-weight: 400;\">S\u00ed, contamos con accesos adaptados para el restaurante, la zona de aperitivo y de la ceremonia.<\/span><\/p>\n<ul>\n<li style=\"font-weight: 400;\" aria-level=\"1\"><b>\u00bfTenemos l\u00edmite de hora para nuestra celebraci\u00f3n?<\/b><\/li>\n<\/ul>\n<p><span style=\"font-weight: 400;\">No, no tenemos l\u00edmite. El l\u00edmite lo marca la barra libre.<\/span><\/p>\n<ul>\n<li style=\"font-weight: 400;\" aria-level=\"1\"><b>\u00bfPodemos llevar nosotros la tarta? \u00bfTiene alg\u00fan recargo?<\/b><\/li>\n<\/ul>\n<p><span style=\"font-weight: 400;\">\u00a1Claro! Pod\u00e9is traer vuestra propia tarta <\/span><b>sin ning\u00fan recargo<\/b><span style=\"font-weight: 400;\">. Por esto mismo, ser\u00e1 necesario que nos facilit\u00e9is la documentaci\u00f3n que garantice su trazabilidad alimentaria.<\/span><\/p>\n<h3><b>Opciones para los m\u00e1s peque\u00f1os<\/b><\/h3>\n<ul>\n<li style=\"font-weight: 400;\" aria-level=\"1\"><b>\u00bfTen\u00e9is men\u00fa infantil?<\/b><\/li>\n<\/ul>\n<p><span style=\"font-weight: 400;\">S\u00ed, contamos con un men\u00fa especial para los m\u00e1s peques con un coste de 35\u20ac. Consulta lo que incluye<\/span><a href=\"https:\/\/costeira.wine\/bodas\/\">&nbsp;<\/a><a href=\"https:\/\/costeira.wine\/wp-content\/uploads\/2025\/02\/Menu-infantil.pdf\" target=\"_blank\" style=\"font-family: var( --e-global-typography-text-font-family ), Sans-serif; font-size: var( --e-global-typography-text-font-size ); font-weight: var( --e-global-typography-text-font-weight );\">aqu\u00ed.<\/a><\/p>\n<ul>\n<li style=\"font-weight: 400;\" aria-level=\"1\"><b>\u00bfTienen alg\u00fan espacio disponible en caso de condiciones meteorol\u00f3gicas adversas?<\/b><\/li>\n<\/ul>\n<p><span style=\"font-weight: 400;\">S\u00ed, contamos con un plan B de interior, acondicionado para ello.<\/span><\/p>\n<ul>\n<li style=\"font-weight: 400;\" aria-level=\"1\"><b>\u00bfSe puede utilizar arroz o confeti?<\/b><\/li>\n<\/ul>\n<p><span style=\"font-weight: 400;\">Podemos valorar la posibilidad atendiendo al espacio de la celebraci\u00f3n. Los materiales deben ser siempre biodegradables puesto que nos encontramos en un entorno natural.<\/span><\/p>\n<ul>\n<li style=\"font-weight: 400;\" aria-level=\"1\"><b>\u00bfCu\u00e1ntas personas pueden ir a la prueba de men\u00fa?<\/b><\/li>\n<\/ul>\n<p><span style=\"font-weight: 400;\">El precio incluye la prueba de men\u00fa para 6 personas. Consultadnos si quer\u00e9is ampliar el n\u00famero de personas y os lo valoramos.<\/span><\/p>\n<ul>\n<li style=\"font-weight: 400;\" aria-level=\"1\"><b>A la hora de distribuir a los invitad@s, \u00bfcu\u00e1ntos entran en cada mesa?<\/b><\/li>\n<\/ul>\n<p><span style=\"font-weight: 400;\">En mesas redondas entre 6 y 10 personas. En mesas rectangulares podemos adaptarnos desde 6 personas hasta un m\u00e1ximo de 30. Os ayudaremos a realizar un plano para <\/span><b>realizar la distribuci\u00f3n a vuestro gusto<\/b><span style=\"font-weight: 400;\">.<\/span><\/p>\n<ul>\n<li style=\"font-weight: 400;\" aria-level=\"1\"><b>\u00bfQu\u00e9 tipo de mesas ten\u00e9is?<\/b><\/li>\n<\/ul>\n<p><span style=\"font-weight: 400;\">Contamos con mesas manteladas \u2013redondas y rectangulares- y mesas de madera. \u00a1Nos encanta combinarlas!<\/span><\/p>\n<ul>\n<li style=\"font-weight: 400;\" aria-level=\"1\"><b>\u00bfEst\u00e1 incluido el <\/b><b><i>seating plan<\/i><\/b><b> y las minutas?<\/b><\/li>\n<\/ul>\n<p><span style=\"font-weight: 400;\">S\u00ed, pod\u00e9is elegir entre nuestras propuestas o personalizar vuestro dise\u00f1o.<\/span><\/p>\n<ul>\n<li style=\"font-weight: 400;\" aria-level=\"1\"><b>\u00bfPodemos ampliar la barra libre?<\/b><\/li>\n<\/ul>\n<p><span style=\"font-weight: 400;\">\u00a1Claro! Seg\u00fan el n\u00famero de invitados, os podremos hacer una propuesta personalizada que se ajuste a vuestro presupuesto.<\/span><\/p>\n<ul>\n<li style=\"font-weight: 400;\" aria-level=\"1\"><b>\u00bfDispon\u00e9is de mobiliario?<\/b><\/li>\n<\/ul>\n<p><span style=\"font-weight: 400;\">S\u00ed, contamos con todo lo necesario para decorar vuestro espacio para la ceremonia y banquete. Tenemos sillas, mesas de diferentes estilos, sets de sof\u00e1s para crear distintos ambientes y un sof\u00e1 para ser el protagonista de vuestro \u201cs\u00ed, quiero\u201d.<\/span><\/p>\n<h3><b>Cocina tradicional con toques modernos<\/b><\/h3>\n<ul>\n<li style=\"font-weight: 400;\" aria-level=\"1\"><b>\u00bfCu\u00e1l es vuestro perfil gastron\u00f3mico?<\/b><\/li>\n<\/ul>\n<p><span style=\"font-weight: 400;\">En el<\/span><a href=\"https:\/\/costeira.wine\/restaurante-pazo-de-toubes\/\"> <span style=\"font-weight: 400;\">restaurante<\/span><\/a><span style=\"font-weight: 400;\"> del Pazo de Toubes ponemos de manifiesto el cuidado por la <\/span><b>cocina tradicional fusion\u00e1ndola con elaboraciones contempor\u00e1neas<\/b><span style=\"font-weight: 400;\"> que sorprenden a todos los comensales. En la cocina de Toubes trabajamos directamente con los productores, sin intermediarios, apostando por productos de calidad, ecol\u00f3gicos y de proximidad.<\/span><\/p>\n<p><span style=\"font-weight: 400;\">Cocinamos todo con mucho mimo y cuidado y eso lo ver\u00e9is reflejado en nuestros emplatados y creaciones finales.<\/span><\/p>\n<ul>\n<li style=\"font-weight: 400;\" aria-level=\"1\"><b>No queremos DJ. \u00bfPodemos poner nosotros m\u00fasica?<\/b><\/li>\n<\/ul>\n<p><span style=\"font-weight: 400;\">\u00a1Claro! Contamos con un equipo de m\u00fasica que os permitir\u00e1 reproducir vuestras canciones durante el aperitivo y la fiesta.<\/span><\/p>\n<ul>\n<li style=\"font-weight: 400;\" aria-level=\"1\"><b>\u00bfPodemos contratar m\u00fasica en directo para nuestra boda?<\/b><\/li>\n<\/ul>\n<p><span style=\"font-weight: 400;\">&nbsp;\u00a1S\u00ed! Os podemos facilitar una propuesta de nuestros proveedores, pero podr\u00edais contratar a un grupo externo. Es un puntazo para hacer vuestra boda m\u00e1s especial.<\/span><\/p>\n<ul>\n<li style=\"font-weight: 400;\" aria-level=\"1\"><b>\u00bfPodemos llevar decoraci\u00f3n de nuestra boda antes del d\u00eda del evento?<\/b><\/li>\n<\/ul>\n<p><span style=\"font-weight: 400;\">\u00a1Desde luego! Para nosotros es muy importante la planificaci\u00f3n previa y, especialmente, vuestra tranquilidad, por lo que podr\u00e9is acercaros al Pazo a dejar vuestros detalles antes de la boda.<\/span><\/p>\n<h2><b>Asesoramiento personalizado en cada decisi\u00f3n<\/b><\/h2>\n<p><span style=\"font-weight: 400;\">Si est\u00e1s pensando c\u00f3mo empezar a organizar una boda, en Pazo de Toubes, todos los miembros del equipo ser\u00e1n los encargados de <\/span><b>conseguir la boda de ensue\u00f1o<\/b><span style=\"font-weight: 400;\"> que busc\u00e1is. Estar\u00e1n a vuestro lado para aconsejaros y ayudaros con todos los detalles.&nbsp;<\/span><\/p>\n<p><span style=\"font-weight: 400;\">Adem\u00e1s, tambi\u00e9n os recomendar\u00e1n <\/span><b>servicios externos <\/b><span style=\"font-weight: 400;\">como DJ, hospedaje por la zona, transporte para los invitados, wedding planner, mesa dulce, etc.<\/span><\/p>\n<p><span style=\"font-weight: 400;\">Sabemos que casarse es un paso emocionante y trascendental en la vida de una pareja, y no es de extra\u00f1ar que surjan muchas preguntas antes del gran d\u00eda. Desde la elecci\u00f3n del lugar perfecto hasta <\/span><b>los detalles m\u00e1s \u00edntimos de la ceremonia<\/b><span style=\"font-weight: 400;\">, cada aspecto contribuye a la construcci\u00f3n de un recuerdo inolvidable.<\/span><\/p>\n<p><span style=\"font-weight: 400;\">\u00a1En el Pazo de Toubes, estamos encantados de ser parte de este proceso y resolver todas las dudas que puedan surgir!<\/span><\/p>\t\t\t\t\t\t\t\t<\/div>\n\t\t\t\t<\/div>\n\t\t\t\t\t<\/div>\n\t\t<\/div>\n\t\t\t\t\t<\/div>\n\t\t<\/section>\n\t\t\t\t<\/div>\n\t\t","protected":false},"excerpt":{"rendered":"<p>El matrimonio marca uno de los hitos m\u00e1s significativos en la vida de una pareja, y c\u00f3mo empezar a organizar una boda se plantea como una tarea muy meticulosa. Por eso es totalmente comprensible que surjan una serie de preguntas antes de dar el gran paso hacia esta nueva etapa. En este art\u00edculo, te sumergir\u00e1s [&hellip;]<\/p>\n","protected":false},"author":3,"featured_media":232775,"comment_status":"open","ping_status":"open","sticky":false,"template":"","format":"standard","meta":{"footnotes":""},"categories":[80],"tags":[228,230,231,247,246],"class_list":["post-232057","post","type-post","status-publish","format-standard","has-post-thumbnail","hentry","category-novedad","tag-bodas","tag-bodasentrevinedos","tag-bodasgalicia","tag-celebraciones","tag-pazodetoubes"],"yoast_head":"<!-- This site is optimized with the Yoast SEO plugin v27.5 - https:\/\/yoast.com\/product\/yoast-seo-wordpress\/ -->\n<title>C\u00f3mo empezar a organizar una boda: preguntas | Vi\u00f1a Costeira<\/title>\n<meta name=\"description\" content=\"Seguro que te preguntas c\u00f3mo empezar a organizar tu boda. Aqu\u00ed hacemos un repaso por las m\u00e1s frecuentes que debes tener en cuenta.\" \/>\n<meta name=\"robots\" content=\"index, follow, max-snippet:-1, max-image-preview:large, max-video-preview:-1\" \/>\n<link rel=\"canonical\" href=\"https:\/\/costeira.wine\/como-empezar-organizar-una-boda\/\" \/>\n<meta property=\"og:locale\" content=\"en_US\" \/>\n<meta property=\"og:type\" content=\"article\" \/>\n<meta property=\"og:title\" content=\"C\u00f3mo empezar a organizar una boda: preguntas | Vi\u00f1a Costeira\" \/>\n<meta property=\"og:description\" content=\"Seguro que te preguntas c\u00f3mo empezar a organizar tu boda. Aqu\u00ed hacemos un repaso por las m\u00e1s frecuentes que debes tener en cuenta.\" \/>\n<meta property=\"og:url\" content=\"https:\/\/costeira.wine\/como-empezar-organizar-una-boda\/\" \/>\n<meta property=\"og:site_name\" content=\"Vi\u00f1a costeira\" \/>\n<meta property=\"article:publisher\" content=\"https:\/\/www.facebook.com\/vinacosteira\/\" \/>\n<meta property=\"article:published_time\" content=\"2024-01-24T21:46:48+00:00\" \/>\n<meta property=\"article:modified_time\" content=\"2025-02-10T12:13:28+00:00\" \/>\n<meta property=\"og:image\" content=\"https:\/\/costeira.wine\/wp-content\/uploads\/2024\/01\/efde86dc-7391-4ebe-850d-753bb5eb4f27-1.jpg\" \/>\n\t<meta property=\"og:image:width\" content=\"1600\" \/>\n\t<meta property=\"og:image:height\" content=\"1066\" \/>\n\t<meta property=\"og:image:type\" content=\"image\/jpeg\" \/>\n<meta name=\"author\" content=\"redegal\" \/>\n<meta name=\"twitter:card\" content=\"summary_large_image\" \/>\n<meta name=\"twitter:creator\" content=\"@costeira_es\" \/>\n<meta name=\"twitter:site\" content=\"@costeira_es\" \/>\n<meta name=\"twitter:label1\" content=\"Written by\" \/>\n\t<meta name=\"twitter:data1\" content=\"redegal\" \/>\n\t<meta name=\"twitter:label2\" content=\"Est. reading time\" \/>\n\t<meta name=\"twitter:data2\" content=\"7 minutes\" \/>\n<script type=\"application\/ld+json\" class=\"yoast-schema-graph\">{\"@context\":\"https:\\\/\\\/schema.org\",\"@graph\":[{\"@type\":\"Article\",\"@id\":\"https:\\\/\\\/costeira.wine\\\/como-empezar-organizar-una-boda\\\/#article\",\"isPartOf\":{\"@id\":\"https:\\\/\\\/costeira.wine\\\/como-empezar-organizar-una-boda\\\/\"},\"author\":{\"name\":\"redegal\",\"@id\":\"https:\\\/\\\/costeira.wine\\\/#\\\/schema\\\/person\\\/51e7f4b3bd2168ae7a14e8c2642c1b5a\"},\"headline\":\"C\u00f3mo empezar a organizar una boda: preguntas m\u00e1s frecuentes\",\"datePublished\":\"2024-01-24T21:46:48+00:00\",\"dateModified\":\"2025-02-10T12:13:28+00:00\",\"mainEntityOfPage\":{\"@id\":\"https:\\\/\\\/costeira.wine\\\/como-empezar-organizar-una-boda\\\/\"},\"wordCount\":1473,\"commentCount\":0,\"publisher\":{\"@id\":\"https:\\\/\\\/costeira.wine\\\/#organization\"},\"image\":{\"@id\":\"https:\\\/\\\/costeira.wine\\\/como-empezar-organizar-una-boda\\\/#primaryimage\"},\"thumbnailUrl\":\"https:\\\/\\\/costeira.wine\\\/wp-content\\\/uploads\\\/2024\\\/01\\\/efde86dc-7391-4ebe-850d-753bb5eb4f27-1.jpg\",\"keywords\":[\"bodas\",\"bodasentrevi\u00f1edos\",\"bodasgalicia\",\"celebraciones\",\"pazodetoubes\"],\"articleSection\":[\"Novedades\"],\"inLanguage\":\"en-US\",\"potentialAction\":[{\"@type\":\"CommentAction\",\"name\":\"Comment\",\"target\":[\"https:\\\/\\\/costeira.wine\\\/como-empezar-organizar-una-boda\\\/#respond\"]}]},{\"@type\":\"WebPage\",\"@id\":\"https:\\\/\\\/costeira.wine\\\/como-empezar-organizar-una-boda\\\/\",\"url\":\"https:\\\/\\\/costeira.wine\\\/como-empezar-organizar-una-boda\\\/\",\"name\":\"C\u00f3mo empezar a organizar una boda: preguntas | Vi\u00f1a Costeira\",\"isPartOf\":{\"@id\":\"https:\\\/\\\/costeira.wine\\\/#website\"},\"primaryImageOfPage\":{\"@id\":\"https:\\\/\\\/costeira.wine\\\/como-empezar-organizar-una-boda\\\/#primaryimage\"},\"image\":{\"@id\":\"https:\\\/\\\/costeira.wine\\\/como-empezar-organizar-una-boda\\\/#primaryimage\"},\"thumbnailUrl\":\"https:\\\/\\\/costeira.wine\\\/wp-content\\\/uploads\\\/2024\\\/01\\\/efde86dc-7391-4ebe-850d-753bb5eb4f27-1.jpg\",\"datePublished\":\"2024-01-24T21:46:48+00:00\",\"dateModified\":\"2025-02-10T12:13:28+00:00\",\"description\":\"Seguro que te preguntas c\u00f3mo empezar a organizar tu boda. Aqu\u00ed hacemos un repaso por las m\u00e1s frecuentes que debes tener en cuenta.\",\"breadcrumb\":{\"@id\":\"https:\\\/\\\/costeira.wine\\\/como-empezar-organizar-una-boda\\\/#breadcrumb\"},\"inLanguage\":\"en-US\",\"potentialAction\":[{\"@type\":\"ReadAction\",\"target\":[\"https:\\\/\\\/costeira.wine\\\/como-empezar-organizar-una-boda\\\/\"]}]},{\"@type\":\"ImageObject\",\"inLanguage\":\"en-US\",\"@id\":\"https:\\\/\\\/costeira.wine\\\/como-empezar-organizar-una-boda\\\/#primaryimage\",\"url\":\"https:\\\/\\\/costeira.wine\\\/wp-content\\\/uploads\\\/2024\\\/01\\\/efde86dc-7391-4ebe-850d-753bb5eb4f27-1.jpg\",\"contentUrl\":\"https:\\\/\\\/costeira.wine\\\/wp-content\\\/uploads\\\/2024\\\/01\\\/efde86dc-7391-4ebe-850d-753bb5eb4f27-1.jpg\",\"width\":1600,\"height\":1066,\"caption\":\"C\u00f3mo empezar a organizar una boda: preguntas m\u00e1s frecuentes\"},{\"@type\":\"BreadcrumbList\",\"@id\":\"https:\\\/\\\/costeira.wine\\\/como-empezar-organizar-una-boda\\\/#breadcrumb\",\"itemListElement\":[{\"@type\":\"ListItem\",\"position\":1,\"name\":\"Portada\",\"item\":\"https:\\\/\\\/costeira.wine\\\/\"},{\"@type\":\"ListItem\",\"position\":2,\"name\":\"C\u00f3mo empezar a organizar una boda: preguntas m\u00e1s frecuentes\"}]},{\"@type\":\"WebSite\",\"@id\":\"https:\\\/\\\/costeira.wine\\\/#website\",\"url\":\"https:\\\/\\\/costeira.wine\\\/\",\"name\":\"Vi\u00f1a costeira\",\"description\":\"En la bodega Vi\u00f1a Costeira elaboramos vinos de D.O. Ribeiro y Valdeorras. Nuestros productos nos han convertido en la mejor bodega de Espa\u00f1a. \u00a1Con\u00f3cenos!\",\"publisher\":{\"@id\":\"https:\\\/\\\/costeira.wine\\\/#organization\"},\"potentialAction\":[{\"@type\":\"SearchAction\",\"target\":{\"@type\":\"EntryPoint\",\"urlTemplate\":\"https:\\\/\\\/costeira.wine\\\/?s={search_term_string}\"},\"query-input\":{\"@type\":\"PropertyValueSpecification\",\"valueRequired\":true,\"valueName\":\"search_term_string\"}}],\"inLanguage\":\"en-US\"},{\"@type\":\"Organization\",\"@id\":\"https:\\\/\\\/costeira.wine\\\/#organization\",\"name\":\"Vi\u00f1a costeira\",\"url\":\"https:\\\/\\\/costeira.wine\\\/\",\"logo\":{\"@type\":\"ImageObject\",\"inLanguage\":\"en-US\",\"@id\":\"https:\\\/\\\/costeira.wine\\\/#\\\/schema\\\/logo\\\/image\\\/\",\"url\":\"https:\\\/\\\/costeira.wine\\\/wp-content\\\/uploads\\\/2021\\\/06\\\/logo_vina_costeira.svg\",\"contentUrl\":\"https:\\\/\\\/costeira.wine\\\/wp-content\\\/uploads\\\/2021\\\/06\\\/logo_vina_costeira.svg\",\"width\":1024,\"height\":100,\"caption\":\"Vi\u00f1a costeira\"},\"image\":{\"@id\":\"https:\\\/\\\/costeira.wine\\\/#\\\/schema\\\/logo\\\/image\\\/\"},\"sameAs\":[\"https:\\\/\\\/www.facebook.com\\\/vinacosteira\\\/\",\"https:\\\/\\\/x.com\\\/costeira_es\",\"https:\\\/\\\/www.instagram.com\\\/costeira.es\\\/\",\"https:\\\/\\\/www.linkedin.com\\\/company\\\/vi\u00f1a-costeira\\\/\",\"https:\\\/\\\/www.youtube.com\\\/channel\\\/UCx-kNrCaW0EIlxNK7nBRyfA\"]},{\"@type\":\"Person\",\"@id\":\"https:\\\/\\\/costeira.wine\\\/#\\\/schema\\\/person\\\/51e7f4b3bd2168ae7a14e8c2642c1b5a\",\"name\":\"redegal\",\"image\":{\"@type\":\"ImageObject\",\"inLanguage\":\"en-US\",\"@id\":\"https:\\\/\\\/secure.gravatar.com\\\/avatar\\\/5bc87eca0f8374cf18ee9275a20edb77f0f92c6709f6be2485796bc045f07a86?s=96&d=mm&r=g\",\"url\":\"https:\\\/\\\/secure.gravatar.com\\\/avatar\\\/5bc87eca0f8374cf18ee9275a20edb77f0f92c6709f6be2485796bc045f07a86?s=96&d=mm&r=g\",\"contentUrl\":\"https:\\\/\\\/secure.gravatar.com\\\/avatar\\\/5bc87eca0f8374cf18ee9275a20edb77f0f92c6709f6be2485796bc045f07a86?s=96&d=mm&r=g\",\"caption\":\"redegal\"}}]}<\/script>\n<!-- \/ Yoast SEO plugin. -->","yoast_head_json":{"title":"C\u00f3mo empezar a organizar una boda: preguntas | Vi\u00f1a Costeira","description":"Seguro que te preguntas c\u00f3mo empezar a organizar tu boda. Aqu\u00ed hacemos un repaso por las m\u00e1s frecuentes que debes tener en cuenta.","robots":{"index":"index","follow":"follow","max-snippet":"max-snippet:-1","max-image-preview":"max-image-preview:large","max-video-preview":"max-video-preview:-1"},"canonical":"https:\/\/costeira.wine\/como-empezar-organizar-una-boda\/","og_locale":"en_US","og_type":"article","og_title":"C\u00f3mo empezar a organizar una boda: preguntas | Vi\u00f1a Costeira","og_description":"Seguro que te preguntas c\u00f3mo empezar a organizar tu boda. Aqu\u00ed hacemos un repaso por las m\u00e1s frecuentes que debes tener en cuenta.","og_url":"https:\/\/costeira.wine\/como-empezar-organizar-una-boda\/","og_site_name":"Vi\u00f1a costeira","article_publisher":"https:\/\/www.facebook.com\/vinacosteira\/","article_published_time":"2024-01-24T21:46:48+00:00","article_modified_time":"2025-02-10T12:13:28+00:00","og_image":[{"width":1600,"height":1066,"url":"https:\/\/costeira.wine\/wp-content\/uploads\/2024\/01\/efde86dc-7391-4ebe-850d-753bb5eb4f27-1.jpg","type":"image\/jpeg"}],"author":"redegal","twitter_card":"summary_large_image","twitter_creator":"@costeira_es","twitter_site":"@costeira_es","twitter_misc":{"Written by":"redegal","Est. reading time":"7 minutes"},"schema":{"@context":"https:\/\/schema.org","@graph":[{"@type":"Article","@id":"https:\/\/costeira.wine\/como-empezar-organizar-una-boda\/#article","isPartOf":{"@id":"https:\/\/costeira.wine\/como-empezar-organizar-una-boda\/"},"author":{"name":"redegal","@id":"https:\/\/costeira.wine\/#\/schema\/person\/51e7f4b3bd2168ae7a14e8c2642c1b5a"},"headline":"C\u00f3mo empezar a organizar una boda: preguntas m\u00e1s frecuentes","datePublished":"2024-01-24T21:46:48+00:00","dateModified":"2025-02-10T12:13:28+00:00","mainEntityOfPage":{"@id":"https:\/\/costeira.wine\/como-empezar-organizar-una-boda\/"},"wordCount":1473,"commentCount":0,"publisher":{"@id":"https:\/\/costeira.wine\/#organization"},"image":{"@id":"https:\/\/costeira.wine\/como-empezar-organizar-una-boda\/#primaryimage"},"thumbnailUrl":"https:\/\/costeira.wine\/wp-content\/uploads\/2024\/01\/efde86dc-7391-4ebe-850d-753bb5eb4f27-1.jpg","keywords":["bodas","bodasentrevi\u00f1edos","bodasgalicia","celebraciones","pazodetoubes"],"articleSection":["Novedades"],"inLanguage":"en-US","potentialAction":[{"@type":"CommentAction","name":"Comment","target":["https:\/\/costeira.wine\/como-empezar-organizar-una-boda\/#respond"]}]},{"@type":"WebPage","@id":"https:\/\/costeira.wine\/como-empezar-organizar-una-boda\/","url":"https:\/\/costeira.wine\/como-empezar-organizar-una-boda\/","name":"C\u00f3mo empezar a organizar una boda: preguntas | Vi\u00f1a Costeira","isPartOf":{"@id":"https:\/\/costeira.wine\/#website"},"primaryImageOfPage":{"@id":"https:\/\/costeira.wine\/como-empezar-organizar-una-boda\/#primaryimage"},"image":{"@id":"https:\/\/costeira.wine\/como-empezar-organizar-una-boda\/#primaryimage"},"thumbnailUrl":"https:\/\/costeira.wine\/wp-content\/uploads\/2024\/01\/efde86dc-7391-4ebe-850d-753bb5eb4f27-1.jpg","datePublished":"2024-01-24T21:46:48+00:00","dateModified":"2025-02-10T12:13:28+00:00","description":"Seguro que te preguntas c\u00f3mo empezar a organizar tu boda. Aqu\u00ed hacemos un repaso por las m\u00e1s frecuentes que debes tener en cuenta.","breadcrumb":{"@id":"https:\/\/costeira.wine\/como-empezar-organizar-una-boda\/#breadcrumb"},"inLanguage":"en-US","potentialAction":[{"@type":"ReadAction","target":["https:\/\/costeira.wine\/como-empezar-organizar-una-boda\/"]}]},{"@type":"ImageObject","inLanguage":"en-US","@id":"https:\/\/costeira.wine\/como-empezar-organizar-una-boda\/#primaryimage","url":"https:\/\/costeira.wine\/wp-content\/uploads\/2024\/01\/efde86dc-7391-4ebe-850d-753bb5eb4f27-1.jpg","contentUrl":"https:\/\/costeira.wine\/wp-content\/uploads\/2024\/01\/efde86dc-7391-4ebe-850d-753bb5eb4f27-1.jpg","width":1600,"height":1066,"caption":"C\u00f3mo empezar a organizar una boda: preguntas m\u00e1s frecuentes"},{"@type":"BreadcrumbList","@id":"https:\/\/costeira.wine\/como-empezar-organizar-una-boda\/#breadcrumb","itemListElement":[{"@type":"ListItem","position":1,"name":"Portada","item":"https:\/\/costeira.wine\/"},{"@type":"ListItem","position":2,"name":"C\u00f3mo empezar a organizar una boda: preguntas m\u00e1s frecuentes"}]},{"@type":"WebSite","@id":"https:\/\/costeira.wine\/#website","url":"https:\/\/costeira.wine\/","name":"Vi\u00f1a costeira","description":"En la bodega Vi\u00f1a Costeira elaboramos vinos de D.O. Ribeiro y Valdeorras. Nuestros productos nos han convertido en la mejor bodega de Espa\u00f1a. \u00a1Con\u00f3cenos!","publisher":{"@id":"https:\/\/costeira.wine\/#organization"},"potentialAction":[{"@type":"SearchAction","target":{"@type":"EntryPoint","urlTemplate":"https:\/\/costeira.wine\/?s={search_term_string}"},"query-input":{"@type":"PropertyValueSpecification","valueRequired":true,"valueName":"search_term_string"}}],"inLanguage":"en-US"},{"@type":"Organization","@id":"https:\/\/costeira.wine\/#organization","name":"Vi\u00f1a costeira","url":"https:\/\/costeira.wine\/","logo":{"@type":"ImageObject","inLanguage":"en-US","@id":"https:\/\/costeira.wine\/#\/schema\/logo\/image\/","url":"https:\/\/costeira.wine\/wp-content\/uploads\/2021\/06\/logo_vina_costeira.svg","contentUrl":"https:\/\/costeira.wine\/wp-content\/uploads\/2021\/06\/logo_vina_costeira.svg","width":1024,"height":100,"caption":"Vi\u00f1a costeira"},"image":{"@id":"https:\/\/costeira.wine\/#\/schema\/logo\/image\/"},"sameAs":["https:\/\/www.facebook.com\/vinacosteira\/","https:\/\/x.com\/costeira_es","https:\/\/www.instagram.com\/costeira.es\/","https:\/\/www.linkedin.com\/company\/vi\u00f1a-costeira\/","https:\/\/www.youtube.com\/channel\/UCx-kNrCaW0EIlxNK7nBRyfA"]},{"@type":"Person","@id":"https:\/\/costeira.wine\/#\/schema\/person\/51e7f4b3bd2168ae7a14e8c2642c1b5a","name":"redegal","image":{"@type":"ImageObject","inLanguage":"en-US","@id":"https:\/\/secure.gravatar.com\/avatar\/5bc87eca0f8374cf18ee9275a20edb77f0f92c6709f6be2485796bc045f07a86?s=96&d=mm&r=g","url":"https:\/\/secure.gravatar.com\/avatar\/5bc87eca0f8374cf18ee9275a20edb77f0f92c6709f6be2485796bc045f07a86?s=96&d=mm&r=g","contentUrl":"https:\/\/secure.gravatar.com\/avatar\/5bc87eca0f8374cf18ee9275a20edb77f0f92c6709f6be2485796bc045f07a86?s=96&d=mm&r=g","caption":"redegal"}}]}},"_links":{"self":[{"href":"https:\/\/costeira.wine\/en\/wp-json\/wp\/v2\/posts\/232057","targetHints":{"allow":["GET"]}}],"collection":[{"href":"https:\/\/costeira.wine\/en\/wp-json\/wp\/v2\/posts"}],"about":[{"href":"https:\/\/costeira.wine\/en\/wp-json\/wp\/v2\/types\/post"}],"author":[{"embeddable":true,"href":"https:\/\/costeira.wine\/en\/wp-json\/wp\/v2\/users\/3"}],"replies":[{"embeddable":true,"href":"https:\/\/costeira.wine\/en\/wp-json\/wp\/v2\/comments?post=232057"}],"version-history":[{"count":114,"href":"https:\/\/costeira.wine\/en\/wp-json\/wp\/v2\/posts\/232057\/revisions"}],"predecessor-version":[{"id":235310,"href":"https:\/\/costeira.wine\/en\/wp-json\/wp\/v2\/posts\/232057\/revisions\/235310"}],"wp:featuredmedia":[{"embeddable":true,"href":"https:\/\/costeira.wine\/en\/wp-json\/wp\/v2\/media\/232775"}],"wp:attachment":[{"href":"https:\/\/costeira.wine\/en\/wp-json\/wp\/v2\/media?parent=232057"}],"wp:term":[{"taxonomy":"category","embeddable":true,"href":"https:\/\/costeira.wine\/en\/wp-json\/wp\/v2\/categories?post=232057"},{"taxonomy":"post_tag","embeddable":true,"href":"https:\/\/costeira.wine\/en\/wp-json\/wp\/v2\/tags?post=232057"}],"curies":[{"name":"wp","href":"https:\/\/api.w.org\/{rel}","templated":true}]}}