{"id":23482,"date":"2019-09-02T08:53:59","date_gmt":"2019-09-02T06:53:59","guid":{"rendered":"https:\/\/costeira.wine\/?p=23467"},"modified":"2021-07-04T10:22:11","modified_gmt":"2021-07-04T10:22:11","slug":"cartel-completo-costeira-sonora","status":"publish","type":"post","link":"https:\/\/costeira.wine\/en\/cartel-completo-costeira-sonora\/","title":{"rendered":"Vi\u00f1a Costeira completa el cartel de Costeira Sonora con Eme DJ y DJake"},"content":{"rendered":"<p>Vi\u00f1a Costeira ha anunciado la incorporaci\u00f3n de los \u00faltimos dos nombres para completar el cartel de <a href=\"https:\/\/sonora.costeira.es\/\">COSTEIRA SONORA<\/a>, la apuesta de la bodega por el maridaje entre vinos y m\u00fasica, que se celebrar\u00e1 en el Pazo de Toubes (Cenlle) el \u00faltimo fin de semana de septiembre, coincidiendo previsiblemente con los \u00faltimos d\u00edas de la vendimia en la D.O. Ribeiro.<\/p>\n<p>El ourensano <strong>Jacobo Feij\u00f3o (DJAKE)<\/strong>, habitual en las cabinas de Malasa\u00f1a, ser\u00e1 el responsable de calentar el ambiente entre los conciertos, y la monfortina <strong>Marta Fierro (EME DJ)<\/strong>, reconocida como una de las pinchadiscos m\u00e1s importantes en la escena indie-disco en Espa\u00f1a de la \u00faltima d\u00e9cada, ser\u00e1 quien ponga la guinda a esta primera edici\u00f3n de Costeira Sonora, cerrando la noche.<\/p>\n<p>Estos \u00faltimos nombres vienen a sumarse a los que ya se conoc\u00edan: por los tres escenarios que se habilitar\u00e1n en el recinto del Pazo de Toubes pasar\u00e1n las propuestas del inclasificable y enigm\u00e1tico <strong>\u00c1ngel Stanich, en formato tr\u00edo, el folk entusiasta de El Meister, cantante de Arizona Baby y Corizonas, la verbena de las revolucionarias Las Chillers, la revelaci\u00f3n del soul nacional, Mar\u00eda Yfeu, y las texturas envolventes de la portuguesa Surma<\/strong>.<\/p>\n<p><strong>Desde las cinco da tarde<\/strong>, Costeira Sonora se extender\u00e1 hasta bien entrada la madrugada, con m\u00e1s de diez horas de m\u00fasica ininterrumpida que convertir\u00e1n al Ribeiro en el epicentro de la m\u00fasica independiente.<\/p>\n<h2>Entradas y transporte<\/h2>\n<p>El aforo del evento es limitado a 400 personas y las primeras entradas a precio promocional se agotaron en los primeros d\u00edas. La venta contin\u00faa en la plataforma Ataquilla.com a un<strong> precio de 30\u00a0<\/strong><strong>euros, con 5\u20ac m\u00e1s incluyendo transporte desde Ourense<\/strong>. La organizaci\u00f3n advierte de que, debido a la limitada capacidad de las v\u00edas que llegan al Pazo de Toubes, y para evitar incidentes, el acceso en coche al recinto estar\u00e1 restringido a la organizaci\u00f3n.<\/p>\n<p>Es por esto que se habilitar\u00e1 un <strong>servicio gratuito de lanzaderas<\/strong>, que funcionar\u00e1n durante todo el festival, cubriendo un <strong>trayecto circular entre Ribadavia, Leiro y Costeira Sonora<\/strong>. Vi\u00f1a Costeira apuesta por facilitar los desplazamientos seguros y ofrece conexi\u00f3n directa con Ourense, para poder prescindir del veh\u00edculo privado. Por solo 5 euros m\u00e1s, con la entrada al evento se puede reservar transporte desde el Parque de San L\u00e1zaro, en el centro de la capital, hasta la misma puerta del Pazo de Toubes, con regreso a la finalizaci\u00f3n de los conciertos.<\/p>\n","protected":false},"excerpt":{"rendered":"<p>Vi\u00f1a Costeira ha anunciado la incorporaci\u00f3n de los \u00faltimos dos nombres para completar el cartel de COSTEIRA SONORA, la apuesta de la bodega por el maridaje entre vinos y m\u00fasica, que se celebrar\u00e1 en el Pazo de Toubes (Cenlle) el \u00faltimo fin de semana de septiembre, coincidiendo previsiblemente con los \u00faltimos d\u00edas de la vendimia en la D.O. Ribeiro.<\/p>\n","protected":false},"author":1,"featured_media":31894,"comment_status":"open","ping_status":"open","sticky":false,"template":"","format":"standard","meta":{"footnotes":""},"categories":[80],"tags":[],"class_list":["post-23482","post","type-post","status-publish","format-standard","has-post-thumbnail","hentry","category-novedad"],"yoast_head":"<!-- This site is optimized with the Yoast SEO plugin v27.5 - https:\/\/yoast.com\/product\/yoast-seo-wordpress\/ -->\n<title>Vi\u00f1a Costeira completa el cartel de Costeira Sonora con Eme DJ y DJake - Vi\u00f1a costeira<\/title>\n<meta name=\"description\" content=\"El cartel de Costeira Sonora se completa con dos nuevos djs que ser\u00e1n la guinda a la celebraci\u00f3n del 28 de septiembre en Pazo de Toubes.\" \/>\n<meta name=\"robots\" content=\"index, follow, max-snippet:-1, max-image-preview:large, max-video-preview:-1\" \/>\n<link rel=\"canonical\" href=\"https:\/\/costeira.wine\/gl\/cartel-completo-costeira-sonora\/\" \/>\n<meta property=\"og:locale\" content=\"en_US\" \/>\n<meta property=\"og:type\" content=\"article\" \/>\n<meta property=\"og:title\" content=\"Vi\u00f1a Costeira completa el cartel de Costeira Sonora con Eme DJ y DJake - Vi\u00f1a costeira\" \/>\n<meta property=\"og:description\" content=\"El cartel de Costeira Sonora se completa con dos nuevos djs que ser\u00e1n la guinda a la celebraci\u00f3n del 28 de septiembre en Pazo de Toubes.\" \/>\n<meta property=\"og:url\" content=\"https:\/\/costeira.wine\/gl\/cartel-completo-costeira-sonora\/\" \/>\n<meta property=\"og:site_name\" content=\"Vi\u00f1a costeira\" \/>\n<meta property=\"article:publisher\" content=\"https:\/\/www.facebook.com\/vinacosteira\/\" \/>\n<meta property=\"article:published_time\" content=\"2019-09-02T06:53:59+00:00\" \/>\n<meta property=\"article:modified_time\" content=\"2021-07-04T10:22:11+00:00\" \/>\n<meta property=\"og:image\" content=\"https:\/\/costeira.wine\/wp-content\/uploads\/2021\/07\/00.cartel_cabecera_FB_820x360.jpg\" \/>\n\t<meta property=\"og:image:width\" content=\"820\" \/>\n\t<meta property=\"og:image:height\" content=\"360\" \/>\n\t<meta property=\"og:image:type\" content=\"image\/jpeg\" \/>\n<meta name=\"author\" content=\"webmaster\" \/>\n<meta name=\"twitter:card\" content=\"summary_large_image\" \/>\n<meta name=\"twitter:creator\" content=\"@costeira_es\" \/>\n<meta name=\"twitter:site\" content=\"@costeira_es\" \/>\n<meta name=\"twitter:label1\" content=\"Written by\" \/>\n\t<meta name=\"twitter:data1\" content=\"webmaster\" \/>\n\t<meta name=\"twitter:label2\" content=\"Est. reading time\" \/>\n\t<meta name=\"twitter:data2\" content=\"2 minutes\" \/>\n<script type=\"application\/ld+json\" class=\"yoast-schema-graph\">{\"@context\":\"https:\\\/\\\/schema.org\",\"@graph\":[{\"@type\":\"Article\",\"@id\":\"https:\\\/\\\/costeira.wine\\\/gl\\\/cartel-completo-costeira-sonora\\\/#article\",\"isPartOf\":{\"@id\":\"https:\\\/\\\/costeira.wine\\\/gl\\\/cartel-completo-costeira-sonora\\\/\"},\"author\":{\"name\":\"webmaster\",\"@id\":\"https:\\\/\\\/costeira.wine\\\/#\\\/schema\\\/person\\\/be5cac9aab2eadddfb8f6f829e642362\"},\"headline\":\"Vi\u00f1a Costeira completa el cartel de Costeira Sonora con Eme DJ y DJake\",\"datePublished\":\"2019-09-02T06:53:59+00:00\",\"dateModified\":\"2021-07-04T10:22:11+00:00\",\"mainEntityOfPage\":{\"@id\":\"https:\\\/\\\/costeira.wine\\\/gl\\\/cartel-completo-costeira-sonora\\\/\"},\"wordCount\":439,\"commentCount\":0,\"publisher\":{\"@id\":\"https:\\\/\\\/costeira.wine\\\/#organization\"},\"image\":{\"@id\":\"https:\\\/\\\/costeira.wine\\\/gl\\\/cartel-completo-costeira-sonora\\\/#primaryimage\"},\"thumbnailUrl\":\"https:\\\/\\\/costeira.wine\\\/wp-content\\\/uploads\\\/2021\\\/07\\\/00.cartel_cabecera_FB_820x360.jpg\",\"articleSection\":[\"Novedades\"],\"inLanguage\":\"en-US\",\"potentialAction\":[{\"@type\":\"CommentAction\",\"name\":\"Comment\",\"target\":[\"https:\\\/\\\/costeira.wine\\\/gl\\\/cartel-completo-costeira-sonora\\\/#respond\"]}]},{\"@type\":\"WebPage\",\"@id\":\"https:\\\/\\\/costeira.wine\\\/gl\\\/cartel-completo-costeira-sonora\\\/\",\"url\":\"https:\\\/\\\/costeira.wine\\\/gl\\\/cartel-completo-costeira-sonora\\\/\",\"name\":\"Vi\u00f1a Costeira completa el cartel de Costeira Sonora con Eme DJ y DJake - Vi\u00f1a costeira\",\"isPartOf\":{\"@id\":\"https:\\\/\\\/costeira.wine\\\/#website\"},\"primaryImageOfPage\":{\"@id\":\"https:\\\/\\\/costeira.wine\\\/gl\\\/cartel-completo-costeira-sonora\\\/#primaryimage\"},\"image\":{\"@id\":\"https:\\\/\\\/costeira.wine\\\/gl\\\/cartel-completo-costeira-sonora\\\/#primaryimage\"},\"thumbnailUrl\":\"https:\\\/\\\/costeira.wine\\\/wp-content\\\/uploads\\\/2021\\\/07\\\/00.cartel_cabecera_FB_820x360.jpg\",\"datePublished\":\"2019-09-02T06:53:59+00:00\",\"dateModified\":\"2021-07-04T10:22:11+00:00\",\"description\":\"El cartel de Costeira Sonora se completa con dos nuevos djs que ser\u00e1n la guinda a la celebraci\u00f3n del 28 de septiembre en Pazo de Toubes.\",\"breadcrumb\":{\"@id\":\"https:\\\/\\\/costeira.wine\\\/gl\\\/cartel-completo-costeira-sonora\\\/#breadcrumb\"},\"inLanguage\":\"en-US\",\"potentialAction\":[{\"@type\":\"ReadAction\",\"target\":[\"https:\\\/\\\/costeira.wine\\\/gl\\\/cartel-completo-costeira-sonora\\\/\"]}]},{\"@type\":\"ImageObject\",\"inLanguage\":\"en-US\",\"@id\":\"https:\\\/\\\/costeira.wine\\\/gl\\\/cartel-completo-costeira-sonora\\\/#primaryimage\",\"url\":\"https:\\\/\\\/costeira.wine\\\/wp-content\\\/uploads\\\/2021\\\/07\\\/00.cartel_cabecera_FB_820x360.jpg\",\"contentUrl\":\"https:\\\/\\\/costeira.wine\\\/wp-content\\\/uploads\\\/2021\\\/07\\\/00.cartel_cabecera_FB_820x360.jpg\",\"width\":820,\"height\":360,\"caption\":\"Cartel Costeira Sonora\"},{\"@type\":\"BreadcrumbList\",\"@id\":\"https:\\\/\\\/costeira.wine\\\/gl\\\/cartel-completo-costeira-sonora\\\/#breadcrumb\",\"itemListElement\":[{\"@type\":\"ListItem\",\"position\":1,\"name\":\"Portada\",\"item\":\"https:\\\/\\\/costeira.wine\\\/\"},{\"@type\":\"ListItem\",\"position\":2,\"name\":\"Vi\u00f1a Costeira completa el cartel de Costeira Sonora con Eme DJ y DJake\"}]},{\"@type\":\"WebSite\",\"@id\":\"https:\\\/\\\/costeira.wine\\\/#website\",\"url\":\"https:\\\/\\\/costeira.wine\\\/\",\"name\":\"Vi\u00f1a costeira\",\"description\":\"En la bodega Vi\u00f1a Costeira elaboramos vinos de D.O. Ribeiro y Valdeorras. Nuestros productos nos han convertido en la mejor bodega de Espa\u00f1a. \u00a1Con\u00f3cenos!\",\"publisher\":{\"@id\":\"https:\\\/\\\/costeira.wine\\\/#organization\"},\"potentialAction\":[{\"@type\":\"SearchAction\",\"target\":{\"@type\":\"EntryPoint\",\"urlTemplate\":\"https:\\\/\\\/costeira.wine\\\/?s={search_term_string}\"},\"query-input\":{\"@type\":\"PropertyValueSpecification\",\"valueRequired\":true,\"valueName\":\"search_term_string\"}}],\"inLanguage\":\"en-US\"},{\"@type\":\"Organization\",\"@id\":\"https:\\\/\\\/costeira.wine\\\/#organization\",\"name\":\"Vi\u00f1a costeira\",\"url\":\"https:\\\/\\\/costeira.wine\\\/\",\"logo\":{\"@type\":\"ImageObject\",\"inLanguage\":\"en-US\",\"@id\":\"https:\\\/\\\/costeira.wine\\\/#\\\/schema\\\/logo\\\/image\\\/\",\"url\":\"https:\\\/\\\/costeira.wine\\\/wp-content\\\/uploads\\\/2021\\\/06\\\/logo_vina_costeira.svg\",\"contentUrl\":\"https:\\\/\\\/costeira.wine\\\/wp-content\\\/uploads\\\/2021\\\/06\\\/logo_vina_costeira.svg\",\"width\":1024,\"height\":100,\"caption\":\"Vi\u00f1a costeira\"},\"image\":{\"@id\":\"https:\\\/\\\/costeira.wine\\\/#\\\/schema\\\/logo\\\/image\\\/\"},\"sameAs\":[\"https:\\\/\\\/www.facebook.com\\\/vinacosteira\\\/\",\"https:\\\/\\\/x.com\\\/costeira_es\",\"https:\\\/\\\/www.instagram.com\\\/costeira.es\\\/\",\"https:\\\/\\\/www.linkedin.com\\\/company\\\/vi\u00f1a-costeira\\\/\",\"https:\\\/\\\/www.youtube.com\\\/channel\\\/UCx-kNrCaW0EIlxNK7nBRyfA\"]},{\"@type\":\"Person\",\"@id\":\"https:\\\/\\\/costeira.wine\\\/#\\\/schema\\\/person\\\/be5cac9aab2eadddfb8f6f829e642362\",\"name\":\"webmaster\",\"image\":{\"@type\":\"ImageObject\",\"inLanguage\":\"en-US\",\"@id\":\"https:\\\/\\\/secure.gravatar.com\\\/avatar\\\/49c7ead4cffcc0453b699691d45aefa551451fc500d13aead9dbe3d1d8962b92?s=96&d=mm&r=g\",\"url\":\"https:\\\/\\\/secure.gravatar.com\\\/avatar\\\/49c7ead4cffcc0453b699691d45aefa551451fc500d13aead9dbe3d1d8962b92?s=96&d=mm&r=g\",\"contentUrl\":\"https:\\\/\\\/secure.gravatar.com\\\/avatar\\\/49c7ead4cffcc0453b699691d45aefa551451fc500d13aead9dbe3d1d8962b92?s=96&d=mm&r=g\",\"caption\":\"webmaster\"},\"sameAs\":[\"http:\\\/\\\/costeira.wine\"]}]}<\/script>\n<!-- \/ Yoast SEO plugin. -->","yoast_head_json":{"title":"Vi\u00f1a Costeira completa el cartel de Costeira Sonora con Eme DJ y DJake - Vi\u00f1a costeira","description":"El cartel de Costeira Sonora se completa con dos nuevos djs que ser\u00e1n la guinda a la celebraci\u00f3n del 28 de septiembre en Pazo de Toubes.","robots":{"index":"index","follow":"follow","max-snippet":"max-snippet:-1","max-image-preview":"max-image-preview:large","max-video-preview":"max-video-preview:-1"},"canonical":"https:\/\/costeira.wine\/gl\/cartel-completo-costeira-sonora\/","og_locale":"en_US","og_type":"article","og_title":"Vi\u00f1a Costeira completa el cartel de Costeira Sonora con Eme DJ y DJake - Vi\u00f1a costeira","og_description":"El cartel de Costeira Sonora se completa con dos nuevos djs que ser\u00e1n la guinda a la celebraci\u00f3n del 28 de septiembre en Pazo de Toubes.","og_url":"https:\/\/costeira.wine\/gl\/cartel-completo-costeira-sonora\/","og_site_name":"Vi\u00f1a costeira","article_publisher":"https:\/\/www.facebook.com\/vinacosteira\/","article_published_time":"2019-09-02T06:53:59+00:00","article_modified_time":"2021-07-04T10:22:11+00:00","og_image":[{"width":820,"height":360,"url":"https:\/\/costeira.wine\/wp-content\/uploads\/2021\/07\/00.cartel_cabecera_FB_820x360.jpg","type":"image\/jpeg"}],"author":"webmaster","twitter_card":"summary_large_image","twitter_creator":"@costeira_es","twitter_site":"@costeira_es","twitter_misc":{"Written by":"webmaster","Est. reading time":"2 minutes"},"schema":{"@context":"https:\/\/schema.org","@graph":[{"@type":"Article","@id":"https:\/\/costeira.wine\/gl\/cartel-completo-costeira-sonora\/#article","isPartOf":{"@id":"https:\/\/costeira.wine\/gl\/cartel-completo-costeira-sonora\/"},"author":{"name":"webmaster","@id":"https:\/\/costeira.wine\/#\/schema\/person\/be5cac9aab2eadddfb8f6f829e642362"},"headline":"Vi\u00f1a Costeira completa el cartel de Costeira Sonora con Eme DJ y DJake","datePublished":"2019-09-02T06:53:59+00:00","dateModified":"2021-07-04T10:22:11+00:00","mainEntityOfPage":{"@id":"https:\/\/costeira.wine\/gl\/cartel-completo-costeira-sonora\/"},"wordCount":439,"commentCount":0,"publisher":{"@id":"https:\/\/costeira.wine\/#organization"},"image":{"@id":"https:\/\/costeira.wine\/gl\/cartel-completo-costeira-sonora\/#primaryimage"},"thumbnailUrl":"https:\/\/costeira.wine\/wp-content\/uploads\/2021\/07\/00.cartel_cabecera_FB_820x360.jpg","articleSection":["Novedades"],"inLanguage":"en-US","potentialAction":[{"@type":"CommentAction","name":"Comment","target":["https:\/\/costeira.wine\/gl\/cartel-completo-costeira-sonora\/#respond"]}]},{"@type":"WebPage","@id":"https:\/\/costeira.wine\/gl\/cartel-completo-costeira-sonora\/","url":"https:\/\/costeira.wine\/gl\/cartel-completo-costeira-sonora\/","name":"Vi\u00f1a Costeira completa el cartel de Costeira Sonora con Eme DJ y DJake - Vi\u00f1a costeira","isPartOf":{"@id":"https:\/\/costeira.wine\/#website"},"primaryImageOfPage":{"@id":"https:\/\/costeira.wine\/gl\/cartel-completo-costeira-sonora\/#primaryimage"},"image":{"@id":"https:\/\/costeira.wine\/gl\/cartel-completo-costeira-sonora\/#primaryimage"},"thumbnailUrl":"https:\/\/costeira.wine\/wp-content\/uploads\/2021\/07\/00.cartel_cabecera_FB_820x360.jpg","datePublished":"2019-09-02T06:53:59+00:00","dateModified":"2021-07-04T10:22:11+00:00","description":"El cartel de Costeira Sonora se completa con dos nuevos djs que ser\u00e1n la guinda a la celebraci\u00f3n del 28 de septiembre en Pazo de Toubes.","breadcrumb":{"@id":"https:\/\/costeira.wine\/gl\/cartel-completo-costeira-sonora\/#breadcrumb"},"inLanguage":"en-US","potentialAction":[{"@type":"ReadAction","target":["https:\/\/costeira.wine\/gl\/cartel-completo-costeira-sonora\/"]}]},{"@type":"ImageObject","inLanguage":"en-US","@id":"https:\/\/costeira.wine\/gl\/cartel-completo-costeira-sonora\/#primaryimage","url":"https:\/\/costeira.wine\/wp-content\/uploads\/2021\/07\/00.cartel_cabecera_FB_820x360.jpg","contentUrl":"https:\/\/costeira.wine\/wp-content\/uploads\/2021\/07\/00.cartel_cabecera_FB_820x360.jpg","width":820,"height":360,"caption":"Cartel Costeira Sonora"},{"@type":"BreadcrumbList","@id":"https:\/\/costeira.wine\/gl\/cartel-completo-costeira-sonora\/#breadcrumb","itemListElement":[{"@type":"ListItem","position":1,"name":"Portada","item":"https:\/\/costeira.wine\/"},{"@type":"ListItem","position":2,"name":"Vi\u00f1a Costeira completa el cartel de Costeira Sonora con Eme DJ y DJake"}]},{"@type":"WebSite","@id":"https:\/\/costeira.wine\/#website","url":"https:\/\/costeira.wine\/","name":"Vi\u00f1a costeira","description":"En la bodega Vi\u00f1a Costeira elaboramos vinos de D.O. Ribeiro y Valdeorras. Nuestros productos nos han convertido en la mejor bodega de Espa\u00f1a. \u00a1Con\u00f3cenos!","publisher":{"@id":"https:\/\/costeira.wine\/#organization"},"potentialAction":[{"@type":"SearchAction","target":{"@type":"EntryPoint","urlTemplate":"https:\/\/costeira.wine\/?s={search_term_string}"},"query-input":{"@type":"PropertyValueSpecification","valueRequired":true,"valueName":"search_term_string"}}],"inLanguage":"en-US"},{"@type":"Organization","@id":"https:\/\/costeira.wine\/#organization","name":"Vi\u00f1a costeira","url":"https:\/\/costeira.wine\/","logo":{"@type":"ImageObject","inLanguage":"en-US","@id":"https:\/\/costeira.wine\/#\/schema\/logo\/image\/","url":"https:\/\/costeira.wine\/wp-content\/uploads\/2021\/06\/logo_vina_costeira.svg","contentUrl":"https:\/\/costeira.wine\/wp-content\/uploads\/2021\/06\/logo_vina_costeira.svg","width":1024,"height":100,"caption":"Vi\u00f1a costeira"},"image":{"@id":"https:\/\/costeira.wine\/#\/schema\/logo\/image\/"},"sameAs":["https:\/\/www.facebook.com\/vinacosteira\/","https:\/\/x.com\/costeira_es","https:\/\/www.instagram.com\/costeira.es\/","https:\/\/www.linkedin.com\/company\/vi\u00f1a-costeira\/","https:\/\/www.youtube.com\/channel\/UCx-kNrCaW0EIlxNK7nBRyfA"]},{"@type":"Person","@id":"https:\/\/costeira.wine\/#\/schema\/person\/be5cac9aab2eadddfb8f6f829e642362","name":"webmaster","image":{"@type":"ImageObject","inLanguage":"en-US","@id":"https:\/\/secure.gravatar.com\/avatar\/49c7ead4cffcc0453b699691d45aefa551451fc500d13aead9dbe3d1d8962b92?s=96&d=mm&r=g","url":"https:\/\/secure.gravatar.com\/avatar\/49c7ead4cffcc0453b699691d45aefa551451fc500d13aead9dbe3d1d8962b92?s=96&d=mm&r=g","contentUrl":"https:\/\/secure.gravatar.com\/avatar\/49c7ead4cffcc0453b699691d45aefa551451fc500d13aead9dbe3d1d8962b92?s=96&d=mm&r=g","caption":"webmaster"},"sameAs":["http:\/\/costeira.wine"]}]}},"_links":{"self":[{"href":"https:\/\/costeira.wine\/en\/wp-json\/wp\/v2\/posts\/23482","targetHints":{"allow":["GET"]}}],"collection":[{"href":"https:\/\/costeira.wine\/en\/wp-json\/wp\/v2\/posts"}],"about":[{"href":"https:\/\/costeira.wine\/en\/wp-json\/wp\/v2\/types\/post"}],"author":[{"embeddable":true,"href":"https:\/\/costeira.wine\/en\/wp-json\/wp\/v2\/users\/1"}],"replies":[{"embeddable":true,"href":"https:\/\/costeira.wine\/en\/wp-json\/wp\/v2\/comments?post=23482"}],"version-history":[{"count":1,"href":"https:\/\/costeira.wine\/en\/wp-json\/wp\/v2\/posts\/23482\/revisions"}],"predecessor-version":[{"id":31895,"href":"https:\/\/costeira.wine\/en\/wp-json\/wp\/v2\/posts\/23482\/revisions\/31895"}],"wp:featuredmedia":[{"embeddable":true,"href":"https:\/\/costeira.wine\/en\/wp-json\/wp\/v2\/media\/31894"}],"wp:attachment":[{"href":"https:\/\/costeira.wine\/en\/wp-json\/wp\/v2\/media?parent=23482"}],"wp:term":[{"taxonomy":"category","embeddable":true,"href":"https:\/\/costeira.wine\/en\/wp-json\/wp\/v2\/categories?post=23482"},{"taxonomy":"post_tag","embeddable":true,"href":"https:\/\/costeira.wine\/en\/wp-json\/wp\/v2\/tags?post=23482"}],"curies":[{"name":"wp","href":"https:\/\/api.w.org\/{rel}","templated":true}]}}