{"id":23498,"date":"2016-12-08T12:00:24","date_gmt":"2016-12-08T11:00:24","guid":{"rendered":"https:\/\/costeira.wine\/?p=3004"},"modified":"2016-12-08T12:00:24","modified_gmt":"2016-12-08T11:00:24","slug":"collecciom-68-treixadura-and-vina-costeira-mencia-awarded-at-the-iwc-2017","status":"publish","type":"post","link":"https:\/\/costeira.wine\/en\/collecciom-68-treixadura-and-vina-costeira-mencia-awarded-at-the-iwc-2017\/","title":{"rendered":"Collecci\u00f3m 68 Treixadura and Vi\u00f1a Costeira Menc\u00eda, awarded at the IWC 2017"},"content":{"rendered":"<h2 class=\"subtitulo-costeira\">Christmas<\/h2>\n<p>While we wait for <span style=\"font-weight: bold;\">Christmas<\/span>, our winery begins to receive good news and to collect the fruits of the work of the whole year as <span style=\"font-weight: bold;\">prizes<\/span>.<\/p>\n<p>In this case, we got two awards in <span style=\"font-weight: bold;\">Tranche 1 of the prestigious IWC London 2017<\/span>, in which our <span style=\"font-weight: bold;\">Treixadura 2015 Collection<\/span> has received a <span style=\"font-weight: bold;\">bronze medal<\/span>, while the<span style=\"font-weight: bold;\"> Vi\u00f1a Costeira Menc\u00eda 2015<\/span>, in its first participation, has achieved a <span style=\"font-weight: bold;\">silver medal<\/span>.<\/p>\n<p>Undoubtedly, this is an acknowledgment of the effort and work of the Vi\u00f1a Costeira team in the development of new products and in the constant care and pampering with which we treat our reference wines.<\/p>\n<p>Achieving these awards reinforces our vision of what we want to be as winery and makes us <span style=\"font-weight: bold;\">optimistic<\/span> to continue working in the search of new horizons and challenges.<\/p>\n","protected":false},"excerpt":{"rendered":"<p>Christmas While we wait for Christmas, our winery begins to receive good news and to collect the fruits of the work of the whole year as prizes. In this case, we got two awards in Tranche 1 of the prestigious IWC London 2017, in which our Treixadura 2015 Collection has received a bronze medal, while [&hellip;]<\/p>\n","protected":false},"author":1,"featured_media":22152,"comment_status":"open","ping_status":"open","sticky":false,"template":"","format":"standard","meta":{"footnotes":""},"categories":[81],"tags":[],"class_list":["post-23498","post","type-post","status-publish","format-standard","has-post-thumbnail","hentry","category-new"],"yoast_head":"<!-- This site is optimized with the Yoast SEO plugin v27.5 - https:\/\/yoast.com\/product\/yoast-seo-wordpress\/ -->\n<title>Collecci\u00f3m 68 Treixadura and Vi\u00f1a Costeira Menc\u00eda, awarded at the IWC 2017 - Vi\u00f1a costeira<\/title>\n<meta name=\"description\" content=\"%\" \/>\n<meta name=\"robots\" content=\"index, follow, max-snippet:-1, max-image-preview:large, max-video-preview:-1\" \/>\n<link rel=\"canonical\" href=\"https:\/\/costeira.wine\/collecciom-68-treixadura-and-vina-costeira-mencia-awarded-at-the-iwc-2017\/\" \/>\n<meta property=\"og:locale\" content=\"en_US\" \/>\n<meta property=\"og:type\" content=\"article\" \/>\n<meta property=\"og:title\" content=\"Collecci\u00f3m 68 Treixadura and Vi\u00f1a Costeira Menc\u00eda, awarded at the IWC 2017 - Vi\u00f1a costeira\" \/>\n<meta property=\"og:description\" content=\"%\" \/>\n<meta property=\"og:url\" content=\"https:\/\/costeira.wine\/collecciom-68-treixadura-and-vina-costeira-mencia-awarded-at-the-iwc-2017\/\" \/>\n<meta property=\"og:site_name\" content=\"Vi\u00f1a costeira\" \/>\n<meta property=\"article:publisher\" content=\"https:\/\/www.facebook.com\/vinacosteira\/\" \/>\n<meta property=\"article:published_time\" content=\"2016-12-08T11:00:24+00:00\" \/>\n<meta property=\"og:image\" content=\"https:\/\/costeira.wine\/wp-content\/uploads\/2021\/07\/costeira_estrellas_000175-low-980x653-1.jpg\" \/>\n\t<meta property=\"og:image:width\" content=\"980\" \/>\n\t<meta property=\"og:image:height\" content=\"653\" \/>\n\t<meta property=\"og:image:type\" content=\"image\/jpeg\" \/>\n<meta name=\"author\" content=\"webmaster\" \/>\n<meta name=\"twitter:card\" content=\"summary_large_image\" \/>\n<meta name=\"twitter:creator\" content=\"@costeira_es\" \/>\n<meta name=\"twitter:site\" content=\"@costeira_es\" \/>\n<meta name=\"twitter:label1\" content=\"Written by\" \/>\n\t<meta name=\"twitter:data1\" content=\"webmaster\" \/>\n\t<meta name=\"twitter:label2\" content=\"Est. reading time\" \/>\n\t<meta name=\"twitter:data2\" content=\"1 minute\" \/>\n<script type=\"application\/ld+json\" class=\"yoast-schema-graph\">{\"@context\":\"https:\\\/\\\/schema.org\",\"@graph\":[{\"@type\":\"Article\",\"@id\":\"https:\\\/\\\/costeira.wine\\\/collecciom-68-treixadura-and-vina-costeira-mencia-awarded-at-the-iwc-2017\\\/#article\",\"isPartOf\":{\"@id\":\"https:\\\/\\\/costeira.wine\\\/collecciom-68-treixadura-and-vina-costeira-mencia-awarded-at-the-iwc-2017\\\/\"},\"author\":{\"name\":\"webmaster\",\"@id\":\"https:\\\/\\\/costeira.wine\\\/#\\\/schema\\\/person\\\/be5cac9aab2eadddfb8f6f829e642362\"},\"headline\":\"Collecci\u00f3m 68 Treixadura and Vi\u00f1a Costeira Menc\u00eda, awarded at the IWC 2017\",\"datePublished\":\"2016-12-08T11:00:24+00:00\",\"mainEntityOfPage\":{\"@id\":\"https:\\\/\\\/costeira.wine\\\/collecciom-68-treixadura-and-vina-costeira-mencia-awarded-at-the-iwc-2017\\\/\"},\"wordCount\":145,\"commentCount\":0,\"publisher\":{\"@id\":\"https:\\\/\\\/costeira.wine\\\/#organization\"},\"image\":{\"@id\":\"https:\\\/\\\/costeira.wine\\\/collecciom-68-treixadura-and-vina-costeira-mencia-awarded-at-the-iwc-2017\\\/#primaryimage\"},\"thumbnailUrl\":\"\",\"articleSection\":[\"New\"],\"inLanguage\":\"en-US\",\"potentialAction\":[{\"@type\":\"CommentAction\",\"name\":\"Comment\",\"target\":[\"https:\\\/\\\/costeira.wine\\\/collecciom-68-treixadura-and-vina-costeira-mencia-awarded-at-the-iwc-2017\\\/#respond\"]}]},{\"@type\":\"WebPage\",\"@id\":\"https:\\\/\\\/costeira.wine\\\/collecciom-68-treixadura-and-vina-costeira-mencia-awarded-at-the-iwc-2017\\\/\",\"url\":\"https:\\\/\\\/costeira.wine\\\/collecciom-68-treixadura-and-vina-costeira-mencia-awarded-at-the-iwc-2017\\\/\",\"name\":\"Collecci\u00f3m 68 Treixadura and Vi\u00f1a Costeira Menc\u00eda, awarded at the IWC 2017 - Vi\u00f1a costeira\",\"isPartOf\":{\"@id\":\"https:\\\/\\\/costeira.wine\\\/#website\"},\"primaryImageOfPage\":{\"@id\":\"https:\\\/\\\/costeira.wine\\\/collecciom-68-treixadura-and-vina-costeira-mencia-awarded-at-the-iwc-2017\\\/#primaryimage\"},\"image\":{\"@id\":\"https:\\\/\\\/costeira.wine\\\/collecciom-68-treixadura-and-vina-costeira-mencia-awarded-at-the-iwc-2017\\\/#primaryimage\"},\"thumbnailUrl\":\"\",\"datePublished\":\"2016-12-08T11:00:24+00:00\",\"description\":\"%\",\"breadcrumb\":{\"@id\":\"https:\\\/\\\/costeira.wine\\\/collecciom-68-treixadura-and-vina-costeira-mencia-awarded-at-the-iwc-2017\\\/#breadcrumb\"},\"inLanguage\":\"en-US\",\"potentialAction\":[{\"@type\":\"ReadAction\",\"target\":[\"https:\\\/\\\/costeira.wine\\\/collecciom-68-treixadura-and-vina-costeira-mencia-awarded-at-the-iwc-2017\\\/\"]}]},{\"@type\":\"ImageObject\",\"inLanguage\":\"en-US\",\"@id\":\"https:\\\/\\\/costeira.wine\\\/collecciom-68-treixadura-and-vina-costeira-mencia-awarded-at-the-iwc-2017\\\/#primaryimage\",\"url\":\"\",\"contentUrl\":\"\"},{\"@type\":\"BreadcrumbList\",\"@id\":\"https:\\\/\\\/costeira.wine\\\/collecciom-68-treixadura-and-vina-costeira-mencia-awarded-at-the-iwc-2017\\\/#breadcrumb\",\"itemListElement\":[{\"@type\":\"ListItem\",\"position\":1,\"name\":\"Portada\",\"item\":\"https:\\\/\\\/costeira.wine\\\/\"},{\"@type\":\"ListItem\",\"position\":2,\"name\":\"Collecci\u00f3m 68 Treixadura and Vi\u00f1a Costeira Menc\u00eda, awarded at the IWC 2017\"}]},{\"@type\":\"WebSite\",\"@id\":\"https:\\\/\\\/costeira.wine\\\/#website\",\"url\":\"https:\\\/\\\/costeira.wine\\\/\",\"name\":\"Vi\u00f1a costeira\",\"description\":\"En la bodega Vi\u00f1a Costeira elaboramos vinos de D.O. Ribeiro y Valdeorras. Nuestros productos nos han convertido en la mejor bodega de Espa\u00f1a. \u00a1Con\u00f3cenos!\",\"publisher\":{\"@id\":\"https:\\\/\\\/costeira.wine\\\/#organization\"},\"potentialAction\":[{\"@type\":\"SearchAction\",\"target\":{\"@type\":\"EntryPoint\",\"urlTemplate\":\"https:\\\/\\\/costeira.wine\\\/?s={search_term_string}\"},\"query-input\":{\"@type\":\"PropertyValueSpecification\",\"valueRequired\":true,\"valueName\":\"search_term_string\"}}],\"inLanguage\":\"en-US\"},{\"@type\":\"Organization\",\"@id\":\"https:\\\/\\\/costeira.wine\\\/#organization\",\"name\":\"Vi\u00f1a costeira\",\"url\":\"https:\\\/\\\/costeira.wine\\\/\",\"logo\":{\"@type\":\"ImageObject\",\"inLanguage\":\"en-US\",\"@id\":\"https:\\\/\\\/costeira.wine\\\/#\\\/schema\\\/logo\\\/image\\\/\",\"url\":\"https:\\\/\\\/costeira.wine\\\/wp-content\\\/uploads\\\/2021\\\/06\\\/logo_vina_costeira.svg\",\"contentUrl\":\"https:\\\/\\\/costeira.wine\\\/wp-content\\\/uploads\\\/2021\\\/06\\\/logo_vina_costeira.svg\",\"width\":1024,\"height\":100,\"caption\":\"Vi\u00f1a costeira\"},\"image\":{\"@id\":\"https:\\\/\\\/costeira.wine\\\/#\\\/schema\\\/logo\\\/image\\\/\"},\"sameAs\":[\"https:\\\/\\\/www.facebook.com\\\/vinacosteira\\\/\",\"https:\\\/\\\/x.com\\\/costeira_es\",\"https:\\\/\\\/www.instagram.com\\\/costeira.es\\\/\",\"https:\\\/\\\/www.linkedin.com\\\/company\\\/vi\u00f1a-costeira\\\/\",\"https:\\\/\\\/www.youtube.com\\\/channel\\\/UCx-kNrCaW0EIlxNK7nBRyfA\"]},{\"@type\":\"Person\",\"@id\":\"https:\\\/\\\/costeira.wine\\\/#\\\/schema\\\/person\\\/be5cac9aab2eadddfb8f6f829e642362\",\"name\":\"webmaster\",\"image\":{\"@type\":\"ImageObject\",\"inLanguage\":\"en-US\",\"@id\":\"https:\\\/\\\/secure.gravatar.com\\\/avatar\\\/49c7ead4cffcc0453b699691d45aefa551451fc500d13aead9dbe3d1d8962b92?s=96&d=mm&r=g\",\"url\":\"https:\\\/\\\/secure.gravatar.com\\\/avatar\\\/49c7ead4cffcc0453b699691d45aefa551451fc500d13aead9dbe3d1d8962b92?s=96&d=mm&r=g\",\"contentUrl\":\"https:\\\/\\\/secure.gravatar.com\\\/avatar\\\/49c7ead4cffcc0453b699691d45aefa551451fc500d13aead9dbe3d1d8962b92?s=96&d=mm&r=g\",\"caption\":\"webmaster\"},\"sameAs\":[\"http:\\\/\\\/costeira.wine\"]}]}<\/script>\n<!-- \/ Yoast SEO plugin. -->","yoast_head_json":{"title":"Collecci\u00f3m 68 Treixadura and Vi\u00f1a Costeira Menc\u00eda, awarded at the IWC 2017 - Vi\u00f1a costeira","description":"%","robots":{"index":"index","follow":"follow","max-snippet":"max-snippet:-1","max-image-preview":"max-image-preview:large","max-video-preview":"max-video-preview:-1"},"canonical":"https:\/\/costeira.wine\/collecciom-68-treixadura-and-vina-costeira-mencia-awarded-at-the-iwc-2017\/","og_locale":"en_US","og_type":"article","og_title":"Collecci\u00f3m 68 Treixadura and Vi\u00f1a Costeira Menc\u00eda, awarded at the IWC 2017 - Vi\u00f1a costeira","og_description":"%","og_url":"https:\/\/costeira.wine\/collecciom-68-treixadura-and-vina-costeira-mencia-awarded-at-the-iwc-2017\/","og_site_name":"Vi\u00f1a costeira","article_publisher":"https:\/\/www.facebook.com\/vinacosteira\/","article_published_time":"2016-12-08T11:00:24+00:00","og_image":[{"width":980,"height":653,"url":"https:\/\/costeira.wine\/wp-content\/uploads\/2021\/07\/costeira_estrellas_000175-low-980x653-1.jpg","type":"image\/jpeg"}],"author":"webmaster","twitter_card":"summary_large_image","twitter_creator":"@costeira_es","twitter_site":"@costeira_es","twitter_misc":{"Written by":"webmaster","Est. reading time":"1 minute"},"schema":{"@context":"https:\/\/schema.org","@graph":[{"@type":"Article","@id":"https:\/\/costeira.wine\/collecciom-68-treixadura-and-vina-costeira-mencia-awarded-at-the-iwc-2017\/#article","isPartOf":{"@id":"https:\/\/costeira.wine\/collecciom-68-treixadura-and-vina-costeira-mencia-awarded-at-the-iwc-2017\/"},"author":{"name":"webmaster","@id":"https:\/\/costeira.wine\/#\/schema\/person\/be5cac9aab2eadddfb8f6f829e642362"},"headline":"Collecci\u00f3m 68 Treixadura and Vi\u00f1a Costeira Menc\u00eda, awarded at the IWC 2017","datePublished":"2016-12-08T11:00:24+00:00","mainEntityOfPage":{"@id":"https:\/\/costeira.wine\/collecciom-68-treixadura-and-vina-costeira-mencia-awarded-at-the-iwc-2017\/"},"wordCount":145,"commentCount":0,"publisher":{"@id":"https:\/\/costeira.wine\/#organization"},"image":{"@id":"https:\/\/costeira.wine\/collecciom-68-treixadura-and-vina-costeira-mencia-awarded-at-the-iwc-2017\/#primaryimage"},"thumbnailUrl":"","articleSection":["New"],"inLanguage":"en-US","potentialAction":[{"@type":"CommentAction","name":"Comment","target":["https:\/\/costeira.wine\/collecciom-68-treixadura-and-vina-costeira-mencia-awarded-at-the-iwc-2017\/#respond"]}]},{"@type":"WebPage","@id":"https:\/\/costeira.wine\/collecciom-68-treixadura-and-vina-costeira-mencia-awarded-at-the-iwc-2017\/","url":"https:\/\/costeira.wine\/collecciom-68-treixadura-and-vina-costeira-mencia-awarded-at-the-iwc-2017\/","name":"Collecci\u00f3m 68 Treixadura and Vi\u00f1a Costeira Menc\u00eda, awarded at the IWC 2017 - Vi\u00f1a costeira","isPartOf":{"@id":"https:\/\/costeira.wine\/#website"},"primaryImageOfPage":{"@id":"https:\/\/costeira.wine\/collecciom-68-treixadura-and-vina-costeira-mencia-awarded-at-the-iwc-2017\/#primaryimage"},"image":{"@id":"https:\/\/costeira.wine\/collecciom-68-treixadura-and-vina-costeira-mencia-awarded-at-the-iwc-2017\/#primaryimage"},"thumbnailUrl":"","datePublished":"2016-12-08T11:00:24+00:00","description":"%","breadcrumb":{"@id":"https:\/\/costeira.wine\/collecciom-68-treixadura-and-vina-costeira-mencia-awarded-at-the-iwc-2017\/#breadcrumb"},"inLanguage":"en-US","potentialAction":[{"@type":"ReadAction","target":["https:\/\/costeira.wine\/collecciom-68-treixadura-and-vina-costeira-mencia-awarded-at-the-iwc-2017\/"]}]},{"@type":"ImageObject","inLanguage":"en-US","@id":"https:\/\/costeira.wine\/collecciom-68-treixadura-and-vina-costeira-mencia-awarded-at-the-iwc-2017\/#primaryimage","url":"","contentUrl":""},{"@type":"BreadcrumbList","@id":"https:\/\/costeira.wine\/collecciom-68-treixadura-and-vina-costeira-mencia-awarded-at-the-iwc-2017\/#breadcrumb","itemListElement":[{"@type":"ListItem","position":1,"name":"Portada","item":"https:\/\/costeira.wine\/"},{"@type":"ListItem","position":2,"name":"Collecci\u00f3m 68 Treixadura and Vi\u00f1a Costeira Menc\u00eda, awarded at the IWC 2017"}]},{"@type":"WebSite","@id":"https:\/\/costeira.wine\/#website","url":"https:\/\/costeira.wine\/","name":"Vi\u00f1a costeira","description":"En la bodega Vi\u00f1a Costeira elaboramos vinos de D.O. Ribeiro y Valdeorras. Nuestros productos nos han convertido en la mejor bodega de Espa\u00f1a. \u00a1Con\u00f3cenos!","publisher":{"@id":"https:\/\/costeira.wine\/#organization"},"potentialAction":[{"@type":"SearchAction","target":{"@type":"EntryPoint","urlTemplate":"https:\/\/costeira.wine\/?s={search_term_string}"},"query-input":{"@type":"PropertyValueSpecification","valueRequired":true,"valueName":"search_term_string"}}],"inLanguage":"en-US"},{"@type":"Organization","@id":"https:\/\/costeira.wine\/#organization","name":"Vi\u00f1a costeira","url":"https:\/\/costeira.wine\/","logo":{"@type":"ImageObject","inLanguage":"en-US","@id":"https:\/\/costeira.wine\/#\/schema\/logo\/image\/","url":"https:\/\/costeira.wine\/wp-content\/uploads\/2021\/06\/logo_vina_costeira.svg","contentUrl":"https:\/\/costeira.wine\/wp-content\/uploads\/2021\/06\/logo_vina_costeira.svg","width":1024,"height":100,"caption":"Vi\u00f1a costeira"},"image":{"@id":"https:\/\/costeira.wine\/#\/schema\/logo\/image\/"},"sameAs":["https:\/\/www.facebook.com\/vinacosteira\/","https:\/\/x.com\/costeira_es","https:\/\/www.instagram.com\/costeira.es\/","https:\/\/www.linkedin.com\/company\/vi\u00f1a-costeira\/","https:\/\/www.youtube.com\/channel\/UCx-kNrCaW0EIlxNK7nBRyfA"]},{"@type":"Person","@id":"https:\/\/costeira.wine\/#\/schema\/person\/be5cac9aab2eadddfb8f6f829e642362","name":"webmaster","image":{"@type":"ImageObject","inLanguage":"en-US","@id":"https:\/\/secure.gravatar.com\/avatar\/49c7ead4cffcc0453b699691d45aefa551451fc500d13aead9dbe3d1d8962b92?s=96&d=mm&r=g","url":"https:\/\/secure.gravatar.com\/avatar\/49c7ead4cffcc0453b699691d45aefa551451fc500d13aead9dbe3d1d8962b92?s=96&d=mm&r=g","contentUrl":"https:\/\/secure.gravatar.com\/avatar\/49c7ead4cffcc0453b699691d45aefa551451fc500d13aead9dbe3d1d8962b92?s=96&d=mm&r=g","caption":"webmaster"},"sameAs":["http:\/\/costeira.wine"]}]}},"_links":{"self":[{"href":"https:\/\/costeira.wine\/en\/wp-json\/wp\/v2\/posts\/23498","targetHints":{"allow":["GET"]}}],"collection":[{"href":"https:\/\/costeira.wine\/en\/wp-json\/wp\/v2\/posts"}],"about":[{"href":"https:\/\/costeira.wine\/en\/wp-json\/wp\/v2\/types\/post"}],"author":[{"embeddable":true,"href":"https:\/\/costeira.wine\/en\/wp-json\/wp\/v2\/users\/1"}],"replies":[{"embeddable":true,"href":"https:\/\/costeira.wine\/en\/wp-json\/wp\/v2\/comments?post=23498"}],"version-history":[{"count":0,"href":"https:\/\/costeira.wine\/en\/wp-json\/wp\/v2\/posts\/23498\/revisions"}],"wp:featuredmedia":[{"embeddable":true,"href":"https:\/\/costeira.wine\/en\/wp-json\/"}],"wp:attachment":[{"href":"https:\/\/costeira.wine\/en\/wp-json\/wp\/v2\/media?parent=23498"}],"wp:term":[{"taxonomy":"category","embeddable":true,"href":"https:\/\/costeira.wine\/en\/wp-json\/wp\/v2\/categories?post=23498"},{"taxonomy":"post_tag","embeddable":true,"href":"https:\/\/costeira.wine\/en\/wp-json\/wp\/v2\/tags?post=23498"}],"curies":[{"name":"wp","href":"https:\/\/api.w.org\/{rel}","templated":true}]}}