{"id":23504,"date":"2018-06-18T13:26:18","date_gmt":"2018-06-18T11:26:18","guid":{"rendered":"https:\/\/costeira.wine\/?p=4296"},"modified":"2018-06-18T13:26:18","modified_gmt":"2018-06-18T11:26:18","slug":"excitement-surprises-and-extraordinary-company-on-the-50th-vina-costeiras-anniversary-event","status":"publish","type":"post","link":"https:\/\/costeira.wine\/en\/excitement-surprises-and-extraordinary-company-on-the-50th-vina-costeiras-anniversary-event\/","title":{"rendered":"Excitement, surprises and extraordinary company on the 50th Vi\u00f1a Costeira\u2019s Anniversary event"},"content":{"rendered":"<blockquote>\n<p dir=\"ltr\">On the occasion of its 50th years\u00b4 celebration, the winery organized an special program plenty of details to honor winegrowers and partners<\/p>\n<\/blockquote>\n<p dir=\"ltr\">Finally, we can make official the Vi\u00f1a Costeira\u2019s Golden Anniversary. We celebrated the 50 years of a winery with act in style, side by side to some of the starring responsible of such a great accomplishment. The day was full of emotion, signs of gratitude and appreciation as well as many surprises that result in a unique and magic day.<\/p>\n<h2>Three sculptures in San Cribao viewpoint<\/h2>\n<p dir=\"ltr\">One of the highlights of the act was the inauguration of three statues of 3 meters height and 1 width, a tribute to the wine producers, their effort and illusion. They were designed and elaborated by Acisclo Manzano, a recognised sculptor natural from Ourense. During the presentation, some of the authorities present in the event were Alberto N\u00fa\u00f1ez Feij\u00f3o, president of Xunta de Galicia, mayors from the Ribeiro\u2019s area, and a representative group of the directive board of the winery, besides the own artist.<\/p>\n<p dir=\"ltr\">The sculpture set by Manzano is located right in San Cribao\u2019s viewpoint, the place where the act took place. The final result is simply amazing, we encourage to see it yourself!<\/p>\n<h2>A partners lunch<\/h2>\n<p dir=\"ltr\">After the institutional act, a great homage meal for partners was celebrated in la Carballeira de Santa Cruz. Almost 900 people took pleasure of a celebration featuring Xos\u00e9 Antonio Touri\u00f1\u00e1n monologs. During his intervention, the actor and humorist detailed the winery\u2019s history, anecdotes and other details with his characteristic tone.<\/p>\n<p><img fetchpriority=\"high\" decoding=\"async\" class=\"aligncenter wp-image-4145 size-large\" src=\"https:\/\/costeira.wine\/wp-content\/uploads\/2018\/06\/inaguracion_placa_50_aniversario.jpg\" alt=\"\" width=\"1024\" height=\"683\"><\/p>\n<p dir=\"ltr\">During the lunch, Vi\u00f1a Costeira\u2019s managing director, Andr\u00e9s Rodr\u00edguez was the conductor of a thankful speech, emphasizing the daily effort from the partners for 50 years of collaboration. All of them received a memories pack, and the lucky ones, draw gifts as wine tours to La Rioja or France.<\/p>\n<h2>50th Anniversary documentary<\/h2>\n<p dir=\"ltr\">During lunch, all partners had the opportunity to enjoy a trailer of the documentary series that Vi\u00f1a Costeira is preparing to celebrate the best memories of these 50th years, including testimonials of some of the ones closest to the winery, as part of the appreciation gift they received. A ten-minute summary including some of the highlights was the first taste prior to the official premiere. Check it out <a href=\"https:\/\/www.youtube.com\/watch?v=THgZiKeWrq8&amp;feature=youtu.be\">here<\/a>!<\/p>\n<h2>Campaign: \u201cThe change in the concept of labeling\u201d<\/h2>\n<p dir=\"ltr\">Besides the Anniversary Act celebration, Vi\u00f1a Costeira just launched an advertising campaign on multiple supports based on the idea of \u201cthe change in the concept of labeling\u201d, in reference of the <a href=\"https:\/\/costeira.wine\/en\/new\/the-best-seller-white-wine-galicia-rebrand\/\">new label<\/a> proposed for Vi\u00f1a Costeira Ribeiro, also a tribute for winegrowers.<\/p>\n<p dir=\"ltr\">To rejuvenate Vi\u00f1a Costeira\u2019s target and to amplify the brand\u2019s presence are two of the main goals of this action, that will be present all summer over 100 billboards in Galicia, as well as national and regional press, buses, airports and Social Media<\/p>\n<h2>An attractive and visible new label: the reflection of values and future<\/h2>\n<p dir=\"ltr\">The winery\u2019s essence, values and future are combined in this new label, an action to break with the double labeling game, resulting in a more appealing and visible graphic. The winery aims to thank again with this redesign the effort of over 600 partners in Vi\u00f1a Costeira\u2019s wine business, the true responsibilities of the winery\u2019s 50 years celebration being a reference in wine.<\/p>\n","protected":false},"excerpt":{"rendered":"<p>On the occasion of its 50th years\u00b4 celebration, the winery organized an special program plenty of details to honor winegrowers and partners Finally, we can make official the Vi\u00f1a Costeira\u2019s Golden Anniversary. We celebrated the 50 years of a winery with act in style, side by side to some of the starring responsible of such [&hellip;]<\/p>\n","protected":false},"author":1,"featured_media":22228,"comment_status":"open","ping_status":"open","sticky":false,"template":"","format":"standard","meta":{"footnotes":""},"categories":[81],"tags":[],"class_list":["post-23504","post","type-post","status-publish","format-standard","has-post-thumbnail","hentry","category-new"],"yoast_head":"<!-- This site is optimized with the Yoast SEO plugin v24.8.1 - https:\/\/yoast.com\/wordpress\/plugins\/seo\/ -->\n<title>Emotions on the 50th Anniversary of Vi\u00f1a Costeira<\/title>\n<meta name=\"description\" content=\"Tribute to the wine growers and partners in the event of the 50th anniversary of Vi\u00f1a Costeira attended by the president of the Xunta and more personalities.\" \/>\n<meta name=\"robots\" content=\"index, follow, max-snippet:-1, max-image-preview:large, max-video-preview:-1\" \/>\n<link rel=\"canonical\" href=\"https:\/\/costeira.wine\/excitement-surprises-and-extraordinary-company-on-the-50th-vina-costeiras-anniversary-event\/\" \/>\n<meta property=\"og:locale\" content=\"en_US\" \/>\n<meta property=\"og:type\" content=\"article\" \/>\n<meta property=\"og:title\" content=\"Emotions on the 50th Anniversary of Vi\u00f1a Costeira\" \/>\n<meta property=\"og:description\" content=\"Tribute to the wine growers and partners in the event of the 50th anniversary of Vi\u00f1a Costeira attended by the president of the Xunta and more personalities.\" \/>\n<meta property=\"og:url\" content=\"https:\/\/costeira.wine\/excitement-surprises-and-extraordinary-company-on-the-50th-vina-costeiras-anniversary-event\/\" \/>\n<meta property=\"og:site_name\" content=\"Vi\u00f1a costeira\" \/>\n<meta property=\"article:publisher\" content=\"https:\/\/www.facebook.com\/vinacosteira\/\" \/>\n<meta property=\"article:published_time\" content=\"2018-06-18T11:26:18+00:00\" \/>\n<meta property=\"og:image\" content=\"https:\/\/costeira.wine\/wp-content\/uploads\/2021\/07\/costeira_estrellas_000175-low-980x653-1.jpg\" \/>\n\t<meta property=\"og:image:width\" content=\"980\" \/>\n\t<meta property=\"og:image:height\" content=\"653\" \/>\n\t<meta property=\"og:image:type\" content=\"image\/jpeg\" \/>\n<meta name=\"author\" content=\"webmaster\" \/>\n<meta name=\"twitter:card\" content=\"summary_large_image\" \/>\n<meta name=\"twitter:creator\" content=\"@costeira_es\" \/>\n<meta name=\"twitter:site\" content=\"@costeira_es\" \/>\n<meta name=\"twitter:label1\" content=\"Written by\" \/>\n\t<meta name=\"twitter:data1\" content=\"webmaster\" \/>\n\t<meta name=\"twitter:label2\" content=\"Est. reading time\" \/>\n\t<meta name=\"twitter:data2\" content=\"3 minutes\" \/>\n<script type=\"application\/ld+json\" class=\"yoast-schema-graph\">{\"@context\":\"https:\/\/schema.org\",\"@graph\":[{\"@type\":\"Article\",\"@id\":\"https:\/\/costeira.wine\/excitement-surprises-and-extraordinary-company-on-the-50th-vina-costeiras-anniversary-event\/#article\",\"isPartOf\":{\"@id\":\"https:\/\/costeira.wine\/excitement-surprises-and-extraordinary-company-on-the-50th-vina-costeiras-anniversary-event\/\"},\"author\":{\"name\":\"webmaster\",\"@id\":\"https:\/\/costeira.wine\/#\/schema\/person\/be5cac9aab2eadddfb8f6f829e642362\"},\"headline\":\"Excitement, surprises and extraordinary company on the 50th Vi\u00f1a Costeira\u2019s Anniversary event\",\"datePublished\":\"2018-06-18T11:26:18+00:00\",\"mainEntityOfPage\":{\"@id\":\"https:\/\/costeira.wine\/excitement-surprises-and-extraordinary-company-on-the-50th-vina-costeiras-anniversary-event\/\"},\"wordCount\":574,\"commentCount\":0,\"publisher\":{\"@id\":\"https:\/\/costeira.wine\/#organization\"},\"image\":{\"@id\":\"https:\/\/costeira.wine\/excitement-surprises-and-extraordinary-company-on-the-50th-vina-costeiras-anniversary-event\/#primaryimage\"},\"thumbnailUrl\":\"\",\"articleSection\":[\"New\"],\"inLanguage\":\"en-US\",\"potentialAction\":[{\"@type\":\"CommentAction\",\"name\":\"Comment\",\"target\":[\"https:\/\/costeira.wine\/excitement-surprises-and-extraordinary-company-on-the-50th-vina-costeiras-anniversary-event\/#respond\"]}]},{\"@type\":\"WebPage\",\"@id\":\"https:\/\/costeira.wine\/excitement-surprises-and-extraordinary-company-on-the-50th-vina-costeiras-anniversary-event\/\",\"url\":\"https:\/\/costeira.wine\/excitement-surprises-and-extraordinary-company-on-the-50th-vina-costeiras-anniversary-event\/\",\"name\":\"Emotions on the 50th Anniversary of Vi\u00f1a Costeira\",\"isPartOf\":{\"@id\":\"https:\/\/costeira.wine\/#website\"},\"primaryImageOfPage\":{\"@id\":\"https:\/\/costeira.wine\/excitement-surprises-and-extraordinary-company-on-the-50th-vina-costeiras-anniversary-event\/#primaryimage\"},\"image\":{\"@id\":\"https:\/\/costeira.wine\/excitement-surprises-and-extraordinary-company-on-the-50th-vina-costeiras-anniversary-event\/#primaryimage\"},\"thumbnailUrl\":\"\",\"datePublished\":\"2018-06-18T11:26:18+00:00\",\"description\":\"Tribute to the wine growers and partners in the event of the 50th anniversary of Vi\u00f1a Costeira attended by the president of the Xunta and more personalities.\",\"breadcrumb\":{\"@id\":\"https:\/\/costeira.wine\/excitement-surprises-and-extraordinary-company-on-the-50th-vina-costeiras-anniversary-event\/#breadcrumb\"},\"inLanguage\":\"en-US\",\"potentialAction\":[{\"@type\":\"ReadAction\",\"target\":[\"https:\/\/costeira.wine\/excitement-surprises-and-extraordinary-company-on-the-50th-vina-costeiras-anniversary-event\/\"]}]},{\"@type\":\"ImageObject\",\"inLanguage\":\"en-US\",\"@id\":\"https:\/\/costeira.wine\/excitement-surprises-and-extraordinary-company-on-the-50th-vina-costeiras-anniversary-event\/#primaryimage\",\"url\":\"\",\"contentUrl\":\"\"},{\"@type\":\"BreadcrumbList\",\"@id\":\"https:\/\/costeira.wine\/excitement-surprises-and-extraordinary-company-on-the-50th-vina-costeiras-anniversary-event\/#breadcrumb\",\"itemListElement\":[{\"@type\":\"ListItem\",\"position\":1,\"name\":\"Portada\",\"item\":\"https:\/\/costeira.wine\/\"},{\"@type\":\"ListItem\",\"position\":2,\"name\":\"Excitement, surprises and extraordinary company on the 50th Vi\u00f1a Costeira\u2019s Anniversary event\"}]},{\"@type\":\"WebSite\",\"@id\":\"https:\/\/costeira.wine\/#website\",\"url\":\"https:\/\/costeira.wine\/\",\"name\":\"Vi\u00f1a costeira\",\"description\":\"En la bodega Vi\u00f1a Costeira elaboramos vinos de D.O. Ribeiro y Valdeorras. Nuestros productos nos han convertido en la mejor bodega de Espa\u00f1a. \u00a1Con\u00f3cenos!\",\"publisher\":{\"@id\":\"https:\/\/costeira.wine\/#organization\"},\"potentialAction\":[{\"@type\":\"SearchAction\",\"target\":{\"@type\":\"EntryPoint\",\"urlTemplate\":\"https:\/\/costeira.wine\/?s={search_term_string}\"},\"query-input\":{\"@type\":\"PropertyValueSpecification\",\"valueRequired\":true,\"valueName\":\"search_term_string\"}}],\"inLanguage\":\"en-US\"},{\"@type\":\"Organization\",\"@id\":\"https:\/\/costeira.wine\/#organization\",\"name\":\"Vi\u00f1a costeira\",\"url\":\"https:\/\/costeira.wine\/\",\"logo\":{\"@type\":\"ImageObject\",\"inLanguage\":\"en-US\",\"@id\":\"https:\/\/costeira.wine\/#\/schema\/logo\/image\/\",\"url\":\"https:\/\/costeira.wine\/wp-content\/uploads\/2021\/06\/logo_vina_costeira.svg\",\"contentUrl\":\"https:\/\/costeira.wine\/wp-content\/uploads\/2021\/06\/logo_vina_costeira.svg\",\"width\":1024,\"height\":100,\"caption\":\"Vi\u00f1a costeira\"},\"image\":{\"@id\":\"https:\/\/costeira.wine\/#\/schema\/logo\/image\/\"},\"sameAs\":[\"https:\/\/www.facebook.com\/vinacosteira\/\",\"https:\/\/x.com\/costeira_es\",\"https:\/\/www.instagram.com\/costeira.es\/\",\"https:\/\/www.linkedin.com\/company\/vi\u00f1a-costeira\/\",\"https:\/\/www.youtube.com\/channel\/UCx-kNrCaW0EIlxNK7nBRyfA\"]},{\"@type\":\"Person\",\"@id\":\"https:\/\/costeira.wine\/#\/schema\/person\/be5cac9aab2eadddfb8f6f829e642362\",\"name\":\"webmaster\",\"image\":{\"@type\":\"ImageObject\",\"inLanguage\":\"en-US\",\"@id\":\"https:\/\/costeira.wine\/#\/schema\/person\/image\/\",\"url\":\"https:\/\/secure.gravatar.com\/avatar\/1f23f79ab92315a6553b61d72b11411a?s=96&d=mm&r=g\",\"contentUrl\":\"https:\/\/secure.gravatar.com\/avatar\/1f23f79ab92315a6553b61d72b11411a?s=96&d=mm&r=g\",\"caption\":\"webmaster\"},\"sameAs\":[\"http:\/\/costeira.wine\"]}]}<\/script>\n<!-- \/ Yoast SEO plugin. -->","yoast_head_json":{"title":"Emotions on the 50th Anniversary of Vi\u00f1a Costeira","description":"Tribute to the wine growers and partners in the event of the 50th anniversary of Vi\u00f1a Costeira attended by the president of the Xunta and more personalities.","robots":{"index":"index","follow":"follow","max-snippet":"max-snippet:-1","max-image-preview":"max-image-preview:large","max-video-preview":"max-video-preview:-1"},"canonical":"https:\/\/costeira.wine\/excitement-surprises-and-extraordinary-company-on-the-50th-vina-costeiras-anniversary-event\/","og_locale":"en_US","og_type":"article","og_title":"Emotions on the 50th Anniversary of Vi\u00f1a Costeira","og_description":"Tribute to the wine growers and partners in the event of the 50th anniversary of Vi\u00f1a Costeira attended by the president of the Xunta and more personalities.","og_url":"https:\/\/costeira.wine\/excitement-surprises-and-extraordinary-company-on-the-50th-vina-costeiras-anniversary-event\/","og_site_name":"Vi\u00f1a costeira","article_publisher":"https:\/\/www.facebook.com\/vinacosteira\/","article_published_time":"2018-06-18T11:26:18+00:00","og_image":[{"width":980,"height":653,"url":"https:\/\/costeira.wine\/wp-content\/uploads\/2021\/07\/costeira_estrellas_000175-low-980x653-1.jpg","type":"image\/jpeg"}],"author":"webmaster","twitter_card":"summary_large_image","twitter_creator":"@costeira_es","twitter_site":"@costeira_es","twitter_misc":{"Written by":"webmaster","Est. reading time":"3 minutes"},"schema":{"@context":"https:\/\/schema.org","@graph":[{"@type":"Article","@id":"https:\/\/costeira.wine\/excitement-surprises-and-extraordinary-company-on-the-50th-vina-costeiras-anniversary-event\/#article","isPartOf":{"@id":"https:\/\/costeira.wine\/excitement-surprises-and-extraordinary-company-on-the-50th-vina-costeiras-anniversary-event\/"},"author":{"name":"webmaster","@id":"https:\/\/costeira.wine\/#\/schema\/person\/be5cac9aab2eadddfb8f6f829e642362"},"headline":"Excitement, surprises and extraordinary company on the 50th Vi\u00f1a Costeira\u2019s Anniversary event","datePublished":"2018-06-18T11:26:18+00:00","mainEntityOfPage":{"@id":"https:\/\/costeira.wine\/excitement-surprises-and-extraordinary-company-on-the-50th-vina-costeiras-anniversary-event\/"},"wordCount":574,"commentCount":0,"publisher":{"@id":"https:\/\/costeira.wine\/#organization"},"image":{"@id":"https:\/\/costeira.wine\/excitement-surprises-and-extraordinary-company-on-the-50th-vina-costeiras-anniversary-event\/#primaryimage"},"thumbnailUrl":"","articleSection":["New"],"inLanguage":"en-US","potentialAction":[{"@type":"CommentAction","name":"Comment","target":["https:\/\/costeira.wine\/excitement-surprises-and-extraordinary-company-on-the-50th-vina-costeiras-anniversary-event\/#respond"]}]},{"@type":"WebPage","@id":"https:\/\/costeira.wine\/excitement-surprises-and-extraordinary-company-on-the-50th-vina-costeiras-anniversary-event\/","url":"https:\/\/costeira.wine\/excitement-surprises-and-extraordinary-company-on-the-50th-vina-costeiras-anniversary-event\/","name":"Emotions on the 50th Anniversary of Vi\u00f1a Costeira","isPartOf":{"@id":"https:\/\/costeira.wine\/#website"},"primaryImageOfPage":{"@id":"https:\/\/costeira.wine\/excitement-surprises-and-extraordinary-company-on-the-50th-vina-costeiras-anniversary-event\/#primaryimage"},"image":{"@id":"https:\/\/costeira.wine\/excitement-surprises-and-extraordinary-company-on-the-50th-vina-costeiras-anniversary-event\/#primaryimage"},"thumbnailUrl":"","datePublished":"2018-06-18T11:26:18+00:00","description":"Tribute to the wine growers and partners in the event of the 50th anniversary of Vi\u00f1a Costeira attended by the president of the Xunta and more personalities.","breadcrumb":{"@id":"https:\/\/costeira.wine\/excitement-surprises-and-extraordinary-company-on-the-50th-vina-costeiras-anniversary-event\/#breadcrumb"},"inLanguage":"en-US","potentialAction":[{"@type":"ReadAction","target":["https:\/\/costeira.wine\/excitement-surprises-and-extraordinary-company-on-the-50th-vina-costeiras-anniversary-event\/"]}]},{"@type":"ImageObject","inLanguage":"en-US","@id":"https:\/\/costeira.wine\/excitement-surprises-and-extraordinary-company-on-the-50th-vina-costeiras-anniversary-event\/#primaryimage","url":"","contentUrl":""},{"@type":"BreadcrumbList","@id":"https:\/\/costeira.wine\/excitement-surprises-and-extraordinary-company-on-the-50th-vina-costeiras-anniversary-event\/#breadcrumb","itemListElement":[{"@type":"ListItem","position":1,"name":"Portada","item":"https:\/\/costeira.wine\/"},{"@type":"ListItem","position":2,"name":"Excitement, surprises and extraordinary company on the 50th Vi\u00f1a Costeira\u2019s Anniversary event"}]},{"@type":"WebSite","@id":"https:\/\/costeira.wine\/#website","url":"https:\/\/costeira.wine\/","name":"Vi\u00f1a costeira","description":"En la bodega Vi\u00f1a Costeira elaboramos vinos de D.O. Ribeiro y Valdeorras. Nuestros productos nos han convertido en la mejor bodega de Espa\u00f1a. \u00a1Con\u00f3cenos!","publisher":{"@id":"https:\/\/costeira.wine\/#organization"},"potentialAction":[{"@type":"SearchAction","target":{"@type":"EntryPoint","urlTemplate":"https:\/\/costeira.wine\/?s={search_term_string}"},"query-input":{"@type":"PropertyValueSpecification","valueRequired":true,"valueName":"search_term_string"}}],"inLanguage":"en-US"},{"@type":"Organization","@id":"https:\/\/costeira.wine\/#organization","name":"Vi\u00f1a costeira","url":"https:\/\/costeira.wine\/","logo":{"@type":"ImageObject","inLanguage":"en-US","@id":"https:\/\/costeira.wine\/#\/schema\/logo\/image\/","url":"https:\/\/costeira.wine\/wp-content\/uploads\/2021\/06\/logo_vina_costeira.svg","contentUrl":"https:\/\/costeira.wine\/wp-content\/uploads\/2021\/06\/logo_vina_costeira.svg","width":1024,"height":100,"caption":"Vi\u00f1a costeira"},"image":{"@id":"https:\/\/costeira.wine\/#\/schema\/logo\/image\/"},"sameAs":["https:\/\/www.facebook.com\/vinacosteira\/","https:\/\/x.com\/costeira_es","https:\/\/www.instagram.com\/costeira.es\/","https:\/\/www.linkedin.com\/company\/vi\u00f1a-costeira\/","https:\/\/www.youtube.com\/channel\/UCx-kNrCaW0EIlxNK7nBRyfA"]},{"@type":"Person","@id":"https:\/\/costeira.wine\/#\/schema\/person\/be5cac9aab2eadddfb8f6f829e642362","name":"webmaster","image":{"@type":"ImageObject","inLanguage":"en-US","@id":"https:\/\/costeira.wine\/#\/schema\/person\/image\/","url":"https:\/\/secure.gravatar.com\/avatar\/1f23f79ab92315a6553b61d72b11411a?s=96&d=mm&r=g","contentUrl":"https:\/\/secure.gravatar.com\/avatar\/1f23f79ab92315a6553b61d72b11411a?s=96&d=mm&r=g","caption":"webmaster"},"sameAs":["http:\/\/costeira.wine"]}]}},"_links":{"self":[{"href":"https:\/\/costeira.wine\/en\/wp-json\/wp\/v2\/posts\/23504","targetHints":{"allow":["GET"]}}],"collection":[{"href":"https:\/\/costeira.wine\/en\/wp-json\/wp\/v2\/posts"}],"about":[{"href":"https:\/\/costeira.wine\/en\/wp-json\/wp\/v2\/types\/post"}],"author":[{"embeddable":true,"href":"https:\/\/costeira.wine\/en\/wp-json\/wp\/v2\/users\/1"}],"replies":[{"embeddable":true,"href":"https:\/\/costeira.wine\/en\/wp-json\/wp\/v2\/comments?post=23504"}],"version-history":[{"count":0,"href":"https:\/\/costeira.wine\/en\/wp-json\/wp\/v2\/posts\/23504\/revisions"}],"wp:featuredmedia":[{"embeddable":true,"href":"https:\/\/costeira.wine\/en\/wp-json\/"}],"wp:attachment":[{"href":"https:\/\/costeira.wine\/en\/wp-json\/wp\/v2\/media?parent=23504"}],"wp:term":[{"taxonomy":"category","embeddable":true,"href":"https:\/\/costeira.wine\/en\/wp-json\/wp\/v2\/categories?post=23504"},{"taxonomy":"post_tag","embeddable":true,"href":"https:\/\/costeira.wine\/en\/wp-json\/wp\/v2\/tags?post=23504"}],"curies":[{"name":"wp","href":"https:\/\/api.w.org\/{rel}","templated":true}]}}