{"id":2757,"date":"2017-03-23T12:00:33","date_gmt":"2017-03-23T12:00:33","guid":{"rendered":"https:\/\/costeira.es\/?p=2757"},"modified":"2017-03-23T12:00:33","modified_gmt":"2017-03-23T12:00:33","slug":"el-tostado-de-costeira-disponible-de-nuevo","status":"publish","type":"post","link":"https:\/\/costeira.wine\/en\/el-tostado-de-costeira-disponible-de-nuevo\/","title":{"rendered":"El Tostado de Costeira, disponible de nuevo"},"content":{"rendered":"<h2 class=\"subtitulo-costeira\">Recuperaci\u00f3n de una receta hist\u00f3rica<\/h2>\n<p>Con una cuidada selecci\u00f3n de la uva comienza el proceso de elaboraci\u00f3n del <a href=\"https:\/\/costeira.es\/vinos\/tostado\/\" target=\"_blank\" rel=\"noopener noreferrer\">Tostado de Costeira<\/a>, un tostado que mantiene una tradici\u00f3n milenaria que lo convierte en un vino dulce hist\u00f3rico, para el que es necesaria una mano de obra artesanal que garantiza su car\u00e1cter natural.<\/p>\n<p>La <span style=\"font-weight: bold;\">recuperaci\u00f3n de una receta hist\u00f3rica<\/span> permiti\u00f3 que a <span style=\"font-weight: bold;\">finales del 2005<\/span> se empezara a comercializar el Tostado de Costeira, siendo necesarias para su elaboraci\u00f3n unas <span style=\"font-weight: bold;\">condiciones climatol\u00f3gicas espec\u00edficas<\/span>, condiciones que no se dan en todas las a\u00f1adas, para recoger posteriormente <span style=\"font-weight: bold;\">los mejores racimos de cada cepa<\/span> en cajas especiales que favorecen su conservaci\u00f3n.<\/p>\n<p>La <span style=\"font-weight: bold;\">uva Treixadura<\/span> debe soportar una &#8220;pasificaci\u00f3n&#8221; (deshidrataci\u00f3n de la uva) durante un m\u00ednimo de 3 meses , para que el agua se evapore a trav\u00e9s de la piel, en penumbra y sin modificar externamente las condiciones de temperatura y humedad. Este complejo m\u00e9todo respeta la tradici\u00f3n en la elaboraci\u00f3n de un vino que goza de amplio reconocimiento y prestigio internacional.<\/p>\n<p>Una joya artesana que ya est\u00e1 disponible de nuevo en nuestra <a href=\"https:\/\/costeira.es\/vinos\/\">tienda online<\/a>.<\/p>\n<p><img decoding=\"async\" src=\"\/wp-content\/uploads\/imgs-older\/F0000000573_165.jpg\" loading=\"lazy\"><\/p>\n","protected":false},"excerpt":{"rendered":"<p>Recuperaci\u00f3n de una receta hist\u00f3rica Con una cuidada selecci\u00f3n de la uva comienza el proceso de elaboraci\u00f3n del Tostado de Costeira, un tostado que mantiene una tradici\u00f3n milenaria que lo convierte en un vino dulce hist\u00f3rico, para el que es necesaria una mano de obra artesanal que garantiza su car\u00e1cter natural. La recuperaci\u00f3n de una [&hellip;]<\/p>\n","protected":false},"author":1,"featured_media":17346,"comment_status":"open","ping_status":"open","sticky":false,"template":"","format":"standard","meta":{"footnotes":""},"categories":[80],"tags":[],"class_list":["post-2757","post","type-post","status-publish","format-standard","has-post-thumbnail","hentry","category-novedad"],"yoast_head":"<!-- This site is optimized with the Yoast SEO plugin v24.8.1 - https:\/\/yoast.com\/wordpress\/plugins\/seo\/ -->\n<title>El Tostado de Costeira, disponible de nuevo - Vi\u00f1a costeira<\/title>\n<meta name=\"description\" content=\"%\" \/>\n<meta name=\"robots\" content=\"index, follow, max-snippet:-1, max-image-preview:large, max-video-preview:-1\" \/>\n<link rel=\"canonical\" href=\"https:\/\/costeira.wine\/el-tostado-de-costeira-disponible-de-nuevo\/\" \/>\n<meta property=\"og:locale\" content=\"en_US\" \/>\n<meta property=\"og:type\" content=\"article\" \/>\n<meta property=\"og:title\" content=\"El Tostado de Costeira, disponible de nuevo - Vi\u00f1a costeira\" \/>\n<meta property=\"og:description\" content=\"%\" \/>\n<meta property=\"og:url\" content=\"https:\/\/costeira.wine\/el-tostado-de-costeira-disponible-de-nuevo\/\" \/>\n<meta property=\"og:site_name\" content=\"Vi\u00f1a costeira\" \/>\n<meta property=\"article:publisher\" content=\"https:\/\/www.facebook.com\/vinacosteira\/\" \/>\n<meta property=\"article:published_time\" content=\"2017-03-23T12:00:33+00:00\" \/>\n<meta property=\"og:image\" content=\"https:\/\/costeira.wine\/wp-content\/uploads\/2021\/07\/costeira_estrellas_000175-low-980x653-1.jpg\" \/>\n\t<meta property=\"og:image:width\" content=\"980\" \/>\n\t<meta property=\"og:image:height\" content=\"653\" \/>\n\t<meta property=\"og:image:type\" content=\"image\/jpeg\" \/>\n<meta name=\"author\" content=\"webmaster\" \/>\n<meta name=\"twitter:card\" content=\"summary_large_image\" \/>\n<meta name=\"twitter:creator\" content=\"@costeira_es\" \/>\n<meta name=\"twitter:site\" content=\"@costeira_es\" \/>\n<meta name=\"twitter:label1\" content=\"Written by\" \/>\n\t<meta name=\"twitter:data1\" content=\"webmaster\" \/>\n\t<meta name=\"twitter:label2\" content=\"Est. reading time\" \/>\n\t<meta name=\"twitter:data2\" content=\"1 minute\" \/>\n<script type=\"application\/ld+json\" class=\"yoast-schema-graph\">{\"@context\":\"https:\/\/schema.org\",\"@graph\":[{\"@type\":\"Article\",\"@id\":\"https:\/\/costeira.wine\/el-tostado-de-costeira-disponible-de-nuevo\/#article\",\"isPartOf\":{\"@id\":\"https:\/\/costeira.wine\/el-tostado-de-costeira-disponible-de-nuevo\/\"},\"author\":{\"name\":\"webmaster\",\"@id\":\"https:\/\/costeira.wine\/#\/schema\/person\/be5cac9aab2eadddfb8f6f829e642362\"},\"headline\":\"El Tostado de Costeira, disponible de nuevo\",\"datePublished\":\"2017-03-23T12:00:33+00:00\",\"mainEntityOfPage\":{\"@id\":\"https:\/\/costeira.wine\/el-tostado-de-costeira-disponible-de-nuevo\/\"},\"wordCount\":204,\"commentCount\":0,\"publisher\":{\"@id\":\"https:\/\/costeira.wine\/#organization\"},\"image\":{\"@id\":\"https:\/\/costeira.wine\/el-tostado-de-costeira-disponible-de-nuevo\/#primaryimage\"},\"thumbnailUrl\":\"\",\"articleSection\":[\"Novedades\"],\"inLanguage\":\"en-US\",\"potentialAction\":[{\"@type\":\"CommentAction\",\"name\":\"Comment\",\"target\":[\"https:\/\/costeira.wine\/el-tostado-de-costeira-disponible-de-nuevo\/#respond\"]}]},{\"@type\":\"WebPage\",\"@id\":\"https:\/\/costeira.wine\/el-tostado-de-costeira-disponible-de-nuevo\/\",\"url\":\"https:\/\/costeira.wine\/el-tostado-de-costeira-disponible-de-nuevo\/\",\"name\":\"El Tostado de Costeira, disponible de nuevo - Vi\u00f1a costeira\",\"isPartOf\":{\"@id\":\"https:\/\/costeira.wine\/#website\"},\"primaryImageOfPage\":{\"@id\":\"https:\/\/costeira.wine\/el-tostado-de-costeira-disponible-de-nuevo\/#primaryimage\"},\"image\":{\"@id\":\"https:\/\/costeira.wine\/el-tostado-de-costeira-disponible-de-nuevo\/#primaryimage\"},\"thumbnailUrl\":\"\",\"datePublished\":\"2017-03-23T12:00:33+00:00\",\"description\":\"%\",\"breadcrumb\":{\"@id\":\"https:\/\/costeira.wine\/el-tostado-de-costeira-disponible-de-nuevo\/#breadcrumb\"},\"inLanguage\":\"en-US\",\"potentialAction\":[{\"@type\":\"ReadAction\",\"target\":[\"https:\/\/costeira.wine\/el-tostado-de-costeira-disponible-de-nuevo\/\"]}]},{\"@type\":\"ImageObject\",\"inLanguage\":\"en-US\",\"@id\":\"https:\/\/costeira.wine\/el-tostado-de-costeira-disponible-de-nuevo\/#primaryimage\",\"url\":\"\",\"contentUrl\":\"\"},{\"@type\":\"BreadcrumbList\",\"@id\":\"https:\/\/costeira.wine\/el-tostado-de-costeira-disponible-de-nuevo\/#breadcrumb\",\"itemListElement\":[{\"@type\":\"ListItem\",\"position\":1,\"name\":\"Portada\",\"item\":\"https:\/\/costeira.wine\/\"},{\"@type\":\"ListItem\",\"position\":2,\"name\":\"El Tostado de Costeira, disponible de nuevo\"}]},{\"@type\":\"WebSite\",\"@id\":\"https:\/\/costeira.wine\/#website\",\"url\":\"https:\/\/costeira.wine\/\",\"name\":\"Vi\u00f1a costeira\",\"description\":\"En la bodega Vi\u00f1a Costeira elaboramos vinos de D.O. Ribeiro y Valdeorras. Nuestros productos nos han convertido en la mejor bodega de Espa\u00f1a. \u00a1Con\u00f3cenos!\",\"publisher\":{\"@id\":\"https:\/\/costeira.wine\/#organization\"},\"potentialAction\":[{\"@type\":\"SearchAction\",\"target\":{\"@type\":\"EntryPoint\",\"urlTemplate\":\"https:\/\/costeira.wine\/?s={search_term_string}\"},\"query-input\":{\"@type\":\"PropertyValueSpecification\",\"valueRequired\":true,\"valueName\":\"search_term_string\"}}],\"inLanguage\":\"en-US\"},{\"@type\":\"Organization\",\"@id\":\"https:\/\/costeira.wine\/#organization\",\"name\":\"Vi\u00f1a costeira\",\"url\":\"https:\/\/costeira.wine\/\",\"logo\":{\"@type\":\"ImageObject\",\"inLanguage\":\"en-US\",\"@id\":\"https:\/\/costeira.wine\/#\/schema\/logo\/image\/\",\"url\":\"https:\/\/costeira.wine\/wp-content\/uploads\/2021\/06\/logo_vina_costeira.svg\",\"contentUrl\":\"https:\/\/costeira.wine\/wp-content\/uploads\/2021\/06\/logo_vina_costeira.svg\",\"width\":1024,\"height\":100,\"caption\":\"Vi\u00f1a costeira\"},\"image\":{\"@id\":\"https:\/\/costeira.wine\/#\/schema\/logo\/image\/\"},\"sameAs\":[\"https:\/\/www.facebook.com\/vinacosteira\/\",\"https:\/\/x.com\/costeira_es\",\"https:\/\/www.instagram.com\/costeira.es\/\",\"https:\/\/www.linkedin.com\/company\/vi\u00f1a-costeira\/\",\"https:\/\/www.youtube.com\/channel\/UCx-kNrCaW0EIlxNK7nBRyfA\"]},{\"@type\":\"Person\",\"@id\":\"https:\/\/costeira.wine\/#\/schema\/person\/be5cac9aab2eadddfb8f6f829e642362\",\"name\":\"webmaster\",\"image\":{\"@type\":\"ImageObject\",\"inLanguage\":\"en-US\",\"@id\":\"https:\/\/costeira.wine\/#\/schema\/person\/image\/\",\"url\":\"https:\/\/secure.gravatar.com\/avatar\/1f23f79ab92315a6553b61d72b11411a?s=96&d=mm&r=g\",\"contentUrl\":\"https:\/\/secure.gravatar.com\/avatar\/1f23f79ab92315a6553b61d72b11411a?s=96&d=mm&r=g\",\"caption\":\"webmaster\"},\"sameAs\":[\"http:\/\/costeira.wine\"]}]}<\/script>\n<!-- \/ Yoast SEO plugin. -->","yoast_head_json":{"title":"El Tostado de Costeira, disponible de nuevo - Vi\u00f1a costeira","description":"%","robots":{"index":"index","follow":"follow","max-snippet":"max-snippet:-1","max-image-preview":"max-image-preview:large","max-video-preview":"max-video-preview:-1"},"canonical":"https:\/\/costeira.wine\/el-tostado-de-costeira-disponible-de-nuevo\/","og_locale":"en_US","og_type":"article","og_title":"El Tostado de Costeira, disponible de nuevo - Vi\u00f1a costeira","og_description":"%","og_url":"https:\/\/costeira.wine\/el-tostado-de-costeira-disponible-de-nuevo\/","og_site_name":"Vi\u00f1a costeira","article_publisher":"https:\/\/www.facebook.com\/vinacosteira\/","article_published_time":"2017-03-23T12:00:33+00:00","og_image":[{"width":980,"height":653,"url":"https:\/\/costeira.wine\/wp-content\/uploads\/2021\/07\/costeira_estrellas_000175-low-980x653-1.jpg","type":"image\/jpeg"}],"author":"webmaster","twitter_card":"summary_large_image","twitter_creator":"@costeira_es","twitter_site":"@costeira_es","twitter_misc":{"Written by":"webmaster","Est. reading time":"1 minute"},"schema":{"@context":"https:\/\/schema.org","@graph":[{"@type":"Article","@id":"https:\/\/costeira.wine\/el-tostado-de-costeira-disponible-de-nuevo\/#article","isPartOf":{"@id":"https:\/\/costeira.wine\/el-tostado-de-costeira-disponible-de-nuevo\/"},"author":{"name":"webmaster","@id":"https:\/\/costeira.wine\/#\/schema\/person\/be5cac9aab2eadddfb8f6f829e642362"},"headline":"El Tostado de Costeira, disponible de nuevo","datePublished":"2017-03-23T12:00:33+00:00","mainEntityOfPage":{"@id":"https:\/\/costeira.wine\/el-tostado-de-costeira-disponible-de-nuevo\/"},"wordCount":204,"commentCount":0,"publisher":{"@id":"https:\/\/costeira.wine\/#organization"},"image":{"@id":"https:\/\/costeira.wine\/el-tostado-de-costeira-disponible-de-nuevo\/#primaryimage"},"thumbnailUrl":"","articleSection":["Novedades"],"inLanguage":"en-US","potentialAction":[{"@type":"CommentAction","name":"Comment","target":["https:\/\/costeira.wine\/el-tostado-de-costeira-disponible-de-nuevo\/#respond"]}]},{"@type":"WebPage","@id":"https:\/\/costeira.wine\/el-tostado-de-costeira-disponible-de-nuevo\/","url":"https:\/\/costeira.wine\/el-tostado-de-costeira-disponible-de-nuevo\/","name":"El Tostado de Costeira, disponible de nuevo - Vi\u00f1a costeira","isPartOf":{"@id":"https:\/\/costeira.wine\/#website"},"primaryImageOfPage":{"@id":"https:\/\/costeira.wine\/el-tostado-de-costeira-disponible-de-nuevo\/#primaryimage"},"image":{"@id":"https:\/\/costeira.wine\/el-tostado-de-costeira-disponible-de-nuevo\/#primaryimage"},"thumbnailUrl":"","datePublished":"2017-03-23T12:00:33+00:00","description":"%","breadcrumb":{"@id":"https:\/\/costeira.wine\/el-tostado-de-costeira-disponible-de-nuevo\/#breadcrumb"},"inLanguage":"en-US","potentialAction":[{"@type":"ReadAction","target":["https:\/\/costeira.wine\/el-tostado-de-costeira-disponible-de-nuevo\/"]}]},{"@type":"ImageObject","inLanguage":"en-US","@id":"https:\/\/costeira.wine\/el-tostado-de-costeira-disponible-de-nuevo\/#primaryimage","url":"","contentUrl":""},{"@type":"BreadcrumbList","@id":"https:\/\/costeira.wine\/el-tostado-de-costeira-disponible-de-nuevo\/#breadcrumb","itemListElement":[{"@type":"ListItem","position":1,"name":"Portada","item":"https:\/\/costeira.wine\/"},{"@type":"ListItem","position":2,"name":"El Tostado de Costeira, disponible de nuevo"}]},{"@type":"WebSite","@id":"https:\/\/costeira.wine\/#website","url":"https:\/\/costeira.wine\/","name":"Vi\u00f1a costeira","description":"En la bodega Vi\u00f1a Costeira elaboramos vinos de D.O. Ribeiro y Valdeorras. Nuestros productos nos han convertido en la mejor bodega de Espa\u00f1a. \u00a1Con\u00f3cenos!","publisher":{"@id":"https:\/\/costeira.wine\/#organization"},"potentialAction":[{"@type":"SearchAction","target":{"@type":"EntryPoint","urlTemplate":"https:\/\/costeira.wine\/?s={search_term_string}"},"query-input":{"@type":"PropertyValueSpecification","valueRequired":true,"valueName":"search_term_string"}}],"inLanguage":"en-US"},{"@type":"Organization","@id":"https:\/\/costeira.wine\/#organization","name":"Vi\u00f1a costeira","url":"https:\/\/costeira.wine\/","logo":{"@type":"ImageObject","inLanguage":"en-US","@id":"https:\/\/costeira.wine\/#\/schema\/logo\/image\/","url":"https:\/\/costeira.wine\/wp-content\/uploads\/2021\/06\/logo_vina_costeira.svg","contentUrl":"https:\/\/costeira.wine\/wp-content\/uploads\/2021\/06\/logo_vina_costeira.svg","width":1024,"height":100,"caption":"Vi\u00f1a costeira"},"image":{"@id":"https:\/\/costeira.wine\/#\/schema\/logo\/image\/"},"sameAs":["https:\/\/www.facebook.com\/vinacosteira\/","https:\/\/x.com\/costeira_es","https:\/\/www.instagram.com\/costeira.es\/","https:\/\/www.linkedin.com\/company\/vi\u00f1a-costeira\/","https:\/\/www.youtube.com\/channel\/UCx-kNrCaW0EIlxNK7nBRyfA"]},{"@type":"Person","@id":"https:\/\/costeira.wine\/#\/schema\/person\/be5cac9aab2eadddfb8f6f829e642362","name":"webmaster","image":{"@type":"ImageObject","inLanguage":"en-US","@id":"https:\/\/costeira.wine\/#\/schema\/person\/image\/","url":"https:\/\/secure.gravatar.com\/avatar\/1f23f79ab92315a6553b61d72b11411a?s=96&d=mm&r=g","contentUrl":"https:\/\/secure.gravatar.com\/avatar\/1f23f79ab92315a6553b61d72b11411a?s=96&d=mm&r=g","caption":"webmaster"},"sameAs":["http:\/\/costeira.wine"]}]}},"_links":{"self":[{"href":"https:\/\/costeira.wine\/en\/wp-json\/wp\/v2\/posts\/2757","targetHints":{"allow":["GET"]}}],"collection":[{"href":"https:\/\/costeira.wine\/en\/wp-json\/wp\/v2\/posts"}],"about":[{"href":"https:\/\/costeira.wine\/en\/wp-json\/wp\/v2\/types\/post"}],"author":[{"embeddable":true,"href":"https:\/\/costeira.wine\/en\/wp-json\/wp\/v2\/users\/1"}],"replies":[{"embeddable":true,"href":"https:\/\/costeira.wine\/en\/wp-json\/wp\/v2\/comments?post=2757"}],"version-history":[{"count":0,"href":"https:\/\/costeira.wine\/en\/wp-json\/wp\/v2\/posts\/2757\/revisions"}],"wp:featuredmedia":[{"embeddable":true,"href":"https:\/\/costeira.wine\/en\/wp-json\/"}],"wp:attachment":[{"href":"https:\/\/costeira.wine\/en\/wp-json\/wp\/v2\/media?parent=2757"}],"wp:term":[{"taxonomy":"category","embeddable":true,"href":"https:\/\/costeira.wine\/en\/wp-json\/wp\/v2\/categories?post=2757"},{"taxonomy":"post_tag","embeddable":true,"href":"https:\/\/costeira.wine\/en\/wp-json\/wp\/v2\/tags?post=2757"}],"curies":[{"name":"wp","href":"https:\/\/api.w.org\/{rel}","templated":true}]}}