{"id":2775,"date":"2017-02-23T12:00:34","date_gmt":"2017-02-23T12:00:34","guid":{"rendered":"https:\/\/costeira.es\/?p=2775"},"modified":"2017-02-23T12:00:34","modified_gmt":"2017-02-23T12:00:34","slug":"verema-2017-inicia-su-calentario-nacional-de-eventos-en-valencia","status":"publish","type":"post","link":"https:\/\/costeira.wine\/en\/verema-2017-inicia-su-calentario-nacional-de-eventos-en-valencia\/","title":{"rendered":"Verema 2017 inicia su calentario nacional de eventos en Valencia"},"content":{"rendered":"<h2 class=\"subtitulo-costeira\">viernes 24 y s\u00e1bado 25 de febrero<\/h2>\n<p>El <span style=\"font-weight: bold;\">viernes 24 y s\u00e1bado 25 de febrero<\/span> se inicia el calendario <span style=\"font-weight: bold;\">Verema 2017 <\/span>con la <span style=\"font-weight: bold;\">XVI Experiencia Verema Valencia<\/span>, que adem\u00e1s es la de m\u00e1s trayectoria hist\u00f3rica de todas las que componen el calendario nacional de estos exitosos eventos. El <span style=\"font-weight: bold;\">Hotel Balneario Las Arenas GL<\/span> ser\u00e1 el lugar que acoja al gran n\u00famero de profesionales del sector y amantes del vino que visitan cada edici\u00f3n los eventos Verema.<\/p>\n<p>En la jornada del viernes 24 se dar\u00e1 comienzo al <span style=\"font-weight: bold;\">Espai Verema 2017<\/span>, en el que desde las 11 de la ma\u00f1ana diferentes catas complementar\u00e1n un showroom en el que estar\u00e1 presente<span style=\"font-weight: bold;\">&nbsp;Vi\u00f1a Costeira&nbsp;<\/span>como expositor, y al que se prev\u00e9 una amplia afluencia de p\u00fablico.<\/p>\n<p>El <span style=\"font-weight: bold;\">s\u00e1bado 25<\/span> continuar\u00e1n las catas, como preludio al plato fuerte del d\u00eda: la <span style=\"font-weight: bold;\">entrega de los premios Verema 2016<\/span>, que empezar\u00e1 a las 18:00 horas y en los que <span style=\"font-weight: bold;\">nuestra bodega estar\u00e1 presente como premiada<\/span> al haber sido nombrada una de las 3 mejores bodegas de Espa\u00f1a en 2016.<\/p>\n<p>Un fin de semana diferente en el que podr\u00e9is disfrutar del mundo del vino en todo su esplendor, y para el que podr\u00e9is acreditaros en el siguiente <a style=\"font-weight: bold;\" href=\"https:\/\/www.verema.com\/blog\/verema\/1403715-xvi-experiencia-verema-valencia-24-25-febrero-2017\" target=\"_blank\" rel=\"noopener noreferrer\">enlace<\/a>.<span style=\"font-weight: bold;\"><br \/>\n<\/span><\/p>\n<p><img decoding=\"async\" src=\"\/wp-content\/uploads\/imgs-older\/F0000000569_experiencia_verema_valencia_2016_137.jpg\" loading=\"lazy\"><\/p>\n","protected":false},"excerpt":{"rendered":"<p>viernes 24 y s\u00e1bado 25 de febrero El viernes 24 y s\u00e1bado 25 de febrero se inicia el calendario Verema 2017 con la XVI Experiencia Verema Valencia, que adem\u00e1s es la de m\u00e1s trayectoria hist\u00f3rica de todas las que componen el calendario nacional de estos exitosos eventos. El Hotel Balneario Las Arenas GL ser\u00e1 el [&hellip;]<\/p>\n","protected":false},"author":1,"featured_media":16617,"comment_status":"open","ping_status":"open","sticky":false,"template":"","format":"standard","meta":{"footnotes":""},"categories":[80],"tags":[],"class_list":["post-2775","post","type-post","status-publish","format-standard","has-post-thumbnail","hentry","category-novedad"],"yoast_head":"<!-- This site is optimized with the Yoast SEO plugin v24.8.1 - https:\/\/yoast.com\/wordpress\/plugins\/seo\/ -->\n<title>Verema 2017 inicia su calentario nacional de eventos en Valencia - Vi\u00f1a costeira<\/title>\n<meta name=\"description\" content=\"%\" \/>\n<meta name=\"robots\" content=\"index, follow, max-snippet:-1, max-image-preview:large, max-video-preview:-1\" \/>\n<link rel=\"canonical\" href=\"https:\/\/costeira.wine\/verema-2017-inicia-su-calentario-nacional-de-eventos-en-valencia\/\" \/>\n<meta property=\"og:locale\" content=\"en_US\" \/>\n<meta property=\"og:type\" content=\"article\" \/>\n<meta property=\"og:title\" content=\"Verema 2017 inicia su calentario nacional de eventos en Valencia - Vi\u00f1a costeira\" \/>\n<meta property=\"og:description\" content=\"%\" \/>\n<meta property=\"og:url\" content=\"https:\/\/costeira.wine\/verema-2017-inicia-su-calentario-nacional-de-eventos-en-valencia\/\" \/>\n<meta property=\"og:site_name\" content=\"Vi\u00f1a costeira\" \/>\n<meta property=\"article:publisher\" content=\"https:\/\/www.facebook.com\/vinacosteira\/\" \/>\n<meta property=\"article:published_time\" content=\"2017-02-23T12:00:34+00:00\" \/>\n<meta property=\"og:image\" content=\"https:\/\/costeira.wine\/wp-content\/uploads\/2021\/07\/costeira_estrellas_000175-low-980x653-1.jpg\" \/>\n\t<meta property=\"og:image:width\" content=\"980\" \/>\n\t<meta property=\"og:image:height\" content=\"653\" \/>\n\t<meta property=\"og:image:type\" content=\"image\/jpeg\" \/>\n<meta name=\"author\" content=\"webmaster\" \/>\n<meta name=\"twitter:card\" content=\"summary_large_image\" \/>\n<meta name=\"twitter:creator\" content=\"@costeira_es\" \/>\n<meta name=\"twitter:site\" content=\"@costeira_es\" \/>\n<meta name=\"twitter:label1\" content=\"Written by\" \/>\n\t<meta name=\"twitter:data1\" content=\"webmaster\" \/>\n\t<meta name=\"twitter:label2\" content=\"Est. reading time\" \/>\n\t<meta name=\"twitter:data2\" content=\"1 minute\" \/>\n<script type=\"application\/ld+json\" class=\"yoast-schema-graph\">{\"@context\":\"https:\/\/schema.org\",\"@graph\":[{\"@type\":\"Article\",\"@id\":\"https:\/\/costeira.wine\/verema-2017-inicia-su-calentario-nacional-de-eventos-en-valencia\/#article\",\"isPartOf\":{\"@id\":\"https:\/\/costeira.wine\/verema-2017-inicia-su-calentario-nacional-de-eventos-en-valencia\/\"},\"author\":{\"name\":\"webmaster\",\"@id\":\"https:\/\/costeira.wine\/#\/schema\/person\/be5cac9aab2eadddfb8f6f829e642362\"},\"headline\":\"Verema 2017 inicia su calentario nacional de eventos en Valencia\",\"datePublished\":\"2017-02-23T12:00:34+00:00\",\"mainEntityOfPage\":{\"@id\":\"https:\/\/costeira.wine\/verema-2017-inicia-su-calentario-nacional-de-eventos-en-valencia\/\"},\"wordCount\":215,\"commentCount\":0,\"publisher\":{\"@id\":\"https:\/\/costeira.wine\/#organization\"},\"image\":{\"@id\":\"https:\/\/costeira.wine\/verema-2017-inicia-su-calentario-nacional-de-eventos-en-valencia\/#primaryimage\"},\"thumbnailUrl\":\"\",\"articleSection\":[\"Novedades\"],\"inLanguage\":\"en-US\",\"potentialAction\":[{\"@type\":\"CommentAction\",\"name\":\"Comment\",\"target\":[\"https:\/\/costeira.wine\/verema-2017-inicia-su-calentario-nacional-de-eventos-en-valencia\/#respond\"]}]},{\"@type\":\"WebPage\",\"@id\":\"https:\/\/costeira.wine\/verema-2017-inicia-su-calentario-nacional-de-eventos-en-valencia\/\",\"url\":\"https:\/\/costeira.wine\/verema-2017-inicia-su-calentario-nacional-de-eventos-en-valencia\/\",\"name\":\"Verema 2017 inicia su calentario nacional de eventos en Valencia - Vi\u00f1a costeira\",\"isPartOf\":{\"@id\":\"https:\/\/costeira.wine\/#website\"},\"primaryImageOfPage\":{\"@id\":\"https:\/\/costeira.wine\/verema-2017-inicia-su-calentario-nacional-de-eventos-en-valencia\/#primaryimage\"},\"image\":{\"@id\":\"https:\/\/costeira.wine\/verema-2017-inicia-su-calentario-nacional-de-eventos-en-valencia\/#primaryimage\"},\"thumbnailUrl\":\"\",\"datePublished\":\"2017-02-23T12:00:34+00:00\",\"description\":\"%\",\"breadcrumb\":{\"@id\":\"https:\/\/costeira.wine\/verema-2017-inicia-su-calentario-nacional-de-eventos-en-valencia\/#breadcrumb\"},\"inLanguage\":\"en-US\",\"potentialAction\":[{\"@type\":\"ReadAction\",\"target\":[\"https:\/\/costeira.wine\/verema-2017-inicia-su-calentario-nacional-de-eventos-en-valencia\/\"]}]},{\"@type\":\"ImageObject\",\"inLanguage\":\"en-US\",\"@id\":\"https:\/\/costeira.wine\/verema-2017-inicia-su-calentario-nacional-de-eventos-en-valencia\/#primaryimage\",\"url\":\"\",\"contentUrl\":\"\"},{\"@type\":\"BreadcrumbList\",\"@id\":\"https:\/\/costeira.wine\/verema-2017-inicia-su-calentario-nacional-de-eventos-en-valencia\/#breadcrumb\",\"itemListElement\":[{\"@type\":\"ListItem\",\"position\":1,\"name\":\"Portada\",\"item\":\"https:\/\/costeira.wine\/\"},{\"@type\":\"ListItem\",\"position\":2,\"name\":\"Verema 2017 inicia su calentario nacional de eventos en Valencia\"}]},{\"@type\":\"WebSite\",\"@id\":\"https:\/\/costeira.wine\/#website\",\"url\":\"https:\/\/costeira.wine\/\",\"name\":\"Vi\u00f1a costeira\",\"description\":\"En la bodega Vi\u00f1a Costeira elaboramos vinos de D.O. Ribeiro y Valdeorras. Nuestros productos nos han convertido en la mejor bodega de Espa\u00f1a. \u00a1Con\u00f3cenos!\",\"publisher\":{\"@id\":\"https:\/\/costeira.wine\/#organization\"},\"potentialAction\":[{\"@type\":\"SearchAction\",\"target\":{\"@type\":\"EntryPoint\",\"urlTemplate\":\"https:\/\/costeira.wine\/?s={search_term_string}\"},\"query-input\":{\"@type\":\"PropertyValueSpecification\",\"valueRequired\":true,\"valueName\":\"search_term_string\"}}],\"inLanguage\":\"en-US\"},{\"@type\":\"Organization\",\"@id\":\"https:\/\/costeira.wine\/#organization\",\"name\":\"Vi\u00f1a costeira\",\"url\":\"https:\/\/costeira.wine\/\",\"logo\":{\"@type\":\"ImageObject\",\"inLanguage\":\"en-US\",\"@id\":\"https:\/\/costeira.wine\/#\/schema\/logo\/image\/\",\"url\":\"https:\/\/costeira.wine\/wp-content\/uploads\/2021\/06\/logo_vina_costeira.svg\",\"contentUrl\":\"https:\/\/costeira.wine\/wp-content\/uploads\/2021\/06\/logo_vina_costeira.svg\",\"width\":1024,\"height\":100,\"caption\":\"Vi\u00f1a costeira\"},\"image\":{\"@id\":\"https:\/\/costeira.wine\/#\/schema\/logo\/image\/\"},\"sameAs\":[\"https:\/\/www.facebook.com\/vinacosteira\/\",\"https:\/\/x.com\/costeira_es\",\"https:\/\/www.instagram.com\/costeira.es\/\",\"https:\/\/www.linkedin.com\/company\/vi\u00f1a-costeira\/\",\"https:\/\/www.youtube.com\/channel\/UCx-kNrCaW0EIlxNK7nBRyfA\"]},{\"@type\":\"Person\",\"@id\":\"https:\/\/costeira.wine\/#\/schema\/person\/be5cac9aab2eadddfb8f6f829e642362\",\"name\":\"webmaster\",\"image\":{\"@type\":\"ImageObject\",\"inLanguage\":\"en-US\",\"@id\":\"https:\/\/costeira.wine\/#\/schema\/person\/image\/\",\"url\":\"https:\/\/secure.gravatar.com\/avatar\/1f23f79ab92315a6553b61d72b11411a?s=96&d=mm&r=g\",\"contentUrl\":\"https:\/\/secure.gravatar.com\/avatar\/1f23f79ab92315a6553b61d72b11411a?s=96&d=mm&r=g\",\"caption\":\"webmaster\"},\"sameAs\":[\"http:\/\/costeira.wine\"]}]}<\/script>\n<!-- \/ Yoast SEO plugin. -->","yoast_head_json":{"title":"Verema 2017 inicia su calentario nacional de eventos en Valencia - Vi\u00f1a costeira","description":"%","robots":{"index":"index","follow":"follow","max-snippet":"max-snippet:-1","max-image-preview":"max-image-preview:large","max-video-preview":"max-video-preview:-1"},"canonical":"https:\/\/costeira.wine\/verema-2017-inicia-su-calentario-nacional-de-eventos-en-valencia\/","og_locale":"en_US","og_type":"article","og_title":"Verema 2017 inicia su calentario nacional de eventos en Valencia - Vi\u00f1a costeira","og_description":"%","og_url":"https:\/\/costeira.wine\/verema-2017-inicia-su-calentario-nacional-de-eventos-en-valencia\/","og_site_name":"Vi\u00f1a costeira","article_publisher":"https:\/\/www.facebook.com\/vinacosteira\/","article_published_time":"2017-02-23T12:00:34+00:00","og_image":[{"width":980,"height":653,"url":"https:\/\/costeira.wine\/wp-content\/uploads\/2021\/07\/costeira_estrellas_000175-low-980x653-1.jpg","type":"image\/jpeg"}],"author":"webmaster","twitter_card":"summary_large_image","twitter_creator":"@costeira_es","twitter_site":"@costeira_es","twitter_misc":{"Written by":"webmaster","Est. reading time":"1 minute"},"schema":{"@context":"https:\/\/schema.org","@graph":[{"@type":"Article","@id":"https:\/\/costeira.wine\/verema-2017-inicia-su-calentario-nacional-de-eventos-en-valencia\/#article","isPartOf":{"@id":"https:\/\/costeira.wine\/verema-2017-inicia-su-calentario-nacional-de-eventos-en-valencia\/"},"author":{"name":"webmaster","@id":"https:\/\/costeira.wine\/#\/schema\/person\/be5cac9aab2eadddfb8f6f829e642362"},"headline":"Verema 2017 inicia su calentario nacional de eventos en Valencia","datePublished":"2017-02-23T12:00:34+00:00","mainEntityOfPage":{"@id":"https:\/\/costeira.wine\/verema-2017-inicia-su-calentario-nacional-de-eventos-en-valencia\/"},"wordCount":215,"commentCount":0,"publisher":{"@id":"https:\/\/costeira.wine\/#organization"},"image":{"@id":"https:\/\/costeira.wine\/verema-2017-inicia-su-calentario-nacional-de-eventos-en-valencia\/#primaryimage"},"thumbnailUrl":"","articleSection":["Novedades"],"inLanguage":"en-US","potentialAction":[{"@type":"CommentAction","name":"Comment","target":["https:\/\/costeira.wine\/verema-2017-inicia-su-calentario-nacional-de-eventos-en-valencia\/#respond"]}]},{"@type":"WebPage","@id":"https:\/\/costeira.wine\/verema-2017-inicia-su-calentario-nacional-de-eventos-en-valencia\/","url":"https:\/\/costeira.wine\/verema-2017-inicia-su-calentario-nacional-de-eventos-en-valencia\/","name":"Verema 2017 inicia su calentario nacional de eventos en Valencia - Vi\u00f1a costeira","isPartOf":{"@id":"https:\/\/costeira.wine\/#website"},"primaryImageOfPage":{"@id":"https:\/\/costeira.wine\/verema-2017-inicia-su-calentario-nacional-de-eventos-en-valencia\/#primaryimage"},"image":{"@id":"https:\/\/costeira.wine\/verema-2017-inicia-su-calentario-nacional-de-eventos-en-valencia\/#primaryimage"},"thumbnailUrl":"","datePublished":"2017-02-23T12:00:34+00:00","description":"%","breadcrumb":{"@id":"https:\/\/costeira.wine\/verema-2017-inicia-su-calentario-nacional-de-eventos-en-valencia\/#breadcrumb"},"inLanguage":"en-US","potentialAction":[{"@type":"ReadAction","target":["https:\/\/costeira.wine\/verema-2017-inicia-su-calentario-nacional-de-eventos-en-valencia\/"]}]},{"@type":"ImageObject","inLanguage":"en-US","@id":"https:\/\/costeira.wine\/verema-2017-inicia-su-calentario-nacional-de-eventos-en-valencia\/#primaryimage","url":"","contentUrl":""},{"@type":"BreadcrumbList","@id":"https:\/\/costeira.wine\/verema-2017-inicia-su-calentario-nacional-de-eventos-en-valencia\/#breadcrumb","itemListElement":[{"@type":"ListItem","position":1,"name":"Portada","item":"https:\/\/costeira.wine\/"},{"@type":"ListItem","position":2,"name":"Verema 2017 inicia su calentario nacional de eventos en Valencia"}]},{"@type":"WebSite","@id":"https:\/\/costeira.wine\/#website","url":"https:\/\/costeira.wine\/","name":"Vi\u00f1a costeira","description":"En la bodega Vi\u00f1a Costeira elaboramos vinos de D.O. Ribeiro y Valdeorras. Nuestros productos nos han convertido en la mejor bodega de Espa\u00f1a. \u00a1Con\u00f3cenos!","publisher":{"@id":"https:\/\/costeira.wine\/#organization"},"potentialAction":[{"@type":"SearchAction","target":{"@type":"EntryPoint","urlTemplate":"https:\/\/costeira.wine\/?s={search_term_string}"},"query-input":{"@type":"PropertyValueSpecification","valueRequired":true,"valueName":"search_term_string"}}],"inLanguage":"en-US"},{"@type":"Organization","@id":"https:\/\/costeira.wine\/#organization","name":"Vi\u00f1a costeira","url":"https:\/\/costeira.wine\/","logo":{"@type":"ImageObject","inLanguage":"en-US","@id":"https:\/\/costeira.wine\/#\/schema\/logo\/image\/","url":"https:\/\/costeira.wine\/wp-content\/uploads\/2021\/06\/logo_vina_costeira.svg","contentUrl":"https:\/\/costeira.wine\/wp-content\/uploads\/2021\/06\/logo_vina_costeira.svg","width":1024,"height":100,"caption":"Vi\u00f1a costeira"},"image":{"@id":"https:\/\/costeira.wine\/#\/schema\/logo\/image\/"},"sameAs":["https:\/\/www.facebook.com\/vinacosteira\/","https:\/\/x.com\/costeira_es","https:\/\/www.instagram.com\/costeira.es\/","https:\/\/www.linkedin.com\/company\/vi\u00f1a-costeira\/","https:\/\/www.youtube.com\/channel\/UCx-kNrCaW0EIlxNK7nBRyfA"]},{"@type":"Person","@id":"https:\/\/costeira.wine\/#\/schema\/person\/be5cac9aab2eadddfb8f6f829e642362","name":"webmaster","image":{"@type":"ImageObject","inLanguage":"en-US","@id":"https:\/\/costeira.wine\/#\/schema\/person\/image\/","url":"https:\/\/secure.gravatar.com\/avatar\/1f23f79ab92315a6553b61d72b11411a?s=96&d=mm&r=g","contentUrl":"https:\/\/secure.gravatar.com\/avatar\/1f23f79ab92315a6553b61d72b11411a?s=96&d=mm&r=g","caption":"webmaster"},"sameAs":["http:\/\/costeira.wine"]}]}},"_links":{"self":[{"href":"https:\/\/costeira.wine\/en\/wp-json\/wp\/v2\/posts\/2775","targetHints":{"allow":["GET"]}}],"collection":[{"href":"https:\/\/costeira.wine\/en\/wp-json\/wp\/v2\/posts"}],"about":[{"href":"https:\/\/costeira.wine\/en\/wp-json\/wp\/v2\/types\/post"}],"author":[{"embeddable":true,"href":"https:\/\/costeira.wine\/en\/wp-json\/wp\/v2\/users\/1"}],"replies":[{"embeddable":true,"href":"https:\/\/costeira.wine\/en\/wp-json\/wp\/v2\/comments?post=2775"}],"version-history":[{"count":0,"href":"https:\/\/costeira.wine\/en\/wp-json\/wp\/v2\/posts\/2775\/revisions"}],"wp:featuredmedia":[{"embeddable":true,"href":"https:\/\/costeira.wine\/en\/wp-json\/"}],"wp:attachment":[{"href":"https:\/\/costeira.wine\/en\/wp-json\/wp\/v2\/media?parent=2775"}],"wp:term":[{"taxonomy":"category","embeddable":true,"href":"https:\/\/costeira.wine\/en\/wp-json\/wp\/v2\/categories?post=2775"},{"taxonomy":"post_tag","embeddable":true,"href":"https:\/\/costeira.wine\/en\/wp-json\/wp\/v2\/tags?post=2775"}],"curies":[{"name":"wp","href":"https:\/\/api.w.org\/{rel}","templated":true}]}}