{"id":2781,"date":"2017-02-08T12:00:15","date_gmt":"2017-02-08T12:00:15","guid":{"rendered":"https:\/\/costeira.es\/?p=2781"},"modified":"2017-02-08T12:00:15","modified_gmt":"2017-02-08T12:00:15","slug":"vina-costeira-entre-las-bodegas-galardonadas-en-los-premios-verema-2016","status":"publish","type":"post","link":"https:\/\/costeira.wine\/en\/vina-costeira-entre-las-bodegas-galardonadas-en-los-premios-verema-2016\/","title":{"rendered":"Vi\u00f1a Costeira entre las bodegas galardonadas en los premios Verema 2016"},"content":{"rendered":"<h2 class=\"subtitulo-costeira\">Premios Verema 2016<\/h2>\n<p>Tras unos d\u00edas de incertidumbre y espera, el pasado mi\u00e9rcoles se hac\u00edan oficiales los resultados de los prestigiosos <span style=\"font-weight: bold;\">premios Verema 2016<\/span>, premios a los que nuestra bodega estaba nominada en las categor\u00edas de &#8220;Mejor espumoso&#8221; y &#8220;Mejor Bodega&#8221;.<\/p>\n<p>Tras el recuento de los 7100 votos recibidos, Vi\u00f1a Costeira consigui\u00f3 alcanzar el <span style=\"font-weight: bold;\">tercer puesto en la categor\u00eda de &#8220;Mejor Bodega del A\u00f1o&#8221;<\/span>, un gran \u00e9xito al tratarse de nuestra <span style=\"font-weight: bold;\">primera participaci\u00f3n en Verema<\/span> y siendo en esta ocasi\u00f3n la \u00fanica bodega gallega galardonada en esta categor\u00eda.<\/p>\n<p>Por otra parte, tambi\u00e9n nos ha tocado de cerca el \u00e9xito de la <span style=\"font-weight: bold;\">D.O. Ribeiro<\/span>, que consigui\u00f3 el primer puesto en la categor\u00eda de &#8220;<span style=\"font-weight: bold;\">Mejor CRDO del a\u00f1o<\/span>&#8220;, siendo igualmente la \u00fanica D.O. gallega entre las vencedoras del certamen.<\/p>\n<p>El acto de entrega de premios a los <a style=\"font-weight: bold;\" href=\"https:\/\/www.verema.com\/blog\/verema\/1404973-ganadores-premios-verema-2016\" target=\"_blank\" rel=\"noopener noreferrer\">ganadores<\/a> se realizar\u00e1 el pr\u00f3ximo 25 de Febrero en el Evento Verema de Valencia, en la segunda jornada.<\/p>\n<p>Recibir este <span style=\"font-weight: bold;\">reconocimiento<\/span> es un gran impulso para nuestra bodega, que nos ayudar\u00e1 a seguir trabajando en la b\u00fasqueda de nuevos retos y a consolidar nuestra imagen como <span style=\"font-weight: bold;\">bodega referente<\/span> dentro del panorama Gallego.<\/p>\n<p><img decoding=\"async\" src=\"\/wp-content\/uploads\/imgs-older\/F0000000566_premios_verema_2.jpg\" loading=\"lazy\"><\/p>\n","protected":false},"excerpt":{"rendered":"<p>Premios Verema 2016 Tras unos d\u00edas de incertidumbre y espera, el pasado mi\u00e9rcoles se hac\u00edan oficiales los resultados de los prestigiosos premios Verema 2016, premios a los que nuestra bodega estaba nominada en las categor\u00edas de &#8220;Mejor espumoso&#8221; y &#8220;Mejor Bodega&#8221;. Tras el recuento de los 7100 votos recibidos, Vi\u00f1a Costeira consigui\u00f3 alcanzar el tercer [&hellip;]<\/p>\n","protected":false},"author":1,"featured_media":16932,"comment_status":"open","ping_status":"open","sticky":false,"template":"","format":"standard","meta":{"footnotes":""},"categories":[80],"tags":[],"class_list":["post-2781","post","type-post","status-publish","format-standard","has-post-thumbnail","hentry","category-novedad"],"yoast_head":"<!-- This site is optimized with the Yoast SEO plugin v24.8.1 - https:\/\/yoast.com\/wordpress\/plugins\/seo\/ -->\n<title>Vi\u00f1a Costeira entre las bodegas galardonadas en los premios Verema 2016 - Vi\u00f1a costeira<\/title>\n<meta name=\"description\" content=\"%\" \/>\n<meta name=\"robots\" content=\"index, follow, max-snippet:-1, max-image-preview:large, max-video-preview:-1\" \/>\n<link rel=\"canonical\" href=\"https:\/\/costeira.wine\/vina-costeira-entre-las-bodegas-galardonadas-en-los-premios-verema-2016\/\" \/>\n<meta property=\"og:locale\" content=\"en_US\" \/>\n<meta property=\"og:type\" content=\"article\" \/>\n<meta property=\"og:title\" content=\"Vi\u00f1a Costeira entre las bodegas galardonadas en los premios Verema 2016 - Vi\u00f1a costeira\" \/>\n<meta property=\"og:description\" content=\"%\" \/>\n<meta property=\"og:url\" content=\"https:\/\/costeira.wine\/vina-costeira-entre-las-bodegas-galardonadas-en-los-premios-verema-2016\/\" \/>\n<meta property=\"og:site_name\" content=\"Vi\u00f1a costeira\" \/>\n<meta property=\"article:publisher\" content=\"https:\/\/www.facebook.com\/vinacosteira\/\" \/>\n<meta property=\"article:published_time\" content=\"2017-02-08T12:00:15+00:00\" \/>\n<meta property=\"og:image\" content=\"https:\/\/costeira.wine\/wp-content\/uploads\/2021\/07\/costeira_estrellas_000175-low-980x653-1.jpg\" \/>\n\t<meta property=\"og:image:width\" content=\"980\" \/>\n\t<meta property=\"og:image:height\" content=\"653\" \/>\n\t<meta property=\"og:image:type\" content=\"image\/jpeg\" \/>\n<meta name=\"author\" content=\"webmaster\" \/>\n<meta name=\"twitter:card\" content=\"summary_large_image\" \/>\n<meta name=\"twitter:creator\" content=\"@costeira_es\" \/>\n<meta name=\"twitter:site\" content=\"@costeira_es\" \/>\n<meta name=\"twitter:label1\" content=\"Written by\" \/>\n\t<meta name=\"twitter:data1\" content=\"webmaster\" \/>\n\t<meta name=\"twitter:label2\" content=\"Est. reading time\" \/>\n\t<meta name=\"twitter:data2\" content=\"1 minute\" \/>\n<script type=\"application\/ld+json\" class=\"yoast-schema-graph\">{\"@context\":\"https:\/\/schema.org\",\"@graph\":[{\"@type\":\"Article\",\"@id\":\"https:\/\/costeira.wine\/vina-costeira-entre-las-bodegas-galardonadas-en-los-premios-verema-2016\/#article\",\"isPartOf\":{\"@id\":\"https:\/\/costeira.wine\/vina-costeira-entre-las-bodegas-galardonadas-en-los-premios-verema-2016\/\"},\"author\":{\"name\":\"webmaster\",\"@id\":\"https:\/\/costeira.wine\/#\/schema\/person\/be5cac9aab2eadddfb8f6f829e642362\"},\"headline\":\"Vi\u00f1a Costeira entre las bodegas galardonadas en los premios Verema 2016\",\"datePublished\":\"2017-02-08T12:00:15+00:00\",\"mainEntityOfPage\":{\"@id\":\"https:\/\/costeira.wine\/vina-costeira-entre-las-bodegas-galardonadas-en-los-premios-verema-2016\/\"},\"wordCount\":211,\"commentCount\":0,\"publisher\":{\"@id\":\"https:\/\/costeira.wine\/#organization\"},\"image\":{\"@id\":\"https:\/\/costeira.wine\/vina-costeira-entre-las-bodegas-galardonadas-en-los-premios-verema-2016\/#primaryimage\"},\"thumbnailUrl\":\"\",\"articleSection\":[\"Novedades\"],\"inLanguage\":\"en-US\",\"potentialAction\":[{\"@type\":\"CommentAction\",\"name\":\"Comment\",\"target\":[\"https:\/\/costeira.wine\/vina-costeira-entre-las-bodegas-galardonadas-en-los-premios-verema-2016\/#respond\"]}]},{\"@type\":\"WebPage\",\"@id\":\"https:\/\/costeira.wine\/vina-costeira-entre-las-bodegas-galardonadas-en-los-premios-verema-2016\/\",\"url\":\"https:\/\/costeira.wine\/vina-costeira-entre-las-bodegas-galardonadas-en-los-premios-verema-2016\/\",\"name\":\"Vi\u00f1a Costeira entre las bodegas galardonadas en los premios Verema 2016 - Vi\u00f1a costeira\",\"isPartOf\":{\"@id\":\"https:\/\/costeira.wine\/#website\"},\"primaryImageOfPage\":{\"@id\":\"https:\/\/costeira.wine\/vina-costeira-entre-las-bodegas-galardonadas-en-los-premios-verema-2016\/#primaryimage\"},\"image\":{\"@id\":\"https:\/\/costeira.wine\/vina-costeira-entre-las-bodegas-galardonadas-en-los-premios-verema-2016\/#primaryimage\"},\"thumbnailUrl\":\"\",\"datePublished\":\"2017-02-08T12:00:15+00:00\",\"description\":\"%\",\"breadcrumb\":{\"@id\":\"https:\/\/costeira.wine\/vina-costeira-entre-las-bodegas-galardonadas-en-los-premios-verema-2016\/#breadcrumb\"},\"inLanguage\":\"en-US\",\"potentialAction\":[{\"@type\":\"ReadAction\",\"target\":[\"https:\/\/costeira.wine\/vina-costeira-entre-las-bodegas-galardonadas-en-los-premios-verema-2016\/\"]}]},{\"@type\":\"ImageObject\",\"inLanguage\":\"en-US\",\"@id\":\"https:\/\/costeira.wine\/vina-costeira-entre-las-bodegas-galardonadas-en-los-premios-verema-2016\/#primaryimage\",\"url\":\"\",\"contentUrl\":\"\"},{\"@type\":\"BreadcrumbList\",\"@id\":\"https:\/\/costeira.wine\/vina-costeira-entre-las-bodegas-galardonadas-en-los-premios-verema-2016\/#breadcrumb\",\"itemListElement\":[{\"@type\":\"ListItem\",\"position\":1,\"name\":\"Portada\",\"item\":\"https:\/\/costeira.wine\/\"},{\"@type\":\"ListItem\",\"position\":2,\"name\":\"Vi\u00f1a Costeira entre las bodegas galardonadas en los premios Verema 2016\"}]},{\"@type\":\"WebSite\",\"@id\":\"https:\/\/costeira.wine\/#website\",\"url\":\"https:\/\/costeira.wine\/\",\"name\":\"Vi\u00f1a costeira\",\"description\":\"En la bodega Vi\u00f1a Costeira elaboramos vinos de D.O. Ribeiro y Valdeorras. Nuestros productos nos han convertido en la mejor bodega de Espa\u00f1a. \u00a1Con\u00f3cenos!\",\"publisher\":{\"@id\":\"https:\/\/costeira.wine\/#organization\"},\"potentialAction\":[{\"@type\":\"SearchAction\",\"target\":{\"@type\":\"EntryPoint\",\"urlTemplate\":\"https:\/\/costeira.wine\/?s={search_term_string}\"},\"query-input\":{\"@type\":\"PropertyValueSpecification\",\"valueRequired\":true,\"valueName\":\"search_term_string\"}}],\"inLanguage\":\"en-US\"},{\"@type\":\"Organization\",\"@id\":\"https:\/\/costeira.wine\/#organization\",\"name\":\"Vi\u00f1a costeira\",\"url\":\"https:\/\/costeira.wine\/\",\"logo\":{\"@type\":\"ImageObject\",\"inLanguage\":\"en-US\",\"@id\":\"https:\/\/costeira.wine\/#\/schema\/logo\/image\/\",\"url\":\"https:\/\/costeira.wine\/wp-content\/uploads\/2021\/06\/logo_vina_costeira.svg\",\"contentUrl\":\"https:\/\/costeira.wine\/wp-content\/uploads\/2021\/06\/logo_vina_costeira.svg\",\"width\":1024,\"height\":100,\"caption\":\"Vi\u00f1a costeira\"},\"image\":{\"@id\":\"https:\/\/costeira.wine\/#\/schema\/logo\/image\/\"},\"sameAs\":[\"https:\/\/www.facebook.com\/vinacosteira\/\",\"https:\/\/x.com\/costeira_es\",\"https:\/\/www.instagram.com\/costeira.es\/\",\"https:\/\/www.linkedin.com\/company\/vi\u00f1a-costeira\/\",\"https:\/\/www.youtube.com\/channel\/UCx-kNrCaW0EIlxNK7nBRyfA\"]},{\"@type\":\"Person\",\"@id\":\"https:\/\/costeira.wine\/#\/schema\/person\/be5cac9aab2eadddfb8f6f829e642362\",\"name\":\"webmaster\",\"image\":{\"@type\":\"ImageObject\",\"inLanguage\":\"en-US\",\"@id\":\"https:\/\/costeira.wine\/#\/schema\/person\/image\/\",\"url\":\"https:\/\/secure.gravatar.com\/avatar\/1f23f79ab92315a6553b61d72b11411a?s=96&d=mm&r=g\",\"contentUrl\":\"https:\/\/secure.gravatar.com\/avatar\/1f23f79ab92315a6553b61d72b11411a?s=96&d=mm&r=g\",\"caption\":\"webmaster\"},\"sameAs\":[\"http:\/\/costeira.wine\"]}]}<\/script>\n<!-- \/ Yoast SEO plugin. -->","yoast_head_json":{"title":"Vi\u00f1a Costeira entre las bodegas galardonadas en los premios Verema 2016 - Vi\u00f1a costeira","description":"%","robots":{"index":"index","follow":"follow","max-snippet":"max-snippet:-1","max-image-preview":"max-image-preview:large","max-video-preview":"max-video-preview:-1"},"canonical":"https:\/\/costeira.wine\/vina-costeira-entre-las-bodegas-galardonadas-en-los-premios-verema-2016\/","og_locale":"en_US","og_type":"article","og_title":"Vi\u00f1a Costeira entre las bodegas galardonadas en los premios Verema 2016 - Vi\u00f1a costeira","og_description":"%","og_url":"https:\/\/costeira.wine\/vina-costeira-entre-las-bodegas-galardonadas-en-los-premios-verema-2016\/","og_site_name":"Vi\u00f1a costeira","article_publisher":"https:\/\/www.facebook.com\/vinacosteira\/","article_published_time":"2017-02-08T12:00:15+00:00","og_image":[{"width":980,"height":653,"url":"https:\/\/costeira.wine\/wp-content\/uploads\/2021\/07\/costeira_estrellas_000175-low-980x653-1.jpg","type":"image\/jpeg"}],"author":"webmaster","twitter_card":"summary_large_image","twitter_creator":"@costeira_es","twitter_site":"@costeira_es","twitter_misc":{"Written by":"webmaster","Est. reading time":"1 minute"},"schema":{"@context":"https:\/\/schema.org","@graph":[{"@type":"Article","@id":"https:\/\/costeira.wine\/vina-costeira-entre-las-bodegas-galardonadas-en-los-premios-verema-2016\/#article","isPartOf":{"@id":"https:\/\/costeira.wine\/vina-costeira-entre-las-bodegas-galardonadas-en-los-premios-verema-2016\/"},"author":{"name":"webmaster","@id":"https:\/\/costeira.wine\/#\/schema\/person\/be5cac9aab2eadddfb8f6f829e642362"},"headline":"Vi\u00f1a Costeira entre las bodegas galardonadas en los premios Verema 2016","datePublished":"2017-02-08T12:00:15+00:00","mainEntityOfPage":{"@id":"https:\/\/costeira.wine\/vina-costeira-entre-las-bodegas-galardonadas-en-los-premios-verema-2016\/"},"wordCount":211,"commentCount":0,"publisher":{"@id":"https:\/\/costeira.wine\/#organization"},"image":{"@id":"https:\/\/costeira.wine\/vina-costeira-entre-las-bodegas-galardonadas-en-los-premios-verema-2016\/#primaryimage"},"thumbnailUrl":"","articleSection":["Novedades"],"inLanguage":"en-US","potentialAction":[{"@type":"CommentAction","name":"Comment","target":["https:\/\/costeira.wine\/vina-costeira-entre-las-bodegas-galardonadas-en-los-premios-verema-2016\/#respond"]}]},{"@type":"WebPage","@id":"https:\/\/costeira.wine\/vina-costeira-entre-las-bodegas-galardonadas-en-los-premios-verema-2016\/","url":"https:\/\/costeira.wine\/vina-costeira-entre-las-bodegas-galardonadas-en-los-premios-verema-2016\/","name":"Vi\u00f1a Costeira entre las bodegas galardonadas en los premios Verema 2016 - Vi\u00f1a costeira","isPartOf":{"@id":"https:\/\/costeira.wine\/#website"},"primaryImageOfPage":{"@id":"https:\/\/costeira.wine\/vina-costeira-entre-las-bodegas-galardonadas-en-los-premios-verema-2016\/#primaryimage"},"image":{"@id":"https:\/\/costeira.wine\/vina-costeira-entre-las-bodegas-galardonadas-en-los-premios-verema-2016\/#primaryimage"},"thumbnailUrl":"","datePublished":"2017-02-08T12:00:15+00:00","description":"%","breadcrumb":{"@id":"https:\/\/costeira.wine\/vina-costeira-entre-las-bodegas-galardonadas-en-los-premios-verema-2016\/#breadcrumb"},"inLanguage":"en-US","potentialAction":[{"@type":"ReadAction","target":["https:\/\/costeira.wine\/vina-costeira-entre-las-bodegas-galardonadas-en-los-premios-verema-2016\/"]}]},{"@type":"ImageObject","inLanguage":"en-US","@id":"https:\/\/costeira.wine\/vina-costeira-entre-las-bodegas-galardonadas-en-los-premios-verema-2016\/#primaryimage","url":"","contentUrl":""},{"@type":"BreadcrumbList","@id":"https:\/\/costeira.wine\/vina-costeira-entre-las-bodegas-galardonadas-en-los-premios-verema-2016\/#breadcrumb","itemListElement":[{"@type":"ListItem","position":1,"name":"Portada","item":"https:\/\/costeira.wine\/"},{"@type":"ListItem","position":2,"name":"Vi\u00f1a Costeira entre las bodegas galardonadas en los premios Verema 2016"}]},{"@type":"WebSite","@id":"https:\/\/costeira.wine\/#website","url":"https:\/\/costeira.wine\/","name":"Vi\u00f1a costeira","description":"En la bodega Vi\u00f1a Costeira elaboramos vinos de D.O. Ribeiro y Valdeorras. Nuestros productos nos han convertido en la mejor bodega de Espa\u00f1a. \u00a1Con\u00f3cenos!","publisher":{"@id":"https:\/\/costeira.wine\/#organization"},"potentialAction":[{"@type":"SearchAction","target":{"@type":"EntryPoint","urlTemplate":"https:\/\/costeira.wine\/?s={search_term_string}"},"query-input":{"@type":"PropertyValueSpecification","valueRequired":true,"valueName":"search_term_string"}}],"inLanguage":"en-US"},{"@type":"Organization","@id":"https:\/\/costeira.wine\/#organization","name":"Vi\u00f1a costeira","url":"https:\/\/costeira.wine\/","logo":{"@type":"ImageObject","inLanguage":"en-US","@id":"https:\/\/costeira.wine\/#\/schema\/logo\/image\/","url":"https:\/\/costeira.wine\/wp-content\/uploads\/2021\/06\/logo_vina_costeira.svg","contentUrl":"https:\/\/costeira.wine\/wp-content\/uploads\/2021\/06\/logo_vina_costeira.svg","width":1024,"height":100,"caption":"Vi\u00f1a costeira"},"image":{"@id":"https:\/\/costeira.wine\/#\/schema\/logo\/image\/"},"sameAs":["https:\/\/www.facebook.com\/vinacosteira\/","https:\/\/x.com\/costeira_es","https:\/\/www.instagram.com\/costeira.es\/","https:\/\/www.linkedin.com\/company\/vi\u00f1a-costeira\/","https:\/\/www.youtube.com\/channel\/UCx-kNrCaW0EIlxNK7nBRyfA"]},{"@type":"Person","@id":"https:\/\/costeira.wine\/#\/schema\/person\/be5cac9aab2eadddfb8f6f829e642362","name":"webmaster","image":{"@type":"ImageObject","inLanguage":"en-US","@id":"https:\/\/costeira.wine\/#\/schema\/person\/image\/","url":"https:\/\/secure.gravatar.com\/avatar\/1f23f79ab92315a6553b61d72b11411a?s=96&d=mm&r=g","contentUrl":"https:\/\/secure.gravatar.com\/avatar\/1f23f79ab92315a6553b61d72b11411a?s=96&d=mm&r=g","caption":"webmaster"},"sameAs":["http:\/\/costeira.wine"]}]}},"_links":{"self":[{"href":"https:\/\/costeira.wine\/en\/wp-json\/wp\/v2\/posts\/2781","targetHints":{"allow":["GET"]}}],"collection":[{"href":"https:\/\/costeira.wine\/en\/wp-json\/wp\/v2\/posts"}],"about":[{"href":"https:\/\/costeira.wine\/en\/wp-json\/wp\/v2\/types\/post"}],"author":[{"embeddable":true,"href":"https:\/\/costeira.wine\/en\/wp-json\/wp\/v2\/users\/1"}],"replies":[{"embeddable":true,"href":"https:\/\/costeira.wine\/en\/wp-json\/wp\/v2\/comments?post=2781"}],"version-history":[{"count":0,"href":"https:\/\/costeira.wine\/en\/wp-json\/wp\/v2\/posts\/2781\/revisions"}],"wp:featuredmedia":[{"embeddable":true,"href":"https:\/\/costeira.wine\/en\/wp-json\/"}],"wp:attachment":[{"href":"https:\/\/costeira.wine\/en\/wp-json\/wp\/v2\/media?parent=2781"}],"wp:term":[{"taxonomy":"category","embeddable":true,"href":"https:\/\/costeira.wine\/en\/wp-json\/wp\/v2\/categories?post=2781"},{"taxonomy":"post_tag","embeddable":true,"href":"https:\/\/costeira.wine\/en\/wp-json\/wp\/v2\/tags?post=2781"}],"curies":[{"name":"wp","href":"https:\/\/api.w.org\/{rel}","templated":true}]}}