{"id":29277,"date":"2017-04-13T12:00:12","date_gmt":"2017-04-13T12:00:12","guid":{"rendered":"https:\/\/costeira.es\/?p=2745"},"modified":"2017-04-13T12:00:12","modified_gmt":"2017-04-13T12:00:12","slug":"disfruta-la-semana-santa-con-vina-costeira","status":"publish","type":"post","link":"https:\/\/costeira.wine\/en\/disfruta-la-semana-santa-con-vina-costeira\/","title":{"rendered":"Disfruta la Semana Santa con Vi\u00f1a Costeira"},"content":{"rendered":"<h2 class=\"subtitulo-costeira\">Semana Santa 2017<\/h2>\n<p style=\"text-align: justify;\">Durante esta <span style=\"font-weight: bold;\">Semana Santa 2017<\/span>, Vi\u00f1a Costeira complementar\u00e1 la oferta tur\u00edstica de la comarca del Ribeiro <span style=\"font-weight: bold;\">abriendo sus puertas para visitas<\/span>, disponiendo en el cat\u00e1logo de actividades enotur\u00edsticas de visitas a vi\u00f1edo, rutas por la bodega y cata de los productos elaborados en la cooperativa.<\/p>\n<p style=\"text-align: justify;\">El departamento de enoturismo contar\u00e1 con un <span style=\"font-weight: bold;\">horario de visitas y degustaciones centralizado a las 12:00 horas del mediod\u00eda<\/span>, en el que se podr\u00e1 recorrer los rincones de nuestra bodega, visitar nuestros maravillosos vi\u00f1edos y conocer el proceso de elaboraci\u00f3n del vino, terminando el recorrido con una cata de nuestros productos. Adem\u00e1s de las visitas de enoturismo, la <span style=\"font-weight: bold;\">bodega permanecer\u00e1 abierta de 10:00 a 14:00 para venta de vino y atenci\u00f3n a visitantes<\/span>.<\/p>\n<p style=\"text-align: justify;\">Para informaci\u00f3n y reservas sobre las actividades de Semana Santa, los tel\u00e9fonos de contacto son el <span style=\"font-weight: bold;\">988 477 210<\/span> y el <span style=\"font-weight: bold;\">648 237 385<\/span>, pudiendo escribir tambi\u00e9n al correo electr\u00f3nico<span style=\"font-weight: bold;\"> informacion@costeira.es<\/span>.<\/p>\n<p style=\"text-align: justify;\">\u00a1Os esperamos!<\/p>\n<p><img decoding=\"async\" src=\"\/wp-content\/uploads\/imgs-older\/F0000000576_whatsapp_image_2017_03_30_at_09.58.50.jpg\" loading=\"lazy\"><\/p>\n","protected":false},"excerpt":{"rendered":"<p>Semana Santa 2017 Durante esta Semana Santa 2017, Vi\u00f1a Costeira complementar\u00e1 la oferta tur\u00edstica de la comarca del Ribeiro abriendo sus puertas para visitas, disponiendo en el cat\u00e1logo de actividades enotur\u00edsticas de visitas a vi\u00f1edo, rutas por la bodega y cata de los productos elaborados en la cooperativa. El departamento de enoturismo contar\u00e1 con un [&hellip;]<\/p>\n","protected":false},"author":1,"featured_media":17832,"comment_status":"open","ping_status":"open","sticky":false,"template":"","format":"standard","meta":{"footnotes":""},"categories":[80],"tags":[],"class_list":["post-29277","post","type-post","status-publish","format-standard","has-post-thumbnail","hentry","category-novedad"],"yoast_head":"<!-- This site is optimized with the Yoast SEO plugin v24.8.1 - https:\/\/yoast.com\/wordpress\/plugins\/seo\/ -->\n<title>Disfruta la Semana Santa con Vi\u00f1a Costeira - Vi\u00f1a costeira<\/title>\n<meta name=\"description\" content=\"%\" \/>\n<meta name=\"robots\" content=\"index, follow, max-snippet:-1, max-image-preview:large, max-video-preview:-1\" \/>\n<link rel=\"canonical\" href=\"https:\/\/costeira.wine\/disfruta-la-semana-santa-con-vina-costeira\/\" \/>\n<meta property=\"og:locale\" content=\"en_US\" \/>\n<meta property=\"og:type\" content=\"article\" \/>\n<meta property=\"og:title\" content=\"Disfruta la Semana Santa con Vi\u00f1a Costeira - Vi\u00f1a costeira\" \/>\n<meta property=\"og:description\" content=\"%\" \/>\n<meta property=\"og:url\" content=\"https:\/\/costeira.wine\/disfruta-la-semana-santa-con-vina-costeira\/\" \/>\n<meta property=\"og:site_name\" content=\"Vi\u00f1a costeira\" \/>\n<meta property=\"article:publisher\" content=\"https:\/\/www.facebook.com\/vinacosteira\/\" \/>\n<meta property=\"article:published_time\" content=\"2017-04-13T12:00:12+00:00\" \/>\n<meta property=\"og:image\" content=\"https:\/\/costeira.wine\/wp-content\/uploads\/2021\/07\/costeira_estrellas_000175-low-980x653-1.jpg\" \/>\n\t<meta property=\"og:image:width\" content=\"980\" \/>\n\t<meta property=\"og:image:height\" content=\"653\" \/>\n\t<meta property=\"og:image:type\" content=\"image\/jpeg\" \/>\n<meta name=\"author\" content=\"webmaster\" \/>\n<meta name=\"twitter:card\" content=\"summary_large_image\" \/>\n<meta name=\"twitter:creator\" content=\"@costeira_es\" \/>\n<meta name=\"twitter:site\" content=\"@costeira_es\" \/>\n<meta name=\"twitter:label1\" content=\"Written by\" \/>\n\t<meta name=\"twitter:data1\" content=\"webmaster\" \/>\n\t<meta name=\"twitter:label2\" content=\"Est. reading time\" \/>\n\t<meta name=\"twitter:data2\" content=\"1 minute\" \/>\n<script type=\"application\/ld+json\" class=\"yoast-schema-graph\">{\"@context\":\"https:\/\/schema.org\",\"@graph\":[{\"@type\":\"Article\",\"@id\":\"https:\/\/costeira.wine\/disfruta-la-semana-santa-con-vina-costeira\/#article\",\"isPartOf\":{\"@id\":\"https:\/\/costeira.wine\/disfruta-la-semana-santa-con-vina-costeira\/\"},\"author\":{\"name\":\"webmaster\",\"@id\":\"https:\/\/costeira.wine\/#\/schema\/person\/be5cac9aab2eadddfb8f6f829e642362\"},\"headline\":\"Disfruta la Semana Santa con Vi\u00f1a Costeira\",\"datePublished\":\"2017-04-13T12:00:12+00:00\",\"mainEntityOfPage\":{\"@id\":\"https:\/\/costeira.wine\/disfruta-la-semana-santa-con-vina-costeira\/\"},\"wordCount\":167,\"commentCount\":0,\"publisher\":{\"@id\":\"https:\/\/costeira.wine\/#organization\"},\"image\":{\"@id\":\"https:\/\/costeira.wine\/disfruta-la-semana-santa-con-vina-costeira\/#primaryimage\"},\"thumbnailUrl\":\"\",\"articleSection\":[\"Novedades\"],\"inLanguage\":\"en-US\",\"potentialAction\":[{\"@type\":\"CommentAction\",\"name\":\"Comment\",\"target\":[\"https:\/\/costeira.wine\/disfruta-la-semana-santa-con-vina-costeira\/#respond\"]}]},{\"@type\":\"WebPage\",\"@id\":\"https:\/\/costeira.wine\/disfruta-la-semana-santa-con-vina-costeira\/\",\"url\":\"https:\/\/costeira.wine\/disfruta-la-semana-santa-con-vina-costeira\/\",\"name\":\"Disfruta la Semana Santa con Vi\u00f1a Costeira - Vi\u00f1a costeira\",\"isPartOf\":{\"@id\":\"https:\/\/costeira.wine\/#website\"},\"primaryImageOfPage\":{\"@id\":\"https:\/\/costeira.wine\/disfruta-la-semana-santa-con-vina-costeira\/#primaryimage\"},\"image\":{\"@id\":\"https:\/\/costeira.wine\/disfruta-la-semana-santa-con-vina-costeira\/#primaryimage\"},\"thumbnailUrl\":\"\",\"datePublished\":\"2017-04-13T12:00:12+00:00\",\"description\":\"%\",\"breadcrumb\":{\"@id\":\"https:\/\/costeira.wine\/disfruta-la-semana-santa-con-vina-costeira\/#breadcrumb\"},\"inLanguage\":\"en-US\",\"potentialAction\":[{\"@type\":\"ReadAction\",\"target\":[\"https:\/\/costeira.wine\/disfruta-la-semana-santa-con-vina-costeira\/\"]}]},{\"@type\":\"ImageObject\",\"inLanguage\":\"en-US\",\"@id\":\"https:\/\/costeira.wine\/disfruta-la-semana-santa-con-vina-costeira\/#primaryimage\",\"url\":\"\",\"contentUrl\":\"\"},{\"@type\":\"BreadcrumbList\",\"@id\":\"https:\/\/costeira.wine\/disfruta-la-semana-santa-con-vina-costeira\/#breadcrumb\",\"itemListElement\":[{\"@type\":\"ListItem\",\"position\":1,\"name\":\"Portada\",\"item\":\"https:\/\/costeira.wine\/\"},{\"@type\":\"ListItem\",\"position\":2,\"name\":\"Disfruta la Semana Santa con Vi\u00f1a Costeira\"}]},{\"@type\":\"WebSite\",\"@id\":\"https:\/\/costeira.wine\/#website\",\"url\":\"https:\/\/costeira.wine\/\",\"name\":\"Vi\u00f1a costeira\",\"description\":\"En la bodega Vi\u00f1a Costeira elaboramos vinos de D.O. Ribeiro y Valdeorras. Nuestros productos nos han convertido en la mejor bodega de Espa\u00f1a. \u00a1Con\u00f3cenos!\",\"publisher\":{\"@id\":\"https:\/\/costeira.wine\/#organization\"},\"potentialAction\":[{\"@type\":\"SearchAction\",\"target\":{\"@type\":\"EntryPoint\",\"urlTemplate\":\"https:\/\/costeira.wine\/?s={search_term_string}\"},\"query-input\":{\"@type\":\"PropertyValueSpecification\",\"valueRequired\":true,\"valueName\":\"search_term_string\"}}],\"inLanguage\":\"en-US\"},{\"@type\":\"Organization\",\"@id\":\"https:\/\/costeira.wine\/#organization\",\"name\":\"Vi\u00f1a costeira\",\"url\":\"https:\/\/costeira.wine\/\",\"logo\":{\"@type\":\"ImageObject\",\"inLanguage\":\"en-US\",\"@id\":\"https:\/\/costeira.wine\/#\/schema\/logo\/image\/\",\"url\":\"https:\/\/costeira.wine\/wp-content\/uploads\/2021\/06\/logo_vina_costeira.svg\",\"contentUrl\":\"https:\/\/costeira.wine\/wp-content\/uploads\/2021\/06\/logo_vina_costeira.svg\",\"width\":1024,\"height\":100,\"caption\":\"Vi\u00f1a costeira\"},\"image\":{\"@id\":\"https:\/\/costeira.wine\/#\/schema\/logo\/image\/\"},\"sameAs\":[\"https:\/\/www.facebook.com\/vinacosteira\/\",\"https:\/\/x.com\/costeira_es\",\"https:\/\/www.instagram.com\/costeira.es\/\",\"https:\/\/www.linkedin.com\/company\/vi\u00f1a-costeira\/\",\"https:\/\/www.youtube.com\/channel\/UCx-kNrCaW0EIlxNK7nBRyfA\"]},{\"@type\":\"Person\",\"@id\":\"https:\/\/costeira.wine\/#\/schema\/person\/be5cac9aab2eadddfb8f6f829e642362\",\"name\":\"webmaster\",\"image\":{\"@type\":\"ImageObject\",\"inLanguage\":\"en-US\",\"@id\":\"https:\/\/costeira.wine\/#\/schema\/person\/image\/\",\"url\":\"https:\/\/secure.gravatar.com\/avatar\/1f23f79ab92315a6553b61d72b11411a?s=96&d=mm&r=g\",\"contentUrl\":\"https:\/\/secure.gravatar.com\/avatar\/1f23f79ab92315a6553b61d72b11411a?s=96&d=mm&r=g\",\"caption\":\"webmaster\"},\"sameAs\":[\"http:\/\/costeira.wine\"]}]}<\/script>\n<!-- \/ Yoast SEO plugin. -->","yoast_head_json":{"title":"Disfruta la Semana Santa con Vi\u00f1a Costeira - Vi\u00f1a costeira","description":"%","robots":{"index":"index","follow":"follow","max-snippet":"max-snippet:-1","max-image-preview":"max-image-preview:large","max-video-preview":"max-video-preview:-1"},"canonical":"https:\/\/costeira.wine\/disfruta-la-semana-santa-con-vina-costeira\/","og_locale":"en_US","og_type":"article","og_title":"Disfruta la Semana Santa con Vi\u00f1a Costeira - Vi\u00f1a costeira","og_description":"%","og_url":"https:\/\/costeira.wine\/disfruta-la-semana-santa-con-vina-costeira\/","og_site_name":"Vi\u00f1a costeira","article_publisher":"https:\/\/www.facebook.com\/vinacosteira\/","article_published_time":"2017-04-13T12:00:12+00:00","og_image":[{"width":980,"height":653,"url":"https:\/\/costeira.wine\/wp-content\/uploads\/2021\/07\/costeira_estrellas_000175-low-980x653-1.jpg","type":"image\/jpeg"}],"author":"webmaster","twitter_card":"summary_large_image","twitter_creator":"@costeira_es","twitter_site":"@costeira_es","twitter_misc":{"Written by":"webmaster","Est. reading time":"1 minute"},"schema":{"@context":"https:\/\/schema.org","@graph":[{"@type":"Article","@id":"https:\/\/costeira.wine\/disfruta-la-semana-santa-con-vina-costeira\/#article","isPartOf":{"@id":"https:\/\/costeira.wine\/disfruta-la-semana-santa-con-vina-costeira\/"},"author":{"name":"webmaster","@id":"https:\/\/costeira.wine\/#\/schema\/person\/be5cac9aab2eadddfb8f6f829e642362"},"headline":"Disfruta la Semana Santa con Vi\u00f1a Costeira","datePublished":"2017-04-13T12:00:12+00:00","mainEntityOfPage":{"@id":"https:\/\/costeira.wine\/disfruta-la-semana-santa-con-vina-costeira\/"},"wordCount":167,"commentCount":0,"publisher":{"@id":"https:\/\/costeira.wine\/#organization"},"image":{"@id":"https:\/\/costeira.wine\/disfruta-la-semana-santa-con-vina-costeira\/#primaryimage"},"thumbnailUrl":"","articleSection":["Novedades"],"inLanguage":"en-US","potentialAction":[{"@type":"CommentAction","name":"Comment","target":["https:\/\/costeira.wine\/disfruta-la-semana-santa-con-vina-costeira\/#respond"]}]},{"@type":"WebPage","@id":"https:\/\/costeira.wine\/disfruta-la-semana-santa-con-vina-costeira\/","url":"https:\/\/costeira.wine\/disfruta-la-semana-santa-con-vina-costeira\/","name":"Disfruta la Semana Santa con Vi\u00f1a Costeira - Vi\u00f1a costeira","isPartOf":{"@id":"https:\/\/costeira.wine\/#website"},"primaryImageOfPage":{"@id":"https:\/\/costeira.wine\/disfruta-la-semana-santa-con-vina-costeira\/#primaryimage"},"image":{"@id":"https:\/\/costeira.wine\/disfruta-la-semana-santa-con-vina-costeira\/#primaryimage"},"thumbnailUrl":"","datePublished":"2017-04-13T12:00:12+00:00","description":"%","breadcrumb":{"@id":"https:\/\/costeira.wine\/disfruta-la-semana-santa-con-vina-costeira\/#breadcrumb"},"inLanguage":"en-US","potentialAction":[{"@type":"ReadAction","target":["https:\/\/costeira.wine\/disfruta-la-semana-santa-con-vina-costeira\/"]}]},{"@type":"ImageObject","inLanguage":"en-US","@id":"https:\/\/costeira.wine\/disfruta-la-semana-santa-con-vina-costeira\/#primaryimage","url":"","contentUrl":""},{"@type":"BreadcrumbList","@id":"https:\/\/costeira.wine\/disfruta-la-semana-santa-con-vina-costeira\/#breadcrumb","itemListElement":[{"@type":"ListItem","position":1,"name":"Portada","item":"https:\/\/costeira.wine\/"},{"@type":"ListItem","position":2,"name":"Disfruta la Semana Santa con Vi\u00f1a Costeira"}]},{"@type":"WebSite","@id":"https:\/\/costeira.wine\/#website","url":"https:\/\/costeira.wine\/","name":"Vi\u00f1a costeira","description":"En la bodega Vi\u00f1a Costeira elaboramos vinos de D.O. Ribeiro y Valdeorras. Nuestros productos nos han convertido en la mejor bodega de Espa\u00f1a. \u00a1Con\u00f3cenos!","publisher":{"@id":"https:\/\/costeira.wine\/#organization"},"potentialAction":[{"@type":"SearchAction","target":{"@type":"EntryPoint","urlTemplate":"https:\/\/costeira.wine\/?s={search_term_string}"},"query-input":{"@type":"PropertyValueSpecification","valueRequired":true,"valueName":"search_term_string"}}],"inLanguage":"en-US"},{"@type":"Organization","@id":"https:\/\/costeira.wine\/#organization","name":"Vi\u00f1a costeira","url":"https:\/\/costeira.wine\/","logo":{"@type":"ImageObject","inLanguage":"en-US","@id":"https:\/\/costeira.wine\/#\/schema\/logo\/image\/","url":"https:\/\/costeira.wine\/wp-content\/uploads\/2021\/06\/logo_vina_costeira.svg","contentUrl":"https:\/\/costeira.wine\/wp-content\/uploads\/2021\/06\/logo_vina_costeira.svg","width":1024,"height":100,"caption":"Vi\u00f1a costeira"},"image":{"@id":"https:\/\/costeira.wine\/#\/schema\/logo\/image\/"},"sameAs":["https:\/\/www.facebook.com\/vinacosteira\/","https:\/\/x.com\/costeira_es","https:\/\/www.instagram.com\/costeira.es\/","https:\/\/www.linkedin.com\/company\/vi\u00f1a-costeira\/","https:\/\/www.youtube.com\/channel\/UCx-kNrCaW0EIlxNK7nBRyfA"]},{"@type":"Person","@id":"https:\/\/costeira.wine\/#\/schema\/person\/be5cac9aab2eadddfb8f6f829e642362","name":"webmaster","image":{"@type":"ImageObject","inLanguage":"en-US","@id":"https:\/\/costeira.wine\/#\/schema\/person\/image\/","url":"https:\/\/secure.gravatar.com\/avatar\/1f23f79ab92315a6553b61d72b11411a?s=96&d=mm&r=g","contentUrl":"https:\/\/secure.gravatar.com\/avatar\/1f23f79ab92315a6553b61d72b11411a?s=96&d=mm&r=g","caption":"webmaster"},"sameAs":["http:\/\/costeira.wine"]}]}},"_links":{"self":[{"href":"https:\/\/costeira.wine\/en\/wp-json\/wp\/v2\/posts\/29277","targetHints":{"allow":["GET"]}}],"collection":[{"href":"https:\/\/costeira.wine\/en\/wp-json\/wp\/v2\/posts"}],"about":[{"href":"https:\/\/costeira.wine\/en\/wp-json\/wp\/v2\/types\/post"}],"author":[{"embeddable":true,"href":"https:\/\/costeira.wine\/en\/wp-json\/wp\/v2\/users\/1"}],"replies":[{"embeddable":true,"href":"https:\/\/costeira.wine\/en\/wp-json\/wp\/v2\/comments?post=29277"}],"version-history":[{"count":0,"href":"https:\/\/costeira.wine\/en\/wp-json\/wp\/v2\/posts\/29277\/revisions"}],"wp:featuredmedia":[{"embeddable":true,"href":"https:\/\/costeira.wine\/en\/wp-json\/"}],"wp:attachment":[{"href":"https:\/\/costeira.wine\/en\/wp-json\/wp\/v2\/media?parent=29277"}],"wp:term":[{"taxonomy":"category","embeddable":true,"href":"https:\/\/costeira.wine\/en\/wp-json\/wp\/v2\/categories?post=29277"},{"taxonomy":"post_tag","embeddable":true,"href":"https:\/\/costeira.wine\/en\/wp-json\/wp\/v2\/tags?post=29277"}],"curies":[{"name":"wp","href":"https:\/\/api.w.org\/{rel}","templated":true}]}}