{"id":29278,"date":"2017-03-31T12:00:51","date_gmt":"2017-03-31T12:00:51","guid":{"rendered":"https:\/\/costeira.es\/?p=2751"},"modified":"2017-03-31T12:00:51","modified_gmt":"2017-03-31T12:00:51","slug":"fevino-y-verema-marbella-proximas-paradas-de-vina-costeira","status":"publish","type":"post","link":"https:\/\/costeira.wine\/en\/fevino-y-verema-marbella-proximas-paradas-de-vina-costeira\/","title":{"rendered":"FEVINO y Verema Marbella, pr\u00f3ximas paradas de Vi\u00f1a Costeira"},"content":{"rendered":"<p style=\"text-align: justify;\">En esta ruta de punta a punta de la Pen\u00ednsula, la bodega tendr\u00e1 representaci\u00f3n el d\u00eda 3 de abril en el Evento Verema de Marbella, con una nueva parada del calendario Verema, que en esta ocasi\u00f3n aterriza en tierras andaluzas para llevar a una nueva ciudad esta singular experiencia enol\u00f3gica para profesionales y amantes del vino.<\/p>\n<p style=\"text-align: justify;\">Los pr\u00f3ximos d\u00edas 3 y 4 de abril ser\u00e1n de mucha actividad para&nbsp;Vi\u00f1a Costeira&nbsp;, ya que estar\u00e1 presente en dos eventos de relevancia para el mundo vitivin\u00edcola: FEVINO en Ferrol y Verema Marbella.<\/p>\n<p class=\"MsoNormal\" style=\"text-align: justify;\"><span style=\"line-height: 115%;\">Vi\u00f1a Costeira complementar\u00e1 su presencia en Marbella con la participaci\u00f3n durante el 3 y 4 de abril en la d\u00e9cima edici\u00f3n de FEVINO, el sal\u00f3n profesional del vino de Ferrol, un evento dirigido exclusivamente a profesionales y que se erige como un referente en el noroeste espa\u00f1ol al contar con la participaci\u00f3n de cerca de 200 bodegas.<\/span><\/p>\n<p class=\"MsoNormal\" style=\"text-align: justify;\"><span style=\"line-height: 115%;\">Tanto en Verema Marbella con en FEVINO, la gran novedad&nbsp;ser\u00e1 la presentaci\u00f3n del&nbsp;nuevo proyecto&nbsp;de bodega \u201cPremium\u201d de Vi\u00f1a Costeira:&nbsp;Pazo de Toubes. Un proyecto que nace con su base en la bodega de un&nbsp;pazo del siglo XVIII, desde la que se comercializar\u00e1n&nbsp;vinos premium de autor, con un selecto proceso de elaboraci\u00f3n y una cuidada puesta en escena.<\/span><\/p>\n<p class=\"MsoNormal\" style=\"text-align: justify;\"><span style=\"line-height: 115%;\">Pazo de Toubes aspira a introducirse con sus vinos entre los&nbsp;m\u00e1s<br \/>\nrelevantes del mercado de alta gama, con la intenci\u00f3n de convertirse en uno de sus referentes y reflejar la&nbsp;capacidad de innovaci\u00f3n y desarrollo de Vi\u00f1a Costeira. <\/span><\/p>\n<p><img decoding=\"async\" src=\"\/wp-content\/uploads\/imgs-older\/F0000000574_c4dwvccwmaaltfy.jpg\" loading=\"lazy\"><img decoding=\"async\" src=\"\/wp-content\/uploads\/imgs-older\/F0000000575__mg_0509.jpg\" loading=\"lazy\"><\/p>\n","protected":false},"excerpt":{"rendered":"<p>En esta ruta de punta a punta de la Pen\u00ednsula, la bodega tendr\u00e1 representaci\u00f3n el d\u00eda 3 de abril en el Evento Verema de Marbella, con una nueva parada del calendario Verema, que en esta ocasi\u00f3n aterriza en tierras andaluzas para llevar a una nueva ciudad esta singular experiencia enol\u00f3gica para profesionales y amantes del [&hellip;]<\/p>\n","protected":false},"author":1,"featured_media":18177,"comment_status":"open","ping_status":"open","sticky":false,"template":"","format":"standard","meta":{"footnotes":""},"categories":[80],"tags":[],"class_list":["post-29278","post","type-post","status-publish","format-standard","has-post-thumbnail","hentry","category-novedad"],"yoast_head":"<!-- This site is optimized with the Yoast SEO plugin v24.8.1 - https:\/\/yoast.com\/wordpress\/plugins\/seo\/ -->\n<title>FEVINO y Verema Marbella, pr\u00f3ximas paradas de Vi\u00f1a Costeira - Vi\u00f1a costeira<\/title>\n<meta name=\"description\" content=\"%\" \/>\n<meta name=\"robots\" content=\"index, follow, max-snippet:-1, max-image-preview:large, max-video-preview:-1\" \/>\n<link rel=\"canonical\" href=\"https:\/\/costeira.wine\/fevino-y-verema-marbella-proximas-paradas-de-vina-costeira\/\" \/>\n<meta property=\"og:locale\" content=\"en_US\" \/>\n<meta property=\"og:type\" content=\"article\" \/>\n<meta property=\"og:title\" content=\"FEVINO y Verema Marbella, pr\u00f3ximas paradas de Vi\u00f1a Costeira - Vi\u00f1a costeira\" \/>\n<meta property=\"og:description\" content=\"%\" \/>\n<meta property=\"og:url\" content=\"https:\/\/costeira.wine\/fevino-y-verema-marbella-proximas-paradas-de-vina-costeira\/\" \/>\n<meta property=\"og:site_name\" content=\"Vi\u00f1a costeira\" \/>\n<meta property=\"article:publisher\" content=\"https:\/\/www.facebook.com\/vinacosteira\/\" \/>\n<meta property=\"article:published_time\" content=\"2017-03-31T12:00:51+00:00\" \/>\n<meta property=\"og:image\" content=\"https:\/\/costeira.wine\/wp-content\/uploads\/2021\/07\/costeira_estrellas_000175-low-980x653-1.jpg\" \/>\n\t<meta property=\"og:image:width\" content=\"980\" \/>\n\t<meta property=\"og:image:height\" content=\"653\" \/>\n\t<meta property=\"og:image:type\" content=\"image\/jpeg\" \/>\n<meta name=\"author\" content=\"webmaster\" \/>\n<meta name=\"twitter:card\" content=\"summary_large_image\" \/>\n<meta name=\"twitter:creator\" content=\"@costeira_es\" \/>\n<meta name=\"twitter:site\" content=\"@costeira_es\" \/>\n<meta name=\"twitter:label1\" content=\"Written by\" \/>\n\t<meta name=\"twitter:data1\" content=\"webmaster\" \/>\n\t<meta name=\"twitter:label2\" content=\"Est. reading time\" \/>\n\t<meta name=\"twitter:data2\" content=\"1 minute\" \/>\n<script type=\"application\/ld+json\" class=\"yoast-schema-graph\">{\"@context\":\"https:\/\/schema.org\",\"@graph\":[{\"@type\":\"Article\",\"@id\":\"https:\/\/costeira.wine\/fevino-y-verema-marbella-proximas-paradas-de-vina-costeira\/#article\",\"isPartOf\":{\"@id\":\"https:\/\/costeira.wine\/fevino-y-verema-marbella-proximas-paradas-de-vina-costeira\/\"},\"author\":{\"name\":\"webmaster\",\"@id\":\"https:\/\/costeira.wine\/#\/schema\/person\/be5cac9aab2eadddfb8f6f829e642362\"},\"headline\":\"FEVINO y Verema Marbella, pr\u00f3ximas paradas de Vi\u00f1a Costeira\",\"datePublished\":\"2017-03-31T12:00:51+00:00\",\"mainEntityOfPage\":{\"@id\":\"https:\/\/costeira.wine\/fevino-y-verema-marbella-proximas-paradas-de-vina-costeira\/\"},\"wordCount\":288,\"commentCount\":0,\"publisher\":{\"@id\":\"https:\/\/costeira.wine\/#organization\"},\"image\":{\"@id\":\"https:\/\/costeira.wine\/fevino-y-verema-marbella-proximas-paradas-de-vina-costeira\/#primaryimage\"},\"thumbnailUrl\":\"\",\"articleSection\":[\"Novedades\"],\"inLanguage\":\"en-US\",\"potentialAction\":[{\"@type\":\"CommentAction\",\"name\":\"Comment\",\"target\":[\"https:\/\/costeira.wine\/fevino-y-verema-marbella-proximas-paradas-de-vina-costeira\/#respond\"]}]},{\"@type\":\"WebPage\",\"@id\":\"https:\/\/costeira.wine\/fevino-y-verema-marbella-proximas-paradas-de-vina-costeira\/\",\"url\":\"https:\/\/costeira.wine\/fevino-y-verema-marbella-proximas-paradas-de-vina-costeira\/\",\"name\":\"FEVINO y Verema Marbella, pr\u00f3ximas paradas de Vi\u00f1a Costeira - Vi\u00f1a costeira\",\"isPartOf\":{\"@id\":\"https:\/\/costeira.wine\/#website\"},\"primaryImageOfPage\":{\"@id\":\"https:\/\/costeira.wine\/fevino-y-verema-marbella-proximas-paradas-de-vina-costeira\/#primaryimage\"},\"image\":{\"@id\":\"https:\/\/costeira.wine\/fevino-y-verema-marbella-proximas-paradas-de-vina-costeira\/#primaryimage\"},\"thumbnailUrl\":\"\",\"datePublished\":\"2017-03-31T12:00:51+00:00\",\"description\":\"%\",\"breadcrumb\":{\"@id\":\"https:\/\/costeira.wine\/fevino-y-verema-marbella-proximas-paradas-de-vina-costeira\/#breadcrumb\"},\"inLanguage\":\"en-US\",\"potentialAction\":[{\"@type\":\"ReadAction\",\"target\":[\"https:\/\/costeira.wine\/fevino-y-verema-marbella-proximas-paradas-de-vina-costeira\/\"]}]},{\"@type\":\"ImageObject\",\"inLanguage\":\"en-US\",\"@id\":\"https:\/\/costeira.wine\/fevino-y-verema-marbella-proximas-paradas-de-vina-costeira\/#primaryimage\",\"url\":\"\",\"contentUrl\":\"\"},{\"@type\":\"BreadcrumbList\",\"@id\":\"https:\/\/costeira.wine\/fevino-y-verema-marbella-proximas-paradas-de-vina-costeira\/#breadcrumb\",\"itemListElement\":[{\"@type\":\"ListItem\",\"position\":1,\"name\":\"Portada\",\"item\":\"https:\/\/costeira.wine\/\"},{\"@type\":\"ListItem\",\"position\":2,\"name\":\"FEVINO y Verema Marbella, pr\u00f3ximas paradas de Vi\u00f1a Costeira\"}]},{\"@type\":\"WebSite\",\"@id\":\"https:\/\/costeira.wine\/#website\",\"url\":\"https:\/\/costeira.wine\/\",\"name\":\"Vi\u00f1a costeira\",\"description\":\"En la bodega Vi\u00f1a Costeira elaboramos vinos de D.O. Ribeiro y Valdeorras. Nuestros productos nos han convertido en la mejor bodega de Espa\u00f1a. \u00a1Con\u00f3cenos!\",\"publisher\":{\"@id\":\"https:\/\/costeira.wine\/#organization\"},\"potentialAction\":[{\"@type\":\"SearchAction\",\"target\":{\"@type\":\"EntryPoint\",\"urlTemplate\":\"https:\/\/costeira.wine\/?s={search_term_string}\"},\"query-input\":{\"@type\":\"PropertyValueSpecification\",\"valueRequired\":true,\"valueName\":\"search_term_string\"}}],\"inLanguage\":\"en-US\"},{\"@type\":\"Organization\",\"@id\":\"https:\/\/costeira.wine\/#organization\",\"name\":\"Vi\u00f1a costeira\",\"url\":\"https:\/\/costeira.wine\/\",\"logo\":{\"@type\":\"ImageObject\",\"inLanguage\":\"en-US\",\"@id\":\"https:\/\/costeira.wine\/#\/schema\/logo\/image\/\",\"url\":\"https:\/\/costeira.wine\/wp-content\/uploads\/2021\/06\/logo_vina_costeira.svg\",\"contentUrl\":\"https:\/\/costeira.wine\/wp-content\/uploads\/2021\/06\/logo_vina_costeira.svg\",\"width\":1024,\"height\":100,\"caption\":\"Vi\u00f1a costeira\"},\"image\":{\"@id\":\"https:\/\/costeira.wine\/#\/schema\/logo\/image\/\"},\"sameAs\":[\"https:\/\/www.facebook.com\/vinacosteira\/\",\"https:\/\/x.com\/costeira_es\",\"https:\/\/www.instagram.com\/costeira.es\/\",\"https:\/\/www.linkedin.com\/company\/vi\u00f1a-costeira\/\",\"https:\/\/www.youtube.com\/channel\/UCx-kNrCaW0EIlxNK7nBRyfA\"]},{\"@type\":\"Person\",\"@id\":\"https:\/\/costeira.wine\/#\/schema\/person\/be5cac9aab2eadddfb8f6f829e642362\",\"name\":\"webmaster\",\"image\":{\"@type\":\"ImageObject\",\"inLanguage\":\"en-US\",\"@id\":\"https:\/\/costeira.wine\/#\/schema\/person\/image\/\",\"url\":\"https:\/\/secure.gravatar.com\/avatar\/1f23f79ab92315a6553b61d72b11411a?s=96&d=mm&r=g\",\"contentUrl\":\"https:\/\/secure.gravatar.com\/avatar\/1f23f79ab92315a6553b61d72b11411a?s=96&d=mm&r=g\",\"caption\":\"webmaster\"},\"sameAs\":[\"http:\/\/costeira.wine\"]}]}<\/script>\n<!-- \/ Yoast SEO plugin. -->","yoast_head_json":{"title":"FEVINO y Verema Marbella, pr\u00f3ximas paradas de Vi\u00f1a Costeira - Vi\u00f1a costeira","description":"%","robots":{"index":"index","follow":"follow","max-snippet":"max-snippet:-1","max-image-preview":"max-image-preview:large","max-video-preview":"max-video-preview:-1"},"canonical":"https:\/\/costeira.wine\/fevino-y-verema-marbella-proximas-paradas-de-vina-costeira\/","og_locale":"en_US","og_type":"article","og_title":"FEVINO y Verema Marbella, pr\u00f3ximas paradas de Vi\u00f1a Costeira - Vi\u00f1a costeira","og_description":"%","og_url":"https:\/\/costeira.wine\/fevino-y-verema-marbella-proximas-paradas-de-vina-costeira\/","og_site_name":"Vi\u00f1a costeira","article_publisher":"https:\/\/www.facebook.com\/vinacosteira\/","article_published_time":"2017-03-31T12:00:51+00:00","og_image":[{"width":980,"height":653,"url":"https:\/\/costeira.wine\/wp-content\/uploads\/2021\/07\/costeira_estrellas_000175-low-980x653-1.jpg","type":"image\/jpeg"}],"author":"webmaster","twitter_card":"summary_large_image","twitter_creator":"@costeira_es","twitter_site":"@costeira_es","twitter_misc":{"Written by":"webmaster","Est. reading time":"1 minute"},"schema":{"@context":"https:\/\/schema.org","@graph":[{"@type":"Article","@id":"https:\/\/costeira.wine\/fevino-y-verema-marbella-proximas-paradas-de-vina-costeira\/#article","isPartOf":{"@id":"https:\/\/costeira.wine\/fevino-y-verema-marbella-proximas-paradas-de-vina-costeira\/"},"author":{"name":"webmaster","@id":"https:\/\/costeira.wine\/#\/schema\/person\/be5cac9aab2eadddfb8f6f829e642362"},"headline":"FEVINO y Verema Marbella, pr\u00f3ximas paradas de Vi\u00f1a Costeira","datePublished":"2017-03-31T12:00:51+00:00","mainEntityOfPage":{"@id":"https:\/\/costeira.wine\/fevino-y-verema-marbella-proximas-paradas-de-vina-costeira\/"},"wordCount":288,"commentCount":0,"publisher":{"@id":"https:\/\/costeira.wine\/#organization"},"image":{"@id":"https:\/\/costeira.wine\/fevino-y-verema-marbella-proximas-paradas-de-vina-costeira\/#primaryimage"},"thumbnailUrl":"","articleSection":["Novedades"],"inLanguage":"en-US","potentialAction":[{"@type":"CommentAction","name":"Comment","target":["https:\/\/costeira.wine\/fevino-y-verema-marbella-proximas-paradas-de-vina-costeira\/#respond"]}]},{"@type":"WebPage","@id":"https:\/\/costeira.wine\/fevino-y-verema-marbella-proximas-paradas-de-vina-costeira\/","url":"https:\/\/costeira.wine\/fevino-y-verema-marbella-proximas-paradas-de-vina-costeira\/","name":"FEVINO y Verema Marbella, pr\u00f3ximas paradas de Vi\u00f1a Costeira - Vi\u00f1a costeira","isPartOf":{"@id":"https:\/\/costeira.wine\/#website"},"primaryImageOfPage":{"@id":"https:\/\/costeira.wine\/fevino-y-verema-marbella-proximas-paradas-de-vina-costeira\/#primaryimage"},"image":{"@id":"https:\/\/costeira.wine\/fevino-y-verema-marbella-proximas-paradas-de-vina-costeira\/#primaryimage"},"thumbnailUrl":"","datePublished":"2017-03-31T12:00:51+00:00","description":"%","breadcrumb":{"@id":"https:\/\/costeira.wine\/fevino-y-verema-marbella-proximas-paradas-de-vina-costeira\/#breadcrumb"},"inLanguage":"en-US","potentialAction":[{"@type":"ReadAction","target":["https:\/\/costeira.wine\/fevino-y-verema-marbella-proximas-paradas-de-vina-costeira\/"]}]},{"@type":"ImageObject","inLanguage":"en-US","@id":"https:\/\/costeira.wine\/fevino-y-verema-marbella-proximas-paradas-de-vina-costeira\/#primaryimage","url":"","contentUrl":""},{"@type":"BreadcrumbList","@id":"https:\/\/costeira.wine\/fevino-y-verema-marbella-proximas-paradas-de-vina-costeira\/#breadcrumb","itemListElement":[{"@type":"ListItem","position":1,"name":"Portada","item":"https:\/\/costeira.wine\/"},{"@type":"ListItem","position":2,"name":"FEVINO y Verema Marbella, pr\u00f3ximas paradas de Vi\u00f1a Costeira"}]},{"@type":"WebSite","@id":"https:\/\/costeira.wine\/#website","url":"https:\/\/costeira.wine\/","name":"Vi\u00f1a costeira","description":"En la bodega Vi\u00f1a Costeira elaboramos vinos de D.O. Ribeiro y Valdeorras. Nuestros productos nos han convertido en la mejor bodega de Espa\u00f1a. \u00a1Con\u00f3cenos!","publisher":{"@id":"https:\/\/costeira.wine\/#organization"},"potentialAction":[{"@type":"SearchAction","target":{"@type":"EntryPoint","urlTemplate":"https:\/\/costeira.wine\/?s={search_term_string}"},"query-input":{"@type":"PropertyValueSpecification","valueRequired":true,"valueName":"search_term_string"}}],"inLanguage":"en-US"},{"@type":"Organization","@id":"https:\/\/costeira.wine\/#organization","name":"Vi\u00f1a costeira","url":"https:\/\/costeira.wine\/","logo":{"@type":"ImageObject","inLanguage":"en-US","@id":"https:\/\/costeira.wine\/#\/schema\/logo\/image\/","url":"https:\/\/costeira.wine\/wp-content\/uploads\/2021\/06\/logo_vina_costeira.svg","contentUrl":"https:\/\/costeira.wine\/wp-content\/uploads\/2021\/06\/logo_vina_costeira.svg","width":1024,"height":100,"caption":"Vi\u00f1a costeira"},"image":{"@id":"https:\/\/costeira.wine\/#\/schema\/logo\/image\/"},"sameAs":["https:\/\/www.facebook.com\/vinacosteira\/","https:\/\/x.com\/costeira_es","https:\/\/www.instagram.com\/costeira.es\/","https:\/\/www.linkedin.com\/company\/vi\u00f1a-costeira\/","https:\/\/www.youtube.com\/channel\/UCx-kNrCaW0EIlxNK7nBRyfA"]},{"@type":"Person","@id":"https:\/\/costeira.wine\/#\/schema\/person\/be5cac9aab2eadddfb8f6f829e642362","name":"webmaster","image":{"@type":"ImageObject","inLanguage":"en-US","@id":"https:\/\/costeira.wine\/#\/schema\/person\/image\/","url":"https:\/\/secure.gravatar.com\/avatar\/1f23f79ab92315a6553b61d72b11411a?s=96&d=mm&r=g","contentUrl":"https:\/\/secure.gravatar.com\/avatar\/1f23f79ab92315a6553b61d72b11411a?s=96&d=mm&r=g","caption":"webmaster"},"sameAs":["http:\/\/costeira.wine"]}]}},"_links":{"self":[{"href":"https:\/\/costeira.wine\/en\/wp-json\/wp\/v2\/posts\/29278","targetHints":{"allow":["GET"]}}],"collection":[{"href":"https:\/\/costeira.wine\/en\/wp-json\/wp\/v2\/posts"}],"about":[{"href":"https:\/\/costeira.wine\/en\/wp-json\/wp\/v2\/types\/post"}],"author":[{"embeddable":true,"href":"https:\/\/costeira.wine\/en\/wp-json\/wp\/v2\/users\/1"}],"replies":[{"embeddable":true,"href":"https:\/\/costeira.wine\/en\/wp-json\/wp\/v2\/comments?post=29278"}],"version-history":[{"count":0,"href":"https:\/\/costeira.wine\/en\/wp-json\/wp\/v2\/posts\/29278\/revisions"}],"wp:featuredmedia":[{"embeddable":true,"href":"https:\/\/costeira.wine\/en\/wp-json\/"}],"wp:attachment":[{"href":"https:\/\/costeira.wine\/en\/wp-json\/wp\/v2\/media?parent=29278"}],"wp:term":[{"taxonomy":"category","embeddable":true,"href":"https:\/\/costeira.wine\/en\/wp-json\/wp\/v2\/categories?post=29278"},{"taxonomy":"post_tag","embeddable":true,"href":"https:\/\/costeira.wine\/en\/wp-json\/wp\/v2\/tags?post=29278"}],"curies":[{"name":"wp","href":"https:\/\/api.w.org\/{rel}","templated":true}]}}