{"id":29291,"date":"2017-08-24T12:00:14","date_gmt":"2017-08-24T12:00:14","guid":{"rendered":"https:\/\/costeira.es\/?p=2679"},"modified":"2017-08-24T12:00:14","modified_gmt":"2017-08-24T12:00:14","slug":"inicio-de-vendimia-con-la-recogida-de-uva-para-el-tostado-de-costeira","status":"publish","type":"post","link":"https:\/\/costeira.wine\/en\/inicio-de-vendimia-con-la-recogida-de-uva-para-el-tostado-de-costeira\/","title":{"rendered":"Inicio de vendimia con la recogida de uva para el Tostado de Costeira"},"content":{"rendered":"<h2 class=\"subtitulo-costeira\"><\/h2>\n<div style=\"text-align: justify;\"><span style=\"font-weight: bold;\"><br \/>\n<\/span>Vi\u00f1a Costeira&nbsp;iniciar\u00e1 el pr\u00f3ximo<span style=\"font-weight: bold;\"> viernes 25 de Agosto<\/span> su vendimia con la <span style=\"font-weight: bold;\">recogida de uva para la elaboraci\u00f3n de su hist\u00f3rico <\/span><a style=\"font-weight: bold;\" href=\"https:\/\/costeira.es\/vinos\/tostado\/\" target=\"_blank\" rel=\"noopener noreferrer\">Tostado de Costeira<\/a>, que este a\u00f1o, debido a la meteorolog\u00eda, se ha adelantado unos d\u00edas respecto al 2016.<\/div>\n<div style=\"text-align: justify;\"><\/div>\n<div style=\"text-align: justify;\">Tradicionalmente, los primeros d\u00edas de vendimia se recolectan los racimos seleccionados para la elaboraci\u00f3n de este <span style=\"font-weight: bold;\">vino tan exclusivo<\/span>, que se transportan en cajas especiales favoreciendo as\u00ed su conservaci\u00f3n y garantizando el <span style=\"font-weight: bold;\">m\u00e1ximo cuidado<\/span> para respetar la receta tradicional de su elaboraci\u00f3n.<\/div>\n<div style=\"text-align: justify;\"><\/div>\n<div style=\"text-align: justify;\">Tras un <span style=\"font-weight: bold;\">2016 <\/span>en el que, debido a las condiciones climatol\u00f3gicas <span style=\"font-weight: bold;\">no se pudo elaborar<\/span>, el <span style=\"font-weight: bold;\">Tostado<\/span> volver\u00e1 a pasar este a\u00f1o por su proceso 100% natural, que incluye un per\u00edodo de <span style=\"font-weight: bold;\">pasificaci\u00f3n de la uva durante un m\u00ednimo de 3 meses<\/span>, necesario para que el agua se evapore a trav\u00e9s de la piel, en penumbra y sin modificar externamente las condiciones de temperatura y\/o humedad, dando como resultado esta <span style=\"font-weight: bold;\">joya de la enolog\u00eda<\/span>.<\/div>\n<div style=\"text-align: justify;\"><\/div>\n<div style=\"text-align: justify;\">Tras esta selecci\u00f3n especial para el Tostado,&nbsp;Vi\u00f1a Costeira<span style=\"font-weight: bold;\"> continuar\u00e1 con la vendimia global<\/span> de sus fincas propias y tambi\u00e9n con las de sus socios <span style=\"font-weight: bold;\">durante las pr\u00f3ximas semanas<\/span>, para elaborar los vinos de la <span style=\"font-weight: bold;\">a\u00f1ada 2017<\/span>, que ver\u00e1 la luz el pr\u00f3ximo a\u00f1o como referencia de un <span style=\"font-weight: bold;\">acontecimiento hist\u00f3rico: el 50 aniversario de la Cooperativa en 2018<\/span>.<\/div>\n<div><\/div>\n<p><img decoding=\"async\" src=\"\/wp-content\/uploads\/imgs-older\/F0000000604__mg_0261.jpg\" loading=\"lazy\"><\/p>\n","protected":false},"excerpt":{"rendered":"<p>Vi\u00f1a Costeira&nbsp;iniciar\u00e1 el pr\u00f3ximo viernes 25 de Agosto su vendimia con la recogida de uva para la elaboraci\u00f3n de su hist\u00f3rico Tostado de Costeira, que este a\u00f1o, debido a la meteorolog\u00eda, se ha adelantado unos d\u00edas respecto al 2016. Tradicionalmente, los primeros d\u00edas de vendimia se recolectan los racimos seleccionados para la elaboraci\u00f3n de este [&hellip;]<\/p>\n","protected":false},"author":1,"featured_media":17127,"comment_status":"open","ping_status":"open","sticky":false,"template":"","format":"standard","meta":{"footnotes":""},"categories":[80],"tags":[],"class_list":["post-29291","post","type-post","status-publish","format-standard","has-post-thumbnail","hentry","category-novedad"],"yoast_head":"<!-- This site is optimized with the Yoast SEO plugin v24.8.1 - https:\/\/yoast.com\/wordpress\/plugins\/seo\/ -->\n<title>Inicio de vendimia con la recogida de uva para el Tostado de Costeira - Vi\u00f1a costeira<\/title>\n<meta name=\"description\" content=\"%\" \/>\n<meta name=\"robots\" content=\"index, follow, max-snippet:-1, max-image-preview:large, max-video-preview:-1\" \/>\n<link rel=\"canonical\" href=\"https:\/\/costeira.wine\/gl\/inicio-de-vendimia-con-la-recogida-de-uva-para-el-tostado-de-costeira\/\" \/>\n<meta property=\"og:locale\" content=\"en_US\" \/>\n<meta property=\"og:type\" content=\"article\" \/>\n<meta property=\"og:title\" content=\"Inicio de vendimia con la recogida de uva para el Tostado de Costeira - Vi\u00f1a costeira\" \/>\n<meta property=\"og:description\" content=\"%\" \/>\n<meta property=\"og:url\" content=\"https:\/\/costeira.wine\/gl\/inicio-de-vendimia-con-la-recogida-de-uva-para-el-tostado-de-costeira\/\" \/>\n<meta property=\"og:site_name\" content=\"Vi\u00f1a costeira\" \/>\n<meta property=\"article:publisher\" content=\"https:\/\/www.facebook.com\/vinacosteira\/\" \/>\n<meta property=\"article:published_time\" content=\"2017-08-24T12:00:14+00:00\" \/>\n<meta property=\"og:image\" content=\"https:\/\/costeira.wine\/wp-content\/uploads\/2021\/07\/costeira_estrellas_000175-low-980x653-1.jpg\" \/>\n\t<meta property=\"og:image:width\" content=\"980\" \/>\n\t<meta property=\"og:image:height\" content=\"653\" \/>\n\t<meta property=\"og:image:type\" content=\"image\/jpeg\" \/>\n<meta name=\"author\" content=\"webmaster\" \/>\n<meta name=\"twitter:card\" content=\"summary_large_image\" \/>\n<meta name=\"twitter:creator\" content=\"@costeira_es\" \/>\n<meta name=\"twitter:site\" content=\"@costeira_es\" \/>\n<meta name=\"twitter:label1\" content=\"Written by\" \/>\n\t<meta name=\"twitter:data1\" content=\"webmaster\" \/>\n\t<meta name=\"twitter:label2\" content=\"Est. reading time\" \/>\n\t<meta name=\"twitter:data2\" content=\"1 minute\" \/>\n<script type=\"application\/ld+json\" class=\"yoast-schema-graph\">{\"@context\":\"https:\/\/schema.org\",\"@graph\":[{\"@type\":\"Article\",\"@id\":\"https:\/\/costeira.wine\/gl\/inicio-de-vendimia-con-la-recogida-de-uva-para-el-tostado-de-costeira\/#article\",\"isPartOf\":{\"@id\":\"https:\/\/costeira.wine\/gl\/inicio-de-vendimia-con-la-recogida-de-uva-para-el-tostado-de-costeira\/\"},\"author\":{\"name\":\"webmaster\",\"@id\":\"https:\/\/costeira.wine\/#\/schema\/person\/be5cac9aab2eadddfb8f6f829e642362\"},\"headline\":\"Inicio de vendimia con la recogida de uva para el Tostado de Costeira\",\"datePublished\":\"2017-08-24T12:00:14+00:00\",\"mainEntityOfPage\":{\"@id\":\"https:\/\/costeira.wine\/gl\/inicio-de-vendimia-con-la-recogida-de-uva-para-el-tostado-de-costeira\/\"},\"wordCount\":249,\"commentCount\":0,\"publisher\":{\"@id\":\"https:\/\/costeira.wine\/#organization\"},\"image\":{\"@id\":\"https:\/\/costeira.wine\/gl\/inicio-de-vendimia-con-la-recogida-de-uva-para-el-tostado-de-costeira\/#primaryimage\"},\"thumbnailUrl\":\"\",\"articleSection\":[\"Novedades\"],\"inLanguage\":\"en-US\",\"potentialAction\":[{\"@type\":\"CommentAction\",\"name\":\"Comment\",\"target\":[\"https:\/\/costeira.wine\/gl\/inicio-de-vendimia-con-la-recogida-de-uva-para-el-tostado-de-costeira\/#respond\"]}]},{\"@type\":\"WebPage\",\"@id\":\"https:\/\/costeira.wine\/gl\/inicio-de-vendimia-con-la-recogida-de-uva-para-el-tostado-de-costeira\/\",\"url\":\"https:\/\/costeira.wine\/gl\/inicio-de-vendimia-con-la-recogida-de-uva-para-el-tostado-de-costeira\/\",\"name\":\"Inicio de vendimia con la recogida de uva para el Tostado de Costeira - Vi\u00f1a costeira\",\"isPartOf\":{\"@id\":\"https:\/\/costeira.wine\/#website\"},\"primaryImageOfPage\":{\"@id\":\"https:\/\/costeira.wine\/gl\/inicio-de-vendimia-con-la-recogida-de-uva-para-el-tostado-de-costeira\/#primaryimage\"},\"image\":{\"@id\":\"https:\/\/costeira.wine\/gl\/inicio-de-vendimia-con-la-recogida-de-uva-para-el-tostado-de-costeira\/#primaryimage\"},\"thumbnailUrl\":\"\",\"datePublished\":\"2017-08-24T12:00:14+00:00\",\"description\":\"%\",\"breadcrumb\":{\"@id\":\"https:\/\/costeira.wine\/gl\/inicio-de-vendimia-con-la-recogida-de-uva-para-el-tostado-de-costeira\/#breadcrumb\"},\"inLanguage\":\"en-US\",\"potentialAction\":[{\"@type\":\"ReadAction\",\"target\":[\"https:\/\/costeira.wine\/gl\/inicio-de-vendimia-con-la-recogida-de-uva-para-el-tostado-de-costeira\/\"]}]},{\"@type\":\"ImageObject\",\"inLanguage\":\"en-US\",\"@id\":\"https:\/\/costeira.wine\/gl\/inicio-de-vendimia-con-la-recogida-de-uva-para-el-tostado-de-costeira\/#primaryimage\",\"url\":\"\",\"contentUrl\":\"\"},{\"@type\":\"BreadcrumbList\",\"@id\":\"https:\/\/costeira.wine\/gl\/inicio-de-vendimia-con-la-recogida-de-uva-para-el-tostado-de-costeira\/#breadcrumb\",\"itemListElement\":[{\"@type\":\"ListItem\",\"position\":1,\"name\":\"Portada\",\"item\":\"https:\/\/costeira.wine\/\"},{\"@type\":\"ListItem\",\"position\":2,\"name\":\"Inicio de vendimia con la recogida de uva para el Tostado de Costeira\"}]},{\"@type\":\"WebSite\",\"@id\":\"https:\/\/costeira.wine\/#website\",\"url\":\"https:\/\/costeira.wine\/\",\"name\":\"Vi\u00f1a costeira\",\"description\":\"En la bodega Vi\u00f1a Costeira elaboramos vinos de D.O. Ribeiro y Valdeorras. Nuestros productos nos han convertido en la mejor bodega de Espa\u00f1a. \u00a1Con\u00f3cenos!\",\"publisher\":{\"@id\":\"https:\/\/costeira.wine\/#organization\"},\"potentialAction\":[{\"@type\":\"SearchAction\",\"target\":{\"@type\":\"EntryPoint\",\"urlTemplate\":\"https:\/\/costeira.wine\/?s={search_term_string}\"},\"query-input\":{\"@type\":\"PropertyValueSpecification\",\"valueRequired\":true,\"valueName\":\"search_term_string\"}}],\"inLanguage\":\"en-US\"},{\"@type\":\"Organization\",\"@id\":\"https:\/\/costeira.wine\/#organization\",\"name\":\"Vi\u00f1a costeira\",\"url\":\"https:\/\/costeira.wine\/\",\"logo\":{\"@type\":\"ImageObject\",\"inLanguage\":\"en-US\",\"@id\":\"https:\/\/costeira.wine\/#\/schema\/logo\/image\/\",\"url\":\"https:\/\/costeira.wine\/wp-content\/uploads\/2021\/06\/logo_vina_costeira.svg\",\"contentUrl\":\"https:\/\/costeira.wine\/wp-content\/uploads\/2021\/06\/logo_vina_costeira.svg\",\"width\":1024,\"height\":100,\"caption\":\"Vi\u00f1a costeira\"},\"image\":{\"@id\":\"https:\/\/costeira.wine\/#\/schema\/logo\/image\/\"},\"sameAs\":[\"https:\/\/www.facebook.com\/vinacosteira\/\",\"https:\/\/x.com\/costeira_es\",\"https:\/\/www.instagram.com\/costeira.es\/\",\"https:\/\/www.linkedin.com\/company\/vi\u00f1a-costeira\/\",\"https:\/\/www.youtube.com\/channel\/UCx-kNrCaW0EIlxNK7nBRyfA\"]},{\"@type\":\"Person\",\"@id\":\"https:\/\/costeira.wine\/#\/schema\/person\/be5cac9aab2eadddfb8f6f829e642362\",\"name\":\"webmaster\",\"image\":{\"@type\":\"ImageObject\",\"inLanguage\":\"en-US\",\"@id\":\"https:\/\/costeira.wine\/#\/schema\/person\/image\/\",\"url\":\"https:\/\/secure.gravatar.com\/avatar\/1f23f79ab92315a6553b61d72b11411a?s=96&d=mm&r=g\",\"contentUrl\":\"https:\/\/secure.gravatar.com\/avatar\/1f23f79ab92315a6553b61d72b11411a?s=96&d=mm&r=g\",\"caption\":\"webmaster\"},\"sameAs\":[\"http:\/\/costeira.wine\"]}]}<\/script>\n<!-- \/ Yoast SEO plugin. -->","yoast_head_json":{"title":"Inicio de vendimia con la recogida de uva para el Tostado de Costeira - Vi\u00f1a costeira","description":"%","robots":{"index":"index","follow":"follow","max-snippet":"max-snippet:-1","max-image-preview":"max-image-preview:large","max-video-preview":"max-video-preview:-1"},"canonical":"https:\/\/costeira.wine\/gl\/inicio-de-vendimia-con-la-recogida-de-uva-para-el-tostado-de-costeira\/","og_locale":"en_US","og_type":"article","og_title":"Inicio de vendimia con la recogida de uva para el Tostado de Costeira - Vi\u00f1a costeira","og_description":"%","og_url":"https:\/\/costeira.wine\/gl\/inicio-de-vendimia-con-la-recogida-de-uva-para-el-tostado-de-costeira\/","og_site_name":"Vi\u00f1a costeira","article_publisher":"https:\/\/www.facebook.com\/vinacosteira\/","article_published_time":"2017-08-24T12:00:14+00:00","og_image":[{"width":980,"height":653,"url":"https:\/\/costeira.wine\/wp-content\/uploads\/2021\/07\/costeira_estrellas_000175-low-980x653-1.jpg","type":"image\/jpeg"}],"author":"webmaster","twitter_card":"summary_large_image","twitter_creator":"@costeira_es","twitter_site":"@costeira_es","twitter_misc":{"Written by":"webmaster","Est. reading time":"1 minute"},"schema":{"@context":"https:\/\/schema.org","@graph":[{"@type":"Article","@id":"https:\/\/costeira.wine\/gl\/inicio-de-vendimia-con-la-recogida-de-uva-para-el-tostado-de-costeira\/#article","isPartOf":{"@id":"https:\/\/costeira.wine\/gl\/inicio-de-vendimia-con-la-recogida-de-uva-para-el-tostado-de-costeira\/"},"author":{"name":"webmaster","@id":"https:\/\/costeira.wine\/#\/schema\/person\/be5cac9aab2eadddfb8f6f829e642362"},"headline":"Inicio de vendimia con la recogida de uva para el Tostado de Costeira","datePublished":"2017-08-24T12:00:14+00:00","mainEntityOfPage":{"@id":"https:\/\/costeira.wine\/gl\/inicio-de-vendimia-con-la-recogida-de-uva-para-el-tostado-de-costeira\/"},"wordCount":249,"commentCount":0,"publisher":{"@id":"https:\/\/costeira.wine\/#organization"},"image":{"@id":"https:\/\/costeira.wine\/gl\/inicio-de-vendimia-con-la-recogida-de-uva-para-el-tostado-de-costeira\/#primaryimage"},"thumbnailUrl":"","articleSection":["Novedades"],"inLanguage":"en-US","potentialAction":[{"@type":"CommentAction","name":"Comment","target":["https:\/\/costeira.wine\/gl\/inicio-de-vendimia-con-la-recogida-de-uva-para-el-tostado-de-costeira\/#respond"]}]},{"@type":"WebPage","@id":"https:\/\/costeira.wine\/gl\/inicio-de-vendimia-con-la-recogida-de-uva-para-el-tostado-de-costeira\/","url":"https:\/\/costeira.wine\/gl\/inicio-de-vendimia-con-la-recogida-de-uva-para-el-tostado-de-costeira\/","name":"Inicio de vendimia con la recogida de uva para el Tostado de Costeira - Vi\u00f1a costeira","isPartOf":{"@id":"https:\/\/costeira.wine\/#website"},"primaryImageOfPage":{"@id":"https:\/\/costeira.wine\/gl\/inicio-de-vendimia-con-la-recogida-de-uva-para-el-tostado-de-costeira\/#primaryimage"},"image":{"@id":"https:\/\/costeira.wine\/gl\/inicio-de-vendimia-con-la-recogida-de-uva-para-el-tostado-de-costeira\/#primaryimage"},"thumbnailUrl":"","datePublished":"2017-08-24T12:00:14+00:00","description":"%","breadcrumb":{"@id":"https:\/\/costeira.wine\/gl\/inicio-de-vendimia-con-la-recogida-de-uva-para-el-tostado-de-costeira\/#breadcrumb"},"inLanguage":"en-US","potentialAction":[{"@type":"ReadAction","target":["https:\/\/costeira.wine\/gl\/inicio-de-vendimia-con-la-recogida-de-uva-para-el-tostado-de-costeira\/"]}]},{"@type":"ImageObject","inLanguage":"en-US","@id":"https:\/\/costeira.wine\/gl\/inicio-de-vendimia-con-la-recogida-de-uva-para-el-tostado-de-costeira\/#primaryimage","url":"","contentUrl":""},{"@type":"BreadcrumbList","@id":"https:\/\/costeira.wine\/gl\/inicio-de-vendimia-con-la-recogida-de-uva-para-el-tostado-de-costeira\/#breadcrumb","itemListElement":[{"@type":"ListItem","position":1,"name":"Portada","item":"https:\/\/costeira.wine\/"},{"@type":"ListItem","position":2,"name":"Inicio de vendimia con la recogida de uva para el Tostado de Costeira"}]},{"@type":"WebSite","@id":"https:\/\/costeira.wine\/#website","url":"https:\/\/costeira.wine\/","name":"Vi\u00f1a costeira","description":"En la bodega Vi\u00f1a Costeira elaboramos vinos de D.O. Ribeiro y Valdeorras. Nuestros productos nos han convertido en la mejor bodega de Espa\u00f1a. \u00a1Con\u00f3cenos!","publisher":{"@id":"https:\/\/costeira.wine\/#organization"},"potentialAction":[{"@type":"SearchAction","target":{"@type":"EntryPoint","urlTemplate":"https:\/\/costeira.wine\/?s={search_term_string}"},"query-input":{"@type":"PropertyValueSpecification","valueRequired":true,"valueName":"search_term_string"}}],"inLanguage":"en-US"},{"@type":"Organization","@id":"https:\/\/costeira.wine\/#organization","name":"Vi\u00f1a costeira","url":"https:\/\/costeira.wine\/","logo":{"@type":"ImageObject","inLanguage":"en-US","@id":"https:\/\/costeira.wine\/#\/schema\/logo\/image\/","url":"https:\/\/costeira.wine\/wp-content\/uploads\/2021\/06\/logo_vina_costeira.svg","contentUrl":"https:\/\/costeira.wine\/wp-content\/uploads\/2021\/06\/logo_vina_costeira.svg","width":1024,"height":100,"caption":"Vi\u00f1a costeira"},"image":{"@id":"https:\/\/costeira.wine\/#\/schema\/logo\/image\/"},"sameAs":["https:\/\/www.facebook.com\/vinacosteira\/","https:\/\/x.com\/costeira_es","https:\/\/www.instagram.com\/costeira.es\/","https:\/\/www.linkedin.com\/company\/vi\u00f1a-costeira\/","https:\/\/www.youtube.com\/channel\/UCx-kNrCaW0EIlxNK7nBRyfA"]},{"@type":"Person","@id":"https:\/\/costeira.wine\/#\/schema\/person\/be5cac9aab2eadddfb8f6f829e642362","name":"webmaster","image":{"@type":"ImageObject","inLanguage":"en-US","@id":"https:\/\/costeira.wine\/#\/schema\/person\/image\/","url":"https:\/\/secure.gravatar.com\/avatar\/1f23f79ab92315a6553b61d72b11411a?s=96&d=mm&r=g","contentUrl":"https:\/\/secure.gravatar.com\/avatar\/1f23f79ab92315a6553b61d72b11411a?s=96&d=mm&r=g","caption":"webmaster"},"sameAs":["http:\/\/costeira.wine"]}]}},"_links":{"self":[{"href":"https:\/\/costeira.wine\/en\/wp-json\/wp\/v2\/posts\/29291","targetHints":{"allow":["GET"]}}],"collection":[{"href":"https:\/\/costeira.wine\/en\/wp-json\/wp\/v2\/posts"}],"about":[{"href":"https:\/\/costeira.wine\/en\/wp-json\/wp\/v2\/types\/post"}],"author":[{"embeddable":true,"href":"https:\/\/costeira.wine\/en\/wp-json\/wp\/v2\/users\/1"}],"replies":[{"embeddable":true,"href":"https:\/\/costeira.wine\/en\/wp-json\/wp\/v2\/comments?post=29291"}],"version-history":[{"count":0,"href":"https:\/\/costeira.wine\/en\/wp-json\/wp\/v2\/posts\/29291\/revisions"}],"wp:featuredmedia":[{"embeddable":true,"href":"https:\/\/costeira.wine\/en\/wp-json\/"}],"wp:attachment":[{"href":"https:\/\/costeira.wine\/en\/wp-json\/wp\/v2\/media?parent=29291"}],"wp:term":[{"taxonomy":"category","embeddable":true,"href":"https:\/\/costeira.wine\/en\/wp-json\/wp\/v2\/categories?post=29291"},{"taxonomy":"post_tag","embeddable":true,"href":"https:\/\/costeira.wine\/en\/wp-json\/wp\/v2\/tags?post=29291"}],"curies":[{"name":"wp","href":"https:\/\/api.w.org\/{rel}","templated":true}]}}