{"id":29295,"date":"2018-02-15T10:25:10","date_gmt":"2018-02-15T10:25:10","guid":{"rendered":"https:\/\/costeira.es\/?p=453"},"modified":"2018-02-15T10:25:10","modified_gmt":"2018-02-15T10:25:10","slug":"momentos-extraordinarios-costeira-conciertos","status":"publish","type":"post","link":"https:\/\/costeira.wine\/en\/momentos-extraordinarios-costeira-conciertos\/","title":{"rendered":"Momentos Extraordinarios Costeira presenta\u2026 \u00a1conciertazos a la vista!"},"content":{"rendered":"<blockquote>\n<p dir=\"ltr\">Como sab\u00e9is, dentro de la gran cantidad de sorpresas que tenemos preparadas para celebrar con todos vosotros nuestro 50 aniversario durante este a\u00f1o (\u00a12018 no pod\u00eda empezar mejor!), se encuentra un ciclo de Conciertos con artistas extraordinarios. Ellos llevar\u00e1n la mejor m\u00fasica de la mano de nuestros vinos a alguna de las salas de conciertos con m\u00e1s encanto del norte de nuestro pa\u00eds.<\/p>\n<\/blockquote>\n<h2>Modelo de Respuesta Polar abri\u00f3 el Ciclo en Oviedo<\/h2>\n<p dir=\"ltr\">Uno de los grupos revelaci\u00f3n del pasado a\u00f1o fue el encargado de abrir el ciclo, nada menos que en \u201c<strong><a href=\"http:\/\/www.lasalvajeoviedo.com\/\">La Salvaje<\/a><\/strong>\u201d de Oviedo acompa\u00f1ados por Autotan. Con su habitual \u00edmpetu y energ\u00eda, consiguieron que el \u00faltimo s\u00e1bado de enero se convirtiese en una gran fiesta entre todos los asistentes.<\/p>\n<h2>Siguiente parada: Nuria Graham en Vigo el 24 de febrero<\/h2>\n<p dir=\"ltr\">Con su debut \u201cBird Eyes\u201d, esta catalana consigui\u00f3 compartir directos con grupos de la talla de Unknown Mortal Orchestra o St. Vincent. Para celebrar su inclusi\u00f3n en \u201cMomentos Extraordinarios Costeira\u201d, sortearemos entre todos los interesados dos entradas dobles para su concierto en la Sala Radar de Vigo el 24 de febrero (pista: atentos a nuestras Redes). Adem\u00e1s, habr\u00e1 una degustaci\u00f3n gratuita de Vi\u00f1a Costeira hasta fin de existencias. \u00a1Mejor combinaci\u00f3n imposible!.<\/p>\n<p dir=\"ltr\"><em>\u00a1Novedad! El 15 de abril, concierto de \u201cLos hermanos Cubero\u201d en la sala Ho Gruf! de Lugo. Sesi\u00f3n vermut de entrada libre, desde las 13h<\/em>.<\/p>\n<h2>Siguiente parada: Nuria Graham en Vigo el 24 de febrero<\/h2>\n<p dir=\"ltr\">El ciclo tendr\u00e1 continuidad en abril, con paradas en Lugo y A Coru\u00f1a. El 15 de abril, &#8220;Los hermanos Cubero&#8221; ofrecer\u00e1n un directo en la sala Ho Gruf! de Lugo, con entrada libre. Te esperamos para el vermut (13h).<\/p>\n<p dir=\"ltr\">Procedente de Ourense, la tan joven como talentosa Marem Ladson ofrecer\u00e1 el 26 de abril en la Sala Garufa de A Coru\u00f1a las canciones que se incluir\u00e1n en su nuevo disco. \u00a1Qu\u00e9 ganazas de dejarnos llevar con la m\u00e1gica voz de Marem!<\/p>\n<h2>Compra de entradas y m\u00e1s sorpresas<\/h2>\n<p dir=\"ltr\">Para adquirir tus entradas tienes dos opciones: acceder a <a href=\"https:\/\/www.ticketea.com\/\">ticketea.com<\/a> o comprarlas en la propia sala del concierto. \u00a1Ah! y a\u00fan nos queda alguna que otra sorpresa y m\u00e1s fechas por confirmar. Esperamos veros y que disfrut\u00e9is al m\u00e1ximo de este ciclo en el que hemos puesto todo nuestro cari\u00f1o para deleitar vuestros o\u00eddos y por supuesto, vuestros paladares<\/p>\n","protected":false},"excerpt":{"rendered":"<p>Como sab\u00e9is, dentro de la gran cantidad de sorpresas que tenemos preparadas para celebrar con todos vosotros nuestro 50 aniversario durante este a\u00f1o (\u00a12018 no pod\u00eda empezar mejor!), se encuentra un ciclo de Conciertos con artistas extraordinarios. Ellos llevar\u00e1n la mejor m\u00fasica de la mano de nuestros vinos a alguna de las salas de conciertos [&hellip;]<\/p>\n","protected":false},"author":1,"featured_media":16671,"comment_status":"open","ping_status":"open","sticky":false,"template":"","format":"standard","meta":{"footnotes":""},"categories":[80],"tags":[],"class_list":["post-29295","post","type-post","status-publish","format-standard","has-post-thumbnail","hentry","category-novedad"],"yoast_head":"<!-- This site is optimized with the Yoast SEO plugin v24.8.1 - https:\/\/yoast.com\/wordpress\/plugins\/seo\/ -->\n<title>Momentos Extraordinarios Costeira presenta varios conciertos<\/title>\n<meta name=\"description\" content=\"Para celebrar nuestro 50 aniversario estamos presentes en varios conciertos. La mejor m\u00fasica de la mano de nuestros mejores vinos \u00a1\u00danete!\" \/>\n<meta name=\"robots\" content=\"index, follow, max-snippet:-1, max-image-preview:large, max-video-preview:-1\" \/>\n<link rel=\"canonical\" href=\"https:\/\/costeira.wine\/momentos-extraordinarios-costeira-conciertos\/\" \/>\n<meta property=\"og:locale\" content=\"en_US\" \/>\n<meta property=\"og:type\" content=\"article\" \/>\n<meta property=\"og:title\" content=\"Momentos Extraordinarios Costeira presenta varios conciertos\" \/>\n<meta property=\"og:description\" content=\"Para celebrar nuestro 50 aniversario estamos presentes en varios conciertos. La mejor m\u00fasica de la mano de nuestros mejores vinos \u00a1\u00danete!\" \/>\n<meta property=\"og:url\" content=\"https:\/\/costeira.wine\/momentos-extraordinarios-costeira-conciertos\/\" \/>\n<meta property=\"og:site_name\" content=\"Vi\u00f1a costeira\" \/>\n<meta property=\"article:publisher\" content=\"https:\/\/www.facebook.com\/vinacosteira\/\" \/>\n<meta property=\"article:published_time\" content=\"2018-02-15T10:25:10+00:00\" \/>\n<meta property=\"og:image\" content=\"https:\/\/costeira.wine\/wp-content\/uploads\/2021\/07\/costeira_estrellas_000175-low-980x653-1.jpg\" \/>\n\t<meta property=\"og:image:width\" content=\"980\" \/>\n\t<meta property=\"og:image:height\" content=\"653\" \/>\n\t<meta property=\"og:image:type\" content=\"image\/jpeg\" \/>\n<meta name=\"author\" content=\"webmaster\" \/>\n<meta name=\"twitter:card\" content=\"summary_large_image\" \/>\n<meta name=\"twitter:creator\" content=\"@costeira_es\" \/>\n<meta name=\"twitter:site\" content=\"@costeira_es\" \/>\n<meta name=\"twitter:label1\" content=\"Written by\" \/>\n\t<meta name=\"twitter:data1\" content=\"webmaster\" \/>\n\t<meta name=\"twitter:label2\" content=\"Est. reading time\" \/>\n\t<meta name=\"twitter:data2\" content=\"2 minutes\" \/>\n<script type=\"application\/ld+json\" class=\"yoast-schema-graph\">{\"@context\":\"https:\/\/schema.org\",\"@graph\":[{\"@type\":\"Article\",\"@id\":\"https:\/\/costeira.wine\/momentos-extraordinarios-costeira-conciertos\/#article\",\"isPartOf\":{\"@id\":\"https:\/\/costeira.wine\/momentos-extraordinarios-costeira-conciertos\/\"},\"author\":{\"name\":\"webmaster\",\"@id\":\"https:\/\/costeira.wine\/#\/schema\/person\/be5cac9aab2eadddfb8f6f829e642362\"},\"headline\":\"Momentos Extraordinarios Costeira presenta\u2026 \u00a1conciertazos a la vista!\",\"datePublished\":\"2018-02-15T10:25:10+00:00\",\"mainEntityOfPage\":{\"@id\":\"https:\/\/costeira.wine\/momentos-extraordinarios-costeira-conciertos\/\"},\"wordCount\":414,\"commentCount\":0,\"publisher\":{\"@id\":\"https:\/\/costeira.wine\/#organization\"},\"image\":{\"@id\":\"https:\/\/costeira.wine\/momentos-extraordinarios-costeira-conciertos\/#primaryimage\"},\"thumbnailUrl\":\"\",\"articleSection\":[\"Novedades\"],\"inLanguage\":\"en-US\",\"potentialAction\":[{\"@type\":\"CommentAction\",\"name\":\"Comment\",\"target\":[\"https:\/\/costeira.wine\/momentos-extraordinarios-costeira-conciertos\/#respond\"]}]},{\"@type\":\"WebPage\",\"@id\":\"https:\/\/costeira.wine\/momentos-extraordinarios-costeira-conciertos\/\",\"url\":\"https:\/\/costeira.wine\/momentos-extraordinarios-costeira-conciertos\/\",\"name\":\"Momentos Extraordinarios Costeira presenta varios conciertos\",\"isPartOf\":{\"@id\":\"https:\/\/costeira.wine\/#website\"},\"primaryImageOfPage\":{\"@id\":\"https:\/\/costeira.wine\/momentos-extraordinarios-costeira-conciertos\/#primaryimage\"},\"image\":{\"@id\":\"https:\/\/costeira.wine\/momentos-extraordinarios-costeira-conciertos\/#primaryimage\"},\"thumbnailUrl\":\"\",\"datePublished\":\"2018-02-15T10:25:10+00:00\",\"description\":\"Para celebrar nuestro 50 aniversario estamos presentes en varios conciertos. La mejor m\u00fasica de la mano de nuestros mejores vinos \u00a1\u00danete!\",\"breadcrumb\":{\"@id\":\"https:\/\/costeira.wine\/momentos-extraordinarios-costeira-conciertos\/#breadcrumb\"},\"inLanguage\":\"en-US\",\"potentialAction\":[{\"@type\":\"ReadAction\",\"target\":[\"https:\/\/costeira.wine\/momentos-extraordinarios-costeira-conciertos\/\"]}]},{\"@type\":\"ImageObject\",\"inLanguage\":\"en-US\",\"@id\":\"https:\/\/costeira.wine\/momentos-extraordinarios-costeira-conciertos\/#primaryimage\",\"url\":\"\",\"contentUrl\":\"\"},{\"@type\":\"BreadcrumbList\",\"@id\":\"https:\/\/costeira.wine\/momentos-extraordinarios-costeira-conciertos\/#breadcrumb\",\"itemListElement\":[{\"@type\":\"ListItem\",\"position\":1,\"name\":\"Portada\",\"item\":\"https:\/\/costeira.wine\/\"},{\"@type\":\"ListItem\",\"position\":2,\"name\":\"Momentos Extraordinarios Costeira presenta\u2026 \u00a1conciertazos a la vista!\"}]},{\"@type\":\"WebSite\",\"@id\":\"https:\/\/costeira.wine\/#website\",\"url\":\"https:\/\/costeira.wine\/\",\"name\":\"Vi\u00f1a costeira\",\"description\":\"En la bodega Vi\u00f1a Costeira elaboramos vinos de D.O. Ribeiro y Valdeorras. Nuestros productos nos han convertido en la mejor bodega de Espa\u00f1a. \u00a1Con\u00f3cenos!\",\"publisher\":{\"@id\":\"https:\/\/costeira.wine\/#organization\"},\"potentialAction\":[{\"@type\":\"SearchAction\",\"target\":{\"@type\":\"EntryPoint\",\"urlTemplate\":\"https:\/\/costeira.wine\/?s={search_term_string}\"},\"query-input\":{\"@type\":\"PropertyValueSpecification\",\"valueRequired\":true,\"valueName\":\"search_term_string\"}}],\"inLanguage\":\"en-US\"},{\"@type\":\"Organization\",\"@id\":\"https:\/\/costeira.wine\/#organization\",\"name\":\"Vi\u00f1a costeira\",\"url\":\"https:\/\/costeira.wine\/\",\"logo\":{\"@type\":\"ImageObject\",\"inLanguage\":\"en-US\",\"@id\":\"https:\/\/costeira.wine\/#\/schema\/logo\/image\/\",\"url\":\"https:\/\/costeira.wine\/wp-content\/uploads\/2021\/06\/logo_vina_costeira.svg\",\"contentUrl\":\"https:\/\/costeira.wine\/wp-content\/uploads\/2021\/06\/logo_vina_costeira.svg\",\"width\":1024,\"height\":100,\"caption\":\"Vi\u00f1a costeira\"},\"image\":{\"@id\":\"https:\/\/costeira.wine\/#\/schema\/logo\/image\/\"},\"sameAs\":[\"https:\/\/www.facebook.com\/vinacosteira\/\",\"https:\/\/x.com\/costeira_es\",\"https:\/\/www.instagram.com\/costeira.es\/\",\"https:\/\/www.linkedin.com\/company\/vi\u00f1a-costeira\/\",\"https:\/\/www.youtube.com\/channel\/UCx-kNrCaW0EIlxNK7nBRyfA\"]},{\"@type\":\"Person\",\"@id\":\"https:\/\/costeira.wine\/#\/schema\/person\/be5cac9aab2eadddfb8f6f829e642362\",\"name\":\"webmaster\",\"image\":{\"@type\":\"ImageObject\",\"inLanguage\":\"en-US\",\"@id\":\"https:\/\/costeira.wine\/#\/schema\/person\/image\/\",\"url\":\"https:\/\/secure.gravatar.com\/avatar\/1f23f79ab92315a6553b61d72b11411a?s=96&d=mm&r=g\",\"contentUrl\":\"https:\/\/secure.gravatar.com\/avatar\/1f23f79ab92315a6553b61d72b11411a?s=96&d=mm&r=g\",\"caption\":\"webmaster\"},\"sameAs\":[\"http:\/\/costeira.wine\"]}]}<\/script>\n<!-- \/ Yoast SEO plugin. -->","yoast_head_json":{"title":"Momentos Extraordinarios Costeira presenta varios conciertos","description":"Para celebrar nuestro 50 aniversario estamos presentes en varios conciertos. La mejor m\u00fasica de la mano de nuestros mejores vinos \u00a1\u00danete!","robots":{"index":"index","follow":"follow","max-snippet":"max-snippet:-1","max-image-preview":"max-image-preview:large","max-video-preview":"max-video-preview:-1"},"canonical":"https:\/\/costeira.wine\/momentos-extraordinarios-costeira-conciertos\/","og_locale":"en_US","og_type":"article","og_title":"Momentos Extraordinarios Costeira presenta varios conciertos","og_description":"Para celebrar nuestro 50 aniversario estamos presentes en varios conciertos. La mejor m\u00fasica de la mano de nuestros mejores vinos \u00a1\u00danete!","og_url":"https:\/\/costeira.wine\/momentos-extraordinarios-costeira-conciertos\/","og_site_name":"Vi\u00f1a costeira","article_publisher":"https:\/\/www.facebook.com\/vinacosteira\/","article_published_time":"2018-02-15T10:25:10+00:00","og_image":[{"width":980,"height":653,"url":"https:\/\/costeira.wine\/wp-content\/uploads\/2021\/07\/costeira_estrellas_000175-low-980x653-1.jpg","type":"image\/jpeg"}],"author":"webmaster","twitter_card":"summary_large_image","twitter_creator":"@costeira_es","twitter_site":"@costeira_es","twitter_misc":{"Written by":"webmaster","Est. reading time":"2 minutes"},"schema":{"@context":"https:\/\/schema.org","@graph":[{"@type":"Article","@id":"https:\/\/costeira.wine\/momentos-extraordinarios-costeira-conciertos\/#article","isPartOf":{"@id":"https:\/\/costeira.wine\/momentos-extraordinarios-costeira-conciertos\/"},"author":{"name":"webmaster","@id":"https:\/\/costeira.wine\/#\/schema\/person\/be5cac9aab2eadddfb8f6f829e642362"},"headline":"Momentos Extraordinarios Costeira presenta\u2026 \u00a1conciertazos a la vista!","datePublished":"2018-02-15T10:25:10+00:00","mainEntityOfPage":{"@id":"https:\/\/costeira.wine\/momentos-extraordinarios-costeira-conciertos\/"},"wordCount":414,"commentCount":0,"publisher":{"@id":"https:\/\/costeira.wine\/#organization"},"image":{"@id":"https:\/\/costeira.wine\/momentos-extraordinarios-costeira-conciertos\/#primaryimage"},"thumbnailUrl":"","articleSection":["Novedades"],"inLanguage":"en-US","potentialAction":[{"@type":"CommentAction","name":"Comment","target":["https:\/\/costeira.wine\/momentos-extraordinarios-costeira-conciertos\/#respond"]}]},{"@type":"WebPage","@id":"https:\/\/costeira.wine\/momentos-extraordinarios-costeira-conciertos\/","url":"https:\/\/costeira.wine\/momentos-extraordinarios-costeira-conciertos\/","name":"Momentos Extraordinarios Costeira presenta varios conciertos","isPartOf":{"@id":"https:\/\/costeira.wine\/#website"},"primaryImageOfPage":{"@id":"https:\/\/costeira.wine\/momentos-extraordinarios-costeira-conciertos\/#primaryimage"},"image":{"@id":"https:\/\/costeira.wine\/momentos-extraordinarios-costeira-conciertos\/#primaryimage"},"thumbnailUrl":"","datePublished":"2018-02-15T10:25:10+00:00","description":"Para celebrar nuestro 50 aniversario estamos presentes en varios conciertos. La mejor m\u00fasica de la mano de nuestros mejores vinos \u00a1\u00danete!","breadcrumb":{"@id":"https:\/\/costeira.wine\/momentos-extraordinarios-costeira-conciertos\/#breadcrumb"},"inLanguage":"en-US","potentialAction":[{"@type":"ReadAction","target":["https:\/\/costeira.wine\/momentos-extraordinarios-costeira-conciertos\/"]}]},{"@type":"ImageObject","inLanguage":"en-US","@id":"https:\/\/costeira.wine\/momentos-extraordinarios-costeira-conciertos\/#primaryimage","url":"","contentUrl":""},{"@type":"BreadcrumbList","@id":"https:\/\/costeira.wine\/momentos-extraordinarios-costeira-conciertos\/#breadcrumb","itemListElement":[{"@type":"ListItem","position":1,"name":"Portada","item":"https:\/\/costeira.wine\/"},{"@type":"ListItem","position":2,"name":"Momentos Extraordinarios Costeira presenta\u2026 \u00a1conciertazos a la vista!"}]},{"@type":"WebSite","@id":"https:\/\/costeira.wine\/#website","url":"https:\/\/costeira.wine\/","name":"Vi\u00f1a costeira","description":"En la bodega Vi\u00f1a Costeira elaboramos vinos de D.O. Ribeiro y Valdeorras. Nuestros productos nos han convertido en la mejor bodega de Espa\u00f1a. \u00a1Con\u00f3cenos!","publisher":{"@id":"https:\/\/costeira.wine\/#organization"},"potentialAction":[{"@type":"SearchAction","target":{"@type":"EntryPoint","urlTemplate":"https:\/\/costeira.wine\/?s={search_term_string}"},"query-input":{"@type":"PropertyValueSpecification","valueRequired":true,"valueName":"search_term_string"}}],"inLanguage":"en-US"},{"@type":"Organization","@id":"https:\/\/costeira.wine\/#organization","name":"Vi\u00f1a costeira","url":"https:\/\/costeira.wine\/","logo":{"@type":"ImageObject","inLanguage":"en-US","@id":"https:\/\/costeira.wine\/#\/schema\/logo\/image\/","url":"https:\/\/costeira.wine\/wp-content\/uploads\/2021\/06\/logo_vina_costeira.svg","contentUrl":"https:\/\/costeira.wine\/wp-content\/uploads\/2021\/06\/logo_vina_costeira.svg","width":1024,"height":100,"caption":"Vi\u00f1a costeira"},"image":{"@id":"https:\/\/costeira.wine\/#\/schema\/logo\/image\/"},"sameAs":["https:\/\/www.facebook.com\/vinacosteira\/","https:\/\/x.com\/costeira_es","https:\/\/www.instagram.com\/costeira.es\/","https:\/\/www.linkedin.com\/company\/vi\u00f1a-costeira\/","https:\/\/www.youtube.com\/channel\/UCx-kNrCaW0EIlxNK7nBRyfA"]},{"@type":"Person","@id":"https:\/\/costeira.wine\/#\/schema\/person\/be5cac9aab2eadddfb8f6f829e642362","name":"webmaster","image":{"@type":"ImageObject","inLanguage":"en-US","@id":"https:\/\/costeira.wine\/#\/schema\/person\/image\/","url":"https:\/\/secure.gravatar.com\/avatar\/1f23f79ab92315a6553b61d72b11411a?s=96&d=mm&r=g","contentUrl":"https:\/\/secure.gravatar.com\/avatar\/1f23f79ab92315a6553b61d72b11411a?s=96&d=mm&r=g","caption":"webmaster"},"sameAs":["http:\/\/costeira.wine"]}]}},"_links":{"self":[{"href":"https:\/\/costeira.wine\/en\/wp-json\/wp\/v2\/posts\/29295","targetHints":{"allow":["GET"]}}],"collection":[{"href":"https:\/\/costeira.wine\/en\/wp-json\/wp\/v2\/posts"}],"about":[{"href":"https:\/\/costeira.wine\/en\/wp-json\/wp\/v2\/types\/post"}],"author":[{"embeddable":true,"href":"https:\/\/costeira.wine\/en\/wp-json\/wp\/v2\/users\/1"}],"replies":[{"embeddable":true,"href":"https:\/\/costeira.wine\/en\/wp-json\/wp\/v2\/comments?post=29295"}],"version-history":[{"count":0,"href":"https:\/\/costeira.wine\/en\/wp-json\/wp\/v2\/posts\/29295\/revisions"}],"wp:featuredmedia":[{"embeddable":true,"href":"https:\/\/costeira.wine\/en\/wp-json\/"}],"wp:attachment":[{"href":"https:\/\/costeira.wine\/en\/wp-json\/wp\/v2\/media?parent=29295"}],"wp:term":[{"taxonomy":"category","embeddable":true,"href":"https:\/\/costeira.wine\/en\/wp-json\/wp\/v2\/categories?post=29295"},{"taxonomy":"post_tag","embeddable":true,"href":"https:\/\/costeira.wine\/en\/wp-json\/wp\/v2\/tags?post=29295"}],"curies":[{"name":"wp","href":"https:\/\/api.w.org\/{rel}","templated":true}]}}