{"id":29296,"date":"2018-02-07T10:49:18","date_gmt":"2018-02-07T10:49:18","guid":{"rendered":"https:\/\/costeira.es\/?p=467"},"modified":"2018-02-07T10:49:18","modified_gmt":"2018-02-07T10:49:18","slug":"seleccionados-como-mejor-bodega-de-espana","status":"publish","type":"post","link":"https:\/\/costeira.wine\/en\/seleccionados-como-mejor-bodega-de-espana\/","title":{"rendered":"\u00a1Seleccionados como la Mejor Bodega de Espa\u00f1a!"},"content":{"rendered":"<blockquote>\n<p dir=\"ltr\">Queridos amigos, esta vez nos hemos quedado sin palabras. Ya se han dado a conocer los ganadores de los Premios Verema 2017 y\u2026 \u00a1hemos ganado el Premio a la Mejor Bodega del A\u00f1o!.<\/p>\n<\/blockquote>\n<p dir=\"ltr\">Tal y como os <a href=\"https:\/\/costeira.es\/novedad\/premios-verema-2017-nominados-a-mejor-bodega\/\">hab\u00edamos anunciado<\/a>, los Premios Verema nos incluyeron como nominados en dicha categor\u00eda con otras 11 bodegas. Pues bien, despu\u00e9s del plazo de votaci\u00f3n abierto, en el que se han batido <strong>r\u00e9cords hist\u00f3ricos de participaci\u00f3n<\/strong> con 11.300 votaciones, hemos obtenido el tan ansiado primer puesto.<\/p>\n<p dir=\"ltr\">Por ello, no nos queda m\u00e1s que agradecer enormemente a todos aquellos que hab\u00e9is invertido unos minutos en votarnos, en una categor\u00eda en la que \u00e9ramos l<strong>os \u00fanicos representantes de Galicia<\/strong>. Seg\u00fan los <a href=\"https:\/\/www.verema.com\/blog\/verema\/1445024-ganadores-premios-verema-2017\">resultados publicados<\/a> nos han acompa\u00f1ado en el p\u00f3dium de la categor\u00eda Vi\u00f1edos Balmoral y Vintae, \u00a1enhorabuena para ellos tambi\u00e9n y para el resto de premiados!.<\/p>\n<h2><\/h2>\n<h2>Acto de entrega en Valencia<\/h2>\n<p dir=\"ltr\">La entrega de Premios de la presente edici\u00f3n se celebrar\u00e1 el jueves 15 de febrero a partir de las 19h en el Hotel Balneario Las Arenas, en Valencia, donde, como no, asistiremos para recoger el galard\u00f3n y ser part\u00edcipes de la celebraci\u00f3n, en la que habr\u00e1 catas y otras experiencias alrededor del vino. \u00a1Os lo iremos contando en nuestras <a href=\"https:\/\/www.instagram.com\/costeira.es\/\">Redes Sociales<\/a>!<\/p>\n<h2><\/h2>\n<h2>Proyecci\u00f3n futura sin perder nuestra esencia<\/h2>\n<p dir=\"ltr\">Para la selecci\u00f3n de nominados, Verema.com ha tenido en cuenta las <strong>notas de cata y comentarios<\/strong> publicados durante 2017, adem\u00e1s de nuestra trayectoria y situaci\u00f3n actual. El propio equipo de redacci\u00f3n del concurso destaca en su web la \u201cproyecci\u00f3n futura de Vi\u00f1a Costeira sin perder de vista su esencia, or\u00edgenes e identidad\u201d<\/p>\n<p dir=\"ltr\">\u00a1Infinitas gracias a todos!<\/p>\n","protected":false},"excerpt":{"rendered":"<p>Queridos amigos, esta vez nos hemos quedado sin palabras. Ya se han dado a conocer los ganadores de los Premios Verema 2017 y\u2026 \u00a1hemos ganado el Premio a la Mejor Bodega del A\u00f1o!. Tal y como os hab\u00edamos anunciado, los Premios Verema nos incluyeron como nominados en dicha categor\u00eda con otras 11 bodegas. Pues bien, [&hellip;]<\/p>\n","protected":false},"author":1,"featured_media":18402,"comment_status":"open","ping_status":"open","sticky":false,"template":"","format":"standard","meta":{"footnotes":""},"categories":[80],"tags":[],"class_list":["post-29296","post","type-post","status-publish","format-standard","has-post-thumbnail","hentry","category-novedad"],"yoast_head":"<!-- This site is optimized with the Yoast SEO plugin v24.8.1 - https:\/\/yoast.com\/wordpress\/plugins\/seo\/ -->\n<title>\u00a1Seleccionados como la Mejor Bodega de Espa\u00f1a!<\/title>\n<meta name=\"description\" content=\"Hemos ganado el premio a la Mejor Bodega del A\u00f1o expedido por los Premios Verema 2017. \u00a1Esta gran noticia te la contamos aqu\u00ed!\" \/>\n<meta name=\"robots\" content=\"index, follow, max-snippet:-1, max-image-preview:large, max-video-preview:-1\" \/>\n<link rel=\"canonical\" href=\"https:\/\/costeira.wine\/gl\/seleccionados-como-mejor-bodega-de-espana\/\" \/>\n<meta property=\"og:locale\" content=\"en_US\" \/>\n<meta property=\"og:type\" content=\"article\" \/>\n<meta property=\"og:title\" content=\"\u00a1Seleccionados como la Mejor Bodega de Espa\u00f1a!\" \/>\n<meta property=\"og:description\" content=\"Hemos ganado el premio a la Mejor Bodega del A\u00f1o expedido por los Premios Verema 2017. \u00a1Esta gran noticia te la contamos aqu\u00ed!\" \/>\n<meta property=\"og:url\" content=\"https:\/\/costeira.wine\/gl\/seleccionados-como-mejor-bodega-de-espana\/\" \/>\n<meta property=\"og:site_name\" content=\"Vi\u00f1a costeira\" \/>\n<meta property=\"article:publisher\" content=\"https:\/\/www.facebook.com\/vinacosteira\/\" \/>\n<meta property=\"article:published_time\" content=\"2018-02-07T10:49:18+00:00\" \/>\n<meta property=\"og:image\" content=\"https:\/\/costeira.wine\/wp-content\/uploads\/2021\/07\/costeira_estrellas_000175-low-980x653-1.jpg\" \/>\n\t<meta property=\"og:image:width\" content=\"980\" \/>\n\t<meta property=\"og:image:height\" content=\"653\" \/>\n\t<meta property=\"og:image:type\" content=\"image\/jpeg\" \/>\n<meta name=\"author\" content=\"webmaster\" \/>\n<meta name=\"twitter:card\" content=\"summary_large_image\" \/>\n<meta name=\"twitter:creator\" content=\"@costeira_es\" \/>\n<meta name=\"twitter:site\" content=\"@costeira_es\" \/>\n<meta name=\"twitter:label1\" content=\"Written by\" \/>\n\t<meta name=\"twitter:data1\" content=\"webmaster\" \/>\n\t<meta name=\"twitter:label2\" content=\"Est. reading time\" \/>\n\t<meta name=\"twitter:data2\" content=\"1 minute\" \/>\n<script type=\"application\/ld+json\" class=\"yoast-schema-graph\">{\"@context\":\"https:\/\/schema.org\",\"@graph\":[{\"@type\":\"Article\",\"@id\":\"https:\/\/costeira.wine\/gl\/seleccionados-como-mejor-bodega-de-espana\/#article\",\"isPartOf\":{\"@id\":\"https:\/\/costeira.wine\/gl\/seleccionados-como-mejor-bodega-de-espana\/\"},\"author\":{\"name\":\"webmaster\",\"@id\":\"https:\/\/costeira.wine\/#\/schema\/person\/be5cac9aab2eadddfb8f6f829e642362\"},\"headline\":\"\u00a1Seleccionados como la Mejor Bodega de Espa\u00f1a!\",\"datePublished\":\"2018-02-07T10:49:18+00:00\",\"mainEntityOfPage\":{\"@id\":\"https:\/\/costeira.wine\/gl\/seleccionados-como-mejor-bodega-de-espana\/\"},\"wordCount\":300,\"commentCount\":0,\"publisher\":{\"@id\":\"https:\/\/costeira.wine\/#organization\"},\"image\":{\"@id\":\"https:\/\/costeira.wine\/gl\/seleccionados-como-mejor-bodega-de-espana\/#primaryimage\"},\"thumbnailUrl\":\"\",\"articleSection\":[\"Novedades\"],\"inLanguage\":\"en-US\",\"potentialAction\":[{\"@type\":\"CommentAction\",\"name\":\"Comment\",\"target\":[\"https:\/\/costeira.wine\/gl\/seleccionados-como-mejor-bodega-de-espana\/#respond\"]}]},{\"@type\":\"WebPage\",\"@id\":\"https:\/\/costeira.wine\/gl\/seleccionados-como-mejor-bodega-de-espana\/\",\"url\":\"https:\/\/costeira.wine\/gl\/seleccionados-como-mejor-bodega-de-espana\/\",\"name\":\"\u00a1Seleccionados como la Mejor Bodega de Espa\u00f1a!\",\"isPartOf\":{\"@id\":\"https:\/\/costeira.wine\/#website\"},\"primaryImageOfPage\":{\"@id\":\"https:\/\/costeira.wine\/gl\/seleccionados-como-mejor-bodega-de-espana\/#primaryimage\"},\"image\":{\"@id\":\"https:\/\/costeira.wine\/gl\/seleccionados-como-mejor-bodega-de-espana\/#primaryimage\"},\"thumbnailUrl\":\"\",\"datePublished\":\"2018-02-07T10:49:18+00:00\",\"description\":\"Hemos ganado el premio a la Mejor Bodega del A\u00f1o expedido por los Premios Verema 2017. \u00a1Esta gran noticia te la contamos aqu\u00ed!\",\"breadcrumb\":{\"@id\":\"https:\/\/costeira.wine\/gl\/seleccionados-como-mejor-bodega-de-espana\/#breadcrumb\"},\"inLanguage\":\"en-US\",\"potentialAction\":[{\"@type\":\"ReadAction\",\"target\":[\"https:\/\/costeira.wine\/gl\/seleccionados-como-mejor-bodega-de-espana\/\"]}]},{\"@type\":\"ImageObject\",\"inLanguage\":\"en-US\",\"@id\":\"https:\/\/costeira.wine\/gl\/seleccionados-como-mejor-bodega-de-espana\/#primaryimage\",\"url\":\"\",\"contentUrl\":\"\"},{\"@type\":\"BreadcrumbList\",\"@id\":\"https:\/\/costeira.wine\/gl\/seleccionados-como-mejor-bodega-de-espana\/#breadcrumb\",\"itemListElement\":[{\"@type\":\"ListItem\",\"position\":1,\"name\":\"Portada\",\"item\":\"https:\/\/costeira.wine\/\"},{\"@type\":\"ListItem\",\"position\":2,\"name\":\"\u00a1Seleccionados como la Mejor Bodega de Espa\u00f1a!\"}]},{\"@type\":\"WebSite\",\"@id\":\"https:\/\/costeira.wine\/#website\",\"url\":\"https:\/\/costeira.wine\/\",\"name\":\"Vi\u00f1a costeira\",\"description\":\"En la bodega Vi\u00f1a Costeira elaboramos vinos de D.O. Ribeiro y Valdeorras. Nuestros productos nos han convertido en la mejor bodega de Espa\u00f1a. \u00a1Con\u00f3cenos!\",\"publisher\":{\"@id\":\"https:\/\/costeira.wine\/#organization\"},\"potentialAction\":[{\"@type\":\"SearchAction\",\"target\":{\"@type\":\"EntryPoint\",\"urlTemplate\":\"https:\/\/costeira.wine\/?s={search_term_string}\"},\"query-input\":{\"@type\":\"PropertyValueSpecification\",\"valueRequired\":true,\"valueName\":\"search_term_string\"}}],\"inLanguage\":\"en-US\"},{\"@type\":\"Organization\",\"@id\":\"https:\/\/costeira.wine\/#organization\",\"name\":\"Vi\u00f1a costeira\",\"url\":\"https:\/\/costeira.wine\/\",\"logo\":{\"@type\":\"ImageObject\",\"inLanguage\":\"en-US\",\"@id\":\"https:\/\/costeira.wine\/#\/schema\/logo\/image\/\",\"url\":\"https:\/\/costeira.wine\/wp-content\/uploads\/2021\/06\/logo_vina_costeira.svg\",\"contentUrl\":\"https:\/\/costeira.wine\/wp-content\/uploads\/2021\/06\/logo_vina_costeira.svg\",\"width\":1024,\"height\":100,\"caption\":\"Vi\u00f1a costeira\"},\"image\":{\"@id\":\"https:\/\/costeira.wine\/#\/schema\/logo\/image\/\"},\"sameAs\":[\"https:\/\/www.facebook.com\/vinacosteira\/\",\"https:\/\/x.com\/costeira_es\",\"https:\/\/www.instagram.com\/costeira.es\/\",\"https:\/\/www.linkedin.com\/company\/vi\u00f1a-costeira\/\",\"https:\/\/www.youtube.com\/channel\/UCx-kNrCaW0EIlxNK7nBRyfA\"]},{\"@type\":\"Person\",\"@id\":\"https:\/\/costeira.wine\/#\/schema\/person\/be5cac9aab2eadddfb8f6f829e642362\",\"name\":\"webmaster\",\"image\":{\"@type\":\"ImageObject\",\"inLanguage\":\"en-US\",\"@id\":\"https:\/\/costeira.wine\/#\/schema\/person\/image\/\",\"url\":\"https:\/\/secure.gravatar.com\/avatar\/1f23f79ab92315a6553b61d72b11411a?s=96&d=mm&r=g\",\"contentUrl\":\"https:\/\/secure.gravatar.com\/avatar\/1f23f79ab92315a6553b61d72b11411a?s=96&d=mm&r=g\",\"caption\":\"webmaster\"},\"sameAs\":[\"http:\/\/costeira.wine\"]}]}<\/script>\n<!-- \/ Yoast SEO plugin. -->","yoast_head_json":{"title":"\u00a1Seleccionados como la Mejor Bodega de Espa\u00f1a!","description":"Hemos ganado el premio a la Mejor Bodega del A\u00f1o expedido por los Premios Verema 2017. \u00a1Esta gran noticia te la contamos aqu\u00ed!","robots":{"index":"index","follow":"follow","max-snippet":"max-snippet:-1","max-image-preview":"max-image-preview:large","max-video-preview":"max-video-preview:-1"},"canonical":"https:\/\/costeira.wine\/gl\/seleccionados-como-mejor-bodega-de-espana\/","og_locale":"en_US","og_type":"article","og_title":"\u00a1Seleccionados como la Mejor Bodega de Espa\u00f1a!","og_description":"Hemos ganado el premio a la Mejor Bodega del A\u00f1o expedido por los Premios Verema 2017. \u00a1Esta gran noticia te la contamos aqu\u00ed!","og_url":"https:\/\/costeira.wine\/gl\/seleccionados-como-mejor-bodega-de-espana\/","og_site_name":"Vi\u00f1a costeira","article_publisher":"https:\/\/www.facebook.com\/vinacosteira\/","article_published_time":"2018-02-07T10:49:18+00:00","og_image":[{"width":980,"height":653,"url":"https:\/\/costeira.wine\/wp-content\/uploads\/2021\/07\/costeira_estrellas_000175-low-980x653-1.jpg","type":"image\/jpeg"}],"author":"webmaster","twitter_card":"summary_large_image","twitter_creator":"@costeira_es","twitter_site":"@costeira_es","twitter_misc":{"Written by":"webmaster","Est. reading time":"1 minute"},"schema":{"@context":"https:\/\/schema.org","@graph":[{"@type":"Article","@id":"https:\/\/costeira.wine\/gl\/seleccionados-como-mejor-bodega-de-espana\/#article","isPartOf":{"@id":"https:\/\/costeira.wine\/gl\/seleccionados-como-mejor-bodega-de-espana\/"},"author":{"name":"webmaster","@id":"https:\/\/costeira.wine\/#\/schema\/person\/be5cac9aab2eadddfb8f6f829e642362"},"headline":"\u00a1Seleccionados como la Mejor Bodega de Espa\u00f1a!","datePublished":"2018-02-07T10:49:18+00:00","mainEntityOfPage":{"@id":"https:\/\/costeira.wine\/gl\/seleccionados-como-mejor-bodega-de-espana\/"},"wordCount":300,"commentCount":0,"publisher":{"@id":"https:\/\/costeira.wine\/#organization"},"image":{"@id":"https:\/\/costeira.wine\/gl\/seleccionados-como-mejor-bodega-de-espana\/#primaryimage"},"thumbnailUrl":"","articleSection":["Novedades"],"inLanguage":"en-US","potentialAction":[{"@type":"CommentAction","name":"Comment","target":["https:\/\/costeira.wine\/gl\/seleccionados-como-mejor-bodega-de-espana\/#respond"]}]},{"@type":"WebPage","@id":"https:\/\/costeira.wine\/gl\/seleccionados-como-mejor-bodega-de-espana\/","url":"https:\/\/costeira.wine\/gl\/seleccionados-como-mejor-bodega-de-espana\/","name":"\u00a1Seleccionados como la Mejor Bodega de Espa\u00f1a!","isPartOf":{"@id":"https:\/\/costeira.wine\/#website"},"primaryImageOfPage":{"@id":"https:\/\/costeira.wine\/gl\/seleccionados-como-mejor-bodega-de-espana\/#primaryimage"},"image":{"@id":"https:\/\/costeira.wine\/gl\/seleccionados-como-mejor-bodega-de-espana\/#primaryimage"},"thumbnailUrl":"","datePublished":"2018-02-07T10:49:18+00:00","description":"Hemos ganado el premio a la Mejor Bodega del A\u00f1o expedido por los Premios Verema 2017. \u00a1Esta gran noticia te la contamos aqu\u00ed!","breadcrumb":{"@id":"https:\/\/costeira.wine\/gl\/seleccionados-como-mejor-bodega-de-espana\/#breadcrumb"},"inLanguage":"en-US","potentialAction":[{"@type":"ReadAction","target":["https:\/\/costeira.wine\/gl\/seleccionados-como-mejor-bodega-de-espana\/"]}]},{"@type":"ImageObject","inLanguage":"en-US","@id":"https:\/\/costeira.wine\/gl\/seleccionados-como-mejor-bodega-de-espana\/#primaryimage","url":"","contentUrl":""},{"@type":"BreadcrumbList","@id":"https:\/\/costeira.wine\/gl\/seleccionados-como-mejor-bodega-de-espana\/#breadcrumb","itemListElement":[{"@type":"ListItem","position":1,"name":"Portada","item":"https:\/\/costeira.wine\/"},{"@type":"ListItem","position":2,"name":"\u00a1Seleccionados como la Mejor Bodega de Espa\u00f1a!"}]},{"@type":"WebSite","@id":"https:\/\/costeira.wine\/#website","url":"https:\/\/costeira.wine\/","name":"Vi\u00f1a costeira","description":"En la bodega Vi\u00f1a Costeira elaboramos vinos de D.O. Ribeiro y Valdeorras. Nuestros productos nos han convertido en la mejor bodega de Espa\u00f1a. \u00a1Con\u00f3cenos!","publisher":{"@id":"https:\/\/costeira.wine\/#organization"},"potentialAction":[{"@type":"SearchAction","target":{"@type":"EntryPoint","urlTemplate":"https:\/\/costeira.wine\/?s={search_term_string}"},"query-input":{"@type":"PropertyValueSpecification","valueRequired":true,"valueName":"search_term_string"}}],"inLanguage":"en-US"},{"@type":"Organization","@id":"https:\/\/costeira.wine\/#organization","name":"Vi\u00f1a costeira","url":"https:\/\/costeira.wine\/","logo":{"@type":"ImageObject","inLanguage":"en-US","@id":"https:\/\/costeira.wine\/#\/schema\/logo\/image\/","url":"https:\/\/costeira.wine\/wp-content\/uploads\/2021\/06\/logo_vina_costeira.svg","contentUrl":"https:\/\/costeira.wine\/wp-content\/uploads\/2021\/06\/logo_vina_costeira.svg","width":1024,"height":100,"caption":"Vi\u00f1a costeira"},"image":{"@id":"https:\/\/costeira.wine\/#\/schema\/logo\/image\/"},"sameAs":["https:\/\/www.facebook.com\/vinacosteira\/","https:\/\/x.com\/costeira_es","https:\/\/www.instagram.com\/costeira.es\/","https:\/\/www.linkedin.com\/company\/vi\u00f1a-costeira\/","https:\/\/www.youtube.com\/channel\/UCx-kNrCaW0EIlxNK7nBRyfA"]},{"@type":"Person","@id":"https:\/\/costeira.wine\/#\/schema\/person\/be5cac9aab2eadddfb8f6f829e642362","name":"webmaster","image":{"@type":"ImageObject","inLanguage":"en-US","@id":"https:\/\/costeira.wine\/#\/schema\/person\/image\/","url":"https:\/\/secure.gravatar.com\/avatar\/1f23f79ab92315a6553b61d72b11411a?s=96&d=mm&r=g","contentUrl":"https:\/\/secure.gravatar.com\/avatar\/1f23f79ab92315a6553b61d72b11411a?s=96&d=mm&r=g","caption":"webmaster"},"sameAs":["http:\/\/costeira.wine"]}]}},"_links":{"self":[{"href":"https:\/\/costeira.wine\/en\/wp-json\/wp\/v2\/posts\/29296","targetHints":{"allow":["GET"]}}],"collection":[{"href":"https:\/\/costeira.wine\/en\/wp-json\/wp\/v2\/posts"}],"about":[{"href":"https:\/\/costeira.wine\/en\/wp-json\/wp\/v2\/types\/post"}],"author":[{"embeddable":true,"href":"https:\/\/costeira.wine\/en\/wp-json\/wp\/v2\/users\/1"}],"replies":[{"embeddable":true,"href":"https:\/\/costeira.wine\/en\/wp-json\/wp\/v2\/comments?post=29296"}],"version-history":[{"count":0,"href":"https:\/\/costeira.wine\/en\/wp-json\/wp\/v2\/posts\/29296\/revisions"}],"wp:featuredmedia":[{"embeddable":true,"href":"https:\/\/costeira.wine\/en\/wp-json\/"}],"wp:attachment":[{"href":"https:\/\/costeira.wine\/en\/wp-json\/wp\/v2\/media?parent=29296"}],"wp:term":[{"taxonomy":"category","embeddable":true,"href":"https:\/\/costeira.wine\/en\/wp-json\/wp\/v2\/categories?post=29296"},{"taxonomy":"post_tag","embeddable":true,"href":"https:\/\/costeira.wine\/en\/wp-json\/wp\/v2\/tags?post=29296"}],"curies":[{"name":"wp","href":"https:\/\/api.w.org\/{rel}","templated":true}]}}