{"id":29297,"date":"2018-01-22T10:58:07","date_gmt":"2018-01-22T10:58:07","guid":{"rendered":"https:\/\/costeira.es\/?p=474"},"modified":"2018-01-22T10:58:07","modified_gmt":"2018-01-22T10:58:07","slug":"premios-verema-2017-nominados-a-mejor-bodega","status":"publish","type":"post","link":"https:\/\/costeira.wine\/en\/premios-verema-2017-nominados-a-mejor-bodega\/","title":{"rendered":"Premios Verema 2017: \u00a1nominados a mejor bodega!"},"content":{"rendered":"<blockquote>\n<p dir=\"ltr\">Un a\u00f1o m\u00e1s Vi\u00f1a Costeira es nominada en la categor\u00eda de &#8220;Mejor Bodega Espa\u00f1ola&#8221; dentro de los Premios Verema.<\/p>\n<\/blockquote>\n<p dir=\"ltr\">As\u00ed da gusto empezar el a\u00f1o: nada mejor para motivarnos e inyectar nuevas dosis de ilusi\u00f3n al equipo de Vi\u00f1a Costeira como la gran noticia que nos acaban de dar: \u00a1Estamos <strong>nominados en los <a href=\"https:\/\/www.verema.com\/blog\/verema\/1442710-vota-premios-verema-2017\">Premios Verema<\/a> como mejor bodega del a\u00f1o 2017<\/strong>!<\/p>\n<p dir=\"ltr\">Aunque imaginamos que ya los conoc\u00e9is, los Premios Verema celebran cada a\u00f1o una gala en la que reconocen y entregan el premio a los ganadores de diversas categor\u00edas, acompa\u00f1\u00e1ndola de catas y otras muchas experiencias enriquecedoras alrededor del vino<\/p>\n<p dir=\"ltr\">Para esta edici\u00f3n, que se celebrar\u00e1 en <strong>Valencia el 15 de febrero<\/strong>, el equipo de redacci\u00f3n de Verema nos ha seleccionado teniendo en cuenta los <strong>comentarios y notas de cata<\/strong> publicados en Verema.com durante 2017, sumado a nuestra <strong>presencia y trayectoria hist\u00f3rica<\/strong>. Por ello, adem\u00e1s de agradecer el reconocimiento a los organizadores, os tenemos que dar las gracias a todos vosotros, los amantes de nuestros vinos que hab\u00e9is tenido el detalle de valorarnos. \u00a1Bravo por vosotros!<\/p>\n<h2><\/h2>\n<h2>\u00danica bodega de Galicia entre las mejores<\/h2>\n<p dir=\"ltr\">Seg\u00fan la selecci\u00f3n de Verema, estas son las bodegas que nos acompa\u00f1an en la <strong>categor\u00eda a mejor Bodega del a\u00f1o 2017<\/strong>: 3 Pilares, Argenceres, Arzuaga, Attis Bodegas y Vi\u00f1edos, Balmoral, Bodegas Bilba\u00ednas, Castelo de Medina, Dominio de Cair, Murviedro, Resalte y Vintae. Para nosotros supone todo un orgullo ser los <strong>\u00fanicos representantes de Galicia en esta categor\u00eda<\/strong>. \u00a1Enhorabuena y mucha suerte a todos, compa\u00f1eros!<\/p>\n<p dir=\"ltr\">Adem\u00e1s de la mencionada, hay un total de <strong>12 nominados en cada una de las 13 categor\u00edas<\/strong> y candidaturas de los Premios Verema en esta edici\u00f3n: Bodega con mejor trayectoria, Mejor vino tinto espa\u00f1ol, Mejor vino blanco espa\u00f1ol, Mejor vino rosado espa\u00f1ol, Mejor vino espumoso, Mejor vino generoso, Mejor vino dulce, Personaje del mundo del vino, Mejor sumiller, Mejor CRDO de vino, Restaurante espa\u00f1ol con mejor tratamiento del vino y Mejor destilado<\/p>\n<h2><\/h2>\n<h2>Reflejo de innovaci\u00f3n y renovaci\u00f3n<\/h2>\n<p dir=\"ltr\">En la ficha descriptiva de la propia web, Verema destaca el <strong>reflejo de innovaci\u00f3n y renovaci\u00f3n<\/strong> de Vi\u00f1a Costeira desde 1968. As\u00ed, adem\u00e1s de un repaso de nuestra historia y evoluci\u00f3n, salientan nuestra <strong>proyecci\u00f3n futura<\/strong> sin perder de vista nuestra <strong>esencia, or\u00edgenes e identidad<\/strong>. En este sentido, ya en la pasada edici\u00f3n reconocieron nuestros esfuerzos con dos nominaciones: Mejor bodega y Mejor espumoso<\/p>\n<h2><\/h2>\n<h2>Participa en la votaci\u00f3n y vive la Experiencia Verema Valencia<\/h2>\n<p dir=\"ltr\">Para votar nuestra candidatura, no ten\u00e9is m\u00e1s que <strong>acceder a este <a href=\"https:\/\/es.surveymonkey.com\/survey-closed\/?sm=56D1QXKkP0DgqczfMVHUGrVmlOjnXNtHE_2Bor1RDYR1uTuulzAifz0Y7dKe2yjCiLEDiguTh1KqMl_2FRk_2FtAIV4HBRh1E6BZxRUWX7CUnnR8A_3D\">link<\/a> antes del 4 de febrero<\/strong> y clicar en nuestra casilla. Si particip\u00e1is en la votaci\u00f3n, entrar\u00e9is en el sorteo de una entrada para asistir a la Experiencia Verema Valencia, con catas, spa y alguna que otra sorpresa. \u00bfOs imagin\u00e1is lo extraordinario que ser\u00eda obtener la victoria y que nos acompa\u00f1\u00e9is a disfrutarla?<\/p>\n","protected":false},"excerpt":{"rendered":"<p>Un a\u00f1o m\u00e1s Vi\u00f1a Costeira es nominada en la categor\u00eda de &#8220;Mejor Bodega Espa\u00f1ola&#8221; dentro de los Premios Verema. As\u00ed da gusto empezar el a\u00f1o: nada mejor para motivarnos e inyectar nuevas dosis de ilusi\u00f3n al equipo de Vi\u00f1a Costeira como la gran noticia que nos acaban de dar: \u00a1Estamos nominados en los Premios Verema [&hellip;]<\/p>\n","protected":false},"author":1,"featured_media":15429,"comment_status":"open","ping_status":"open","sticky":false,"template":"","format":"standard","meta":{"footnotes":""},"categories":[80],"tags":[],"class_list":["post-29297","post","type-post","status-publish","format-standard","has-post-thumbnail","hentry","category-novedad"],"yoast_head":"<!-- This site is optimized with the Yoast SEO plugin v24.8.1 - https:\/\/yoast.com\/wordpress\/plugins\/seo\/ -->\n<title>Premios Verema 2017: \u00a1nominados a mejor bodega!<\/title>\n<meta name=\"description\" content=\"\u00a1Hemos sido nominados en la categor\u00eda de &quot;Mejor Bodega de Espa\u00f1a&quot; dentro de los Premios Verema! Si quieres saber m\u00e1s sobre entra en nuestra web.\" \/>\n<meta name=\"robots\" content=\"index, follow, max-snippet:-1, max-image-preview:large, max-video-preview:-1\" \/>\n<link rel=\"canonical\" href=\"https:\/\/costeira.wine\/premios-verema-2017-nominados-a-mejor-bodega\/\" \/>\n<meta property=\"og:locale\" content=\"en_US\" \/>\n<meta property=\"og:type\" content=\"article\" \/>\n<meta property=\"og:title\" content=\"Premios Verema 2017: \u00a1nominados a mejor bodega!\" \/>\n<meta property=\"og:description\" content=\"\u00a1Hemos sido nominados en la categor\u00eda de &quot;Mejor Bodega de Espa\u00f1a&quot; dentro de los Premios Verema! Si quieres saber m\u00e1s sobre entra en nuestra web.\" \/>\n<meta property=\"og:url\" content=\"https:\/\/costeira.wine\/premios-verema-2017-nominados-a-mejor-bodega\/\" \/>\n<meta property=\"og:site_name\" content=\"Vi\u00f1a costeira\" \/>\n<meta property=\"article:publisher\" content=\"https:\/\/www.facebook.com\/vinacosteira\/\" \/>\n<meta property=\"article:published_time\" content=\"2018-01-22T10:58:07+00:00\" \/>\n<meta property=\"og:image\" content=\"https:\/\/costeira.wine\/wp-content\/uploads\/2021\/07\/costeira_estrellas_000175-low-980x653-1.jpg\" \/>\n\t<meta property=\"og:image:width\" content=\"980\" \/>\n\t<meta property=\"og:image:height\" content=\"653\" \/>\n\t<meta property=\"og:image:type\" content=\"image\/jpeg\" \/>\n<meta name=\"author\" content=\"webmaster\" \/>\n<meta name=\"twitter:card\" content=\"summary_large_image\" \/>\n<meta name=\"twitter:creator\" content=\"@costeira_es\" \/>\n<meta name=\"twitter:site\" content=\"@costeira_es\" \/>\n<meta name=\"twitter:label1\" content=\"Written by\" \/>\n\t<meta name=\"twitter:data1\" content=\"webmaster\" \/>\n\t<meta name=\"twitter:label2\" content=\"Est. reading time\" \/>\n\t<meta name=\"twitter:data2\" content=\"3 minutes\" \/>\n<script type=\"application\/ld+json\" class=\"yoast-schema-graph\">{\"@context\":\"https:\/\/schema.org\",\"@graph\":[{\"@type\":\"Article\",\"@id\":\"https:\/\/costeira.wine\/premios-verema-2017-nominados-a-mejor-bodega\/#article\",\"isPartOf\":{\"@id\":\"https:\/\/costeira.wine\/premios-verema-2017-nominados-a-mejor-bodega\/\"},\"author\":{\"name\":\"webmaster\",\"@id\":\"https:\/\/costeira.wine\/#\/schema\/person\/be5cac9aab2eadddfb8f6f829e642362\"},\"headline\":\"Premios Verema 2017: \u00a1nominados a mejor bodega!\",\"datePublished\":\"2018-01-22T10:58:07+00:00\",\"mainEntityOfPage\":{\"@id\":\"https:\/\/costeira.wine\/premios-verema-2017-nominados-a-mejor-bodega\/\"},\"wordCount\":512,\"commentCount\":0,\"publisher\":{\"@id\":\"https:\/\/costeira.wine\/#organization\"},\"image\":{\"@id\":\"https:\/\/costeira.wine\/premios-verema-2017-nominados-a-mejor-bodega\/#primaryimage\"},\"thumbnailUrl\":\"\",\"articleSection\":[\"Novedades\"],\"inLanguage\":\"en-US\",\"potentialAction\":[{\"@type\":\"CommentAction\",\"name\":\"Comment\",\"target\":[\"https:\/\/costeira.wine\/premios-verema-2017-nominados-a-mejor-bodega\/#respond\"]}]},{\"@type\":\"WebPage\",\"@id\":\"https:\/\/costeira.wine\/premios-verema-2017-nominados-a-mejor-bodega\/\",\"url\":\"https:\/\/costeira.wine\/premios-verema-2017-nominados-a-mejor-bodega\/\",\"name\":\"Premios Verema 2017: \u00a1nominados a mejor bodega!\",\"isPartOf\":{\"@id\":\"https:\/\/costeira.wine\/#website\"},\"primaryImageOfPage\":{\"@id\":\"https:\/\/costeira.wine\/premios-verema-2017-nominados-a-mejor-bodega\/#primaryimage\"},\"image\":{\"@id\":\"https:\/\/costeira.wine\/premios-verema-2017-nominados-a-mejor-bodega\/#primaryimage\"},\"thumbnailUrl\":\"\",\"datePublished\":\"2018-01-22T10:58:07+00:00\",\"description\":\"\u00a1Hemos sido nominados en la categor\u00eda de \\\"Mejor Bodega de Espa\u00f1a\\\" dentro de los Premios Verema! Si quieres saber m\u00e1s sobre entra en nuestra web.\",\"breadcrumb\":{\"@id\":\"https:\/\/costeira.wine\/premios-verema-2017-nominados-a-mejor-bodega\/#breadcrumb\"},\"inLanguage\":\"en-US\",\"potentialAction\":[{\"@type\":\"ReadAction\",\"target\":[\"https:\/\/costeira.wine\/premios-verema-2017-nominados-a-mejor-bodega\/\"]}]},{\"@type\":\"ImageObject\",\"inLanguage\":\"en-US\",\"@id\":\"https:\/\/costeira.wine\/premios-verema-2017-nominados-a-mejor-bodega\/#primaryimage\",\"url\":\"\",\"contentUrl\":\"\"},{\"@type\":\"BreadcrumbList\",\"@id\":\"https:\/\/costeira.wine\/premios-verema-2017-nominados-a-mejor-bodega\/#breadcrumb\",\"itemListElement\":[{\"@type\":\"ListItem\",\"position\":1,\"name\":\"Portada\",\"item\":\"https:\/\/costeira.wine\/\"},{\"@type\":\"ListItem\",\"position\":2,\"name\":\"Premios Verema 2017: \u00a1nominados a mejor bodega!\"}]},{\"@type\":\"WebSite\",\"@id\":\"https:\/\/costeira.wine\/#website\",\"url\":\"https:\/\/costeira.wine\/\",\"name\":\"Vi\u00f1a costeira\",\"description\":\"En la bodega Vi\u00f1a Costeira elaboramos vinos de D.O. Ribeiro y Valdeorras. Nuestros productos nos han convertido en la mejor bodega de Espa\u00f1a. \u00a1Con\u00f3cenos!\",\"publisher\":{\"@id\":\"https:\/\/costeira.wine\/#organization\"},\"potentialAction\":[{\"@type\":\"SearchAction\",\"target\":{\"@type\":\"EntryPoint\",\"urlTemplate\":\"https:\/\/costeira.wine\/?s={search_term_string}\"},\"query-input\":{\"@type\":\"PropertyValueSpecification\",\"valueRequired\":true,\"valueName\":\"search_term_string\"}}],\"inLanguage\":\"en-US\"},{\"@type\":\"Organization\",\"@id\":\"https:\/\/costeira.wine\/#organization\",\"name\":\"Vi\u00f1a costeira\",\"url\":\"https:\/\/costeira.wine\/\",\"logo\":{\"@type\":\"ImageObject\",\"inLanguage\":\"en-US\",\"@id\":\"https:\/\/costeira.wine\/#\/schema\/logo\/image\/\",\"url\":\"https:\/\/costeira.wine\/wp-content\/uploads\/2021\/06\/logo_vina_costeira.svg\",\"contentUrl\":\"https:\/\/costeira.wine\/wp-content\/uploads\/2021\/06\/logo_vina_costeira.svg\",\"width\":1024,\"height\":100,\"caption\":\"Vi\u00f1a costeira\"},\"image\":{\"@id\":\"https:\/\/costeira.wine\/#\/schema\/logo\/image\/\"},\"sameAs\":[\"https:\/\/www.facebook.com\/vinacosteira\/\",\"https:\/\/x.com\/costeira_es\",\"https:\/\/www.instagram.com\/costeira.es\/\",\"https:\/\/www.linkedin.com\/company\/vi\u00f1a-costeira\/\",\"https:\/\/www.youtube.com\/channel\/UCx-kNrCaW0EIlxNK7nBRyfA\"]},{\"@type\":\"Person\",\"@id\":\"https:\/\/costeira.wine\/#\/schema\/person\/be5cac9aab2eadddfb8f6f829e642362\",\"name\":\"webmaster\",\"image\":{\"@type\":\"ImageObject\",\"inLanguage\":\"en-US\",\"@id\":\"https:\/\/costeira.wine\/#\/schema\/person\/image\/\",\"url\":\"https:\/\/secure.gravatar.com\/avatar\/1f23f79ab92315a6553b61d72b11411a?s=96&d=mm&r=g\",\"contentUrl\":\"https:\/\/secure.gravatar.com\/avatar\/1f23f79ab92315a6553b61d72b11411a?s=96&d=mm&r=g\",\"caption\":\"webmaster\"},\"sameAs\":[\"http:\/\/costeira.wine\"]}]}<\/script>\n<!-- \/ Yoast SEO plugin. -->","yoast_head_json":{"title":"Premios Verema 2017: \u00a1nominados a mejor bodega!","description":"\u00a1Hemos sido nominados en la categor\u00eda de \"Mejor Bodega de Espa\u00f1a\" dentro de los Premios Verema! Si quieres saber m\u00e1s sobre entra en nuestra web.","robots":{"index":"index","follow":"follow","max-snippet":"max-snippet:-1","max-image-preview":"max-image-preview:large","max-video-preview":"max-video-preview:-1"},"canonical":"https:\/\/costeira.wine\/premios-verema-2017-nominados-a-mejor-bodega\/","og_locale":"en_US","og_type":"article","og_title":"Premios Verema 2017: \u00a1nominados a mejor bodega!","og_description":"\u00a1Hemos sido nominados en la categor\u00eda de \"Mejor Bodega de Espa\u00f1a\" dentro de los Premios Verema! Si quieres saber m\u00e1s sobre entra en nuestra web.","og_url":"https:\/\/costeira.wine\/premios-verema-2017-nominados-a-mejor-bodega\/","og_site_name":"Vi\u00f1a costeira","article_publisher":"https:\/\/www.facebook.com\/vinacosteira\/","article_published_time":"2018-01-22T10:58:07+00:00","og_image":[{"width":980,"height":653,"url":"https:\/\/costeira.wine\/wp-content\/uploads\/2021\/07\/costeira_estrellas_000175-low-980x653-1.jpg","type":"image\/jpeg"}],"author":"webmaster","twitter_card":"summary_large_image","twitter_creator":"@costeira_es","twitter_site":"@costeira_es","twitter_misc":{"Written by":"webmaster","Est. reading time":"3 minutes"},"schema":{"@context":"https:\/\/schema.org","@graph":[{"@type":"Article","@id":"https:\/\/costeira.wine\/premios-verema-2017-nominados-a-mejor-bodega\/#article","isPartOf":{"@id":"https:\/\/costeira.wine\/premios-verema-2017-nominados-a-mejor-bodega\/"},"author":{"name":"webmaster","@id":"https:\/\/costeira.wine\/#\/schema\/person\/be5cac9aab2eadddfb8f6f829e642362"},"headline":"Premios Verema 2017: \u00a1nominados a mejor bodega!","datePublished":"2018-01-22T10:58:07+00:00","mainEntityOfPage":{"@id":"https:\/\/costeira.wine\/premios-verema-2017-nominados-a-mejor-bodega\/"},"wordCount":512,"commentCount":0,"publisher":{"@id":"https:\/\/costeira.wine\/#organization"},"image":{"@id":"https:\/\/costeira.wine\/premios-verema-2017-nominados-a-mejor-bodega\/#primaryimage"},"thumbnailUrl":"","articleSection":["Novedades"],"inLanguage":"en-US","potentialAction":[{"@type":"CommentAction","name":"Comment","target":["https:\/\/costeira.wine\/premios-verema-2017-nominados-a-mejor-bodega\/#respond"]}]},{"@type":"WebPage","@id":"https:\/\/costeira.wine\/premios-verema-2017-nominados-a-mejor-bodega\/","url":"https:\/\/costeira.wine\/premios-verema-2017-nominados-a-mejor-bodega\/","name":"Premios Verema 2017: \u00a1nominados a mejor bodega!","isPartOf":{"@id":"https:\/\/costeira.wine\/#website"},"primaryImageOfPage":{"@id":"https:\/\/costeira.wine\/premios-verema-2017-nominados-a-mejor-bodega\/#primaryimage"},"image":{"@id":"https:\/\/costeira.wine\/premios-verema-2017-nominados-a-mejor-bodega\/#primaryimage"},"thumbnailUrl":"","datePublished":"2018-01-22T10:58:07+00:00","description":"\u00a1Hemos sido nominados en la categor\u00eda de \"Mejor Bodega de Espa\u00f1a\" dentro de los Premios Verema! Si quieres saber m\u00e1s sobre entra en nuestra web.","breadcrumb":{"@id":"https:\/\/costeira.wine\/premios-verema-2017-nominados-a-mejor-bodega\/#breadcrumb"},"inLanguage":"en-US","potentialAction":[{"@type":"ReadAction","target":["https:\/\/costeira.wine\/premios-verema-2017-nominados-a-mejor-bodega\/"]}]},{"@type":"ImageObject","inLanguage":"en-US","@id":"https:\/\/costeira.wine\/premios-verema-2017-nominados-a-mejor-bodega\/#primaryimage","url":"","contentUrl":""},{"@type":"BreadcrumbList","@id":"https:\/\/costeira.wine\/premios-verema-2017-nominados-a-mejor-bodega\/#breadcrumb","itemListElement":[{"@type":"ListItem","position":1,"name":"Portada","item":"https:\/\/costeira.wine\/"},{"@type":"ListItem","position":2,"name":"Premios Verema 2017: \u00a1nominados a mejor bodega!"}]},{"@type":"WebSite","@id":"https:\/\/costeira.wine\/#website","url":"https:\/\/costeira.wine\/","name":"Vi\u00f1a costeira","description":"En la bodega Vi\u00f1a Costeira elaboramos vinos de D.O. Ribeiro y Valdeorras. Nuestros productos nos han convertido en la mejor bodega de Espa\u00f1a. \u00a1Con\u00f3cenos!","publisher":{"@id":"https:\/\/costeira.wine\/#organization"},"potentialAction":[{"@type":"SearchAction","target":{"@type":"EntryPoint","urlTemplate":"https:\/\/costeira.wine\/?s={search_term_string}"},"query-input":{"@type":"PropertyValueSpecification","valueRequired":true,"valueName":"search_term_string"}}],"inLanguage":"en-US"},{"@type":"Organization","@id":"https:\/\/costeira.wine\/#organization","name":"Vi\u00f1a costeira","url":"https:\/\/costeira.wine\/","logo":{"@type":"ImageObject","inLanguage":"en-US","@id":"https:\/\/costeira.wine\/#\/schema\/logo\/image\/","url":"https:\/\/costeira.wine\/wp-content\/uploads\/2021\/06\/logo_vina_costeira.svg","contentUrl":"https:\/\/costeira.wine\/wp-content\/uploads\/2021\/06\/logo_vina_costeira.svg","width":1024,"height":100,"caption":"Vi\u00f1a costeira"},"image":{"@id":"https:\/\/costeira.wine\/#\/schema\/logo\/image\/"},"sameAs":["https:\/\/www.facebook.com\/vinacosteira\/","https:\/\/x.com\/costeira_es","https:\/\/www.instagram.com\/costeira.es\/","https:\/\/www.linkedin.com\/company\/vi\u00f1a-costeira\/","https:\/\/www.youtube.com\/channel\/UCx-kNrCaW0EIlxNK7nBRyfA"]},{"@type":"Person","@id":"https:\/\/costeira.wine\/#\/schema\/person\/be5cac9aab2eadddfb8f6f829e642362","name":"webmaster","image":{"@type":"ImageObject","inLanguage":"en-US","@id":"https:\/\/costeira.wine\/#\/schema\/person\/image\/","url":"https:\/\/secure.gravatar.com\/avatar\/1f23f79ab92315a6553b61d72b11411a?s=96&d=mm&r=g","contentUrl":"https:\/\/secure.gravatar.com\/avatar\/1f23f79ab92315a6553b61d72b11411a?s=96&d=mm&r=g","caption":"webmaster"},"sameAs":["http:\/\/costeira.wine"]}]}},"_links":{"self":[{"href":"https:\/\/costeira.wine\/en\/wp-json\/wp\/v2\/posts\/29297","targetHints":{"allow":["GET"]}}],"collection":[{"href":"https:\/\/costeira.wine\/en\/wp-json\/wp\/v2\/posts"}],"about":[{"href":"https:\/\/costeira.wine\/en\/wp-json\/wp\/v2\/types\/post"}],"author":[{"embeddable":true,"href":"https:\/\/costeira.wine\/en\/wp-json\/wp\/v2\/users\/1"}],"replies":[{"embeddable":true,"href":"https:\/\/costeira.wine\/en\/wp-json\/wp\/v2\/comments?post=29297"}],"version-history":[{"count":0,"href":"https:\/\/costeira.wine\/en\/wp-json\/wp\/v2\/posts\/29297\/revisions"}],"wp:featuredmedia":[{"embeddable":true,"href":"https:\/\/costeira.wine\/en\/wp-json\/"}],"wp:attachment":[{"href":"https:\/\/costeira.wine\/en\/wp-json\/wp\/v2\/media?parent=29297"}],"wp:term":[{"taxonomy":"category","embeddable":true,"href":"https:\/\/costeira.wine\/en\/wp-json\/wp\/v2\/categories?post=29297"},{"taxonomy":"post_tag","embeddable":true,"href":"https:\/\/costeira.wine\/en\/wp-json\/wp\/v2\/tags?post=29297"}],"curies":[{"name":"wp","href":"https:\/\/api.w.org\/{rel}","templated":true}]}}