{"id":3092,"date":"2016-07-12T12:00:46","date_gmt":"2016-07-12T12:00:46","guid":{"rendered":"https:\/\/costeira.es\/?p=3092"},"modified":"2016-07-12T12:00:46","modified_gmt":"2016-07-12T12:00:46","slug":"coleccion-68-barrica-y-lua-jamaica-disponibles-de-nuevo","status":"publish","type":"post","link":"https:\/\/costeira.wine\/en\/coleccion-68-barrica-y-lua-jamaica-disponibles-de-nuevo\/","title":{"rendered":"Colecci\u00f3n 68 Barrica y Lua Jamaica disponibles de nuevo"},"content":{"rendered":"<h2 class=\"subtitulo-costeira\">amantes de los vinos de barrica y de los licores<\/h2>\n<p>Los <span style=\"font-weight: bold;\">amantes de los vinos de barrica y de los licores<\/span> est\u00e1n de enhorabuena. Despu\u00e9s de un tiempo agotados, vuelven a estar disponibles en nuestra tienda online&nbsp;dos de nuestros productos m\u00e1s demandados por el p\u00fablico en los \u00faltimos meses, el <a href=\"https:\/\/costeira.es\/vinos\/vino-coleccion-68-barrica-de-vina-costeira\/\" target=\"_blank\" rel=\"noopener noreferrer\">Colecci\u00f3n 68 de Barrica <\/a>y el <a href=\"https:\/\/costeira.es\/licores\/lua-jamaica-blue-mountain\/\" target=\"_blank\" rel=\"noopener noreferrer\">Lua Jamaica Blue Mountain<\/a>.<\/p>\n<p><span style=\"line-height: 1.42857;\">Nuestro <\/span>Colecci\u00f3n 68 de Barrica&nbsp;<span style=\"line-height: 1.42857;\">se ha convertido en uno de los vinos con m\u00e1s solera de nuestra bodega. Con una amplia gama de matices, su fermentaci\u00f3n durante 4 meses en <span style=\"font-weight: bold;\">barrica bordelesa de roble franc\u00e9s<\/span> le otorga un atractivo particular que le hace ser uno de los vinos m\u00e1s solicitados.<\/span><\/p>\n<p><span style=\"line-height: 1.42857;\">Por otra parte, el <\/span>Lua Jamaica Blue Mountain&nbsp;<span style=\"line-height: 1.42857;\">, con su exitosa combinaci\u00f3n de <span style=\"font-weight: bold;\">Orujo de Galicia y el caf\u00e9 de Jamaica<\/span>, proporciona un sabor y aroma ideal para las largas sobremesas del verano.<\/span><\/p>\n<p><img decoding=\"async\" src=\"\/wp-content\/uploads\/imgs-older\/F0000000500_lua_cortada.jpg\" loading=\"lazy\"><img decoding=\"async\" src=\"\/wp-content\/uploads\/imgs-older\/F0000000501_coleccion_68_barrica.jpg\" loading=\"lazy\"><\/p>\n","protected":false},"excerpt":{"rendered":"<p>amantes de los vinos de barrica y de los licores Los amantes de los vinos de barrica y de los licores est\u00e1n de enhorabuena. Despu\u00e9s de un tiempo agotados, vuelven a estar disponibles en nuestra tienda online&nbsp;dos de nuestros productos m\u00e1s demandados por el p\u00fablico en los \u00faltimos meses, el Colecci\u00f3n 68 de Barrica y [&hellip;]<\/p>\n","protected":false},"author":1,"featured_media":16218,"comment_status":"open","ping_status":"open","sticky":false,"template":"","format":"standard","meta":{"footnotes":""},"categories":[80],"tags":[],"class_list":["post-3092","post","type-post","status-publish","format-standard","has-post-thumbnail","hentry","category-novedad"],"yoast_head":"<!-- This site is optimized with the Yoast SEO plugin v27.5 - https:\/\/yoast.com\/product\/yoast-seo-wordpress\/ -->\n<title>Colecci\u00f3n 68 Barrica y Lua Jamaica disponibles de nuevo - Vi\u00f1a costeira<\/title>\n<meta name=\"description\" content=\"%\" \/>\n<meta name=\"robots\" content=\"index, follow, max-snippet:-1, max-image-preview:large, max-video-preview:-1\" \/>\n<link rel=\"canonical\" href=\"https:\/\/costeira.wine\/en\/coleccion-68-barrica-y-lua-jamaica-disponibles-de-nuevo\/\" \/>\n<meta property=\"og:locale\" content=\"en_US\" \/>\n<meta property=\"og:type\" content=\"article\" \/>\n<meta property=\"og:title\" content=\"Colecci\u00f3n 68 Barrica y Lua Jamaica disponibles de nuevo - Vi\u00f1a costeira\" \/>\n<meta property=\"og:description\" content=\"%\" \/>\n<meta property=\"og:url\" content=\"https:\/\/costeira.wine\/en\/coleccion-68-barrica-y-lua-jamaica-disponibles-de-nuevo\/\" \/>\n<meta property=\"og:site_name\" content=\"Vi\u00f1a costeira\" \/>\n<meta property=\"article:publisher\" content=\"https:\/\/www.facebook.com\/vinacosteira\/\" \/>\n<meta property=\"article:published_time\" content=\"2016-07-12T12:00:46+00:00\" \/>\n<meta property=\"og:image\" content=\"https:\/\/costeira.wine\/wp-content\/uploads\/2021\/07\/costeira_estrellas_000175-low-980x653-1.jpg\" \/>\n\t<meta property=\"og:image:width\" content=\"980\" \/>\n\t<meta property=\"og:image:height\" content=\"653\" \/>\n\t<meta property=\"og:image:type\" content=\"image\/jpeg\" \/>\n<meta name=\"author\" content=\"webmaster\" \/>\n<meta name=\"twitter:card\" content=\"summary_large_image\" \/>\n<meta name=\"twitter:creator\" content=\"@costeira_es\" \/>\n<meta name=\"twitter:site\" content=\"@costeira_es\" \/>\n<meta name=\"twitter:label1\" content=\"Written by\" \/>\n\t<meta name=\"twitter:data1\" content=\"webmaster\" \/>\n\t<meta name=\"twitter:label2\" content=\"Est. reading time\" \/>\n\t<meta name=\"twitter:data2\" content=\"1 minute\" \/>\n<script type=\"application\/ld+json\" class=\"yoast-schema-graph\">{\"@context\":\"https:\\\/\\\/schema.org\",\"@graph\":[{\"@type\":\"Article\",\"@id\":\"https:\\\/\\\/costeira.wine\\\/en\\\/coleccion-68-barrica-y-lua-jamaica-disponibles-de-nuevo\\\/#article\",\"isPartOf\":{\"@id\":\"https:\\\/\\\/costeira.wine\\\/en\\\/coleccion-68-barrica-y-lua-jamaica-disponibles-de-nuevo\\\/\"},\"author\":{\"name\":\"webmaster\",\"@id\":\"https:\\\/\\\/costeira.wine\\\/#\\\/schema\\\/person\\\/be5cac9aab2eadddfb8f6f829e642362\"},\"headline\":\"Colecci\u00f3n 68 Barrica y Lua Jamaica disponibles de nuevo\",\"datePublished\":\"2016-07-12T12:00:46+00:00\",\"mainEntityOfPage\":{\"@id\":\"https:\\\/\\\/costeira.wine\\\/en\\\/coleccion-68-barrica-y-lua-jamaica-disponibles-de-nuevo\\\/\"},\"wordCount\":165,\"commentCount\":0,\"publisher\":{\"@id\":\"https:\\\/\\\/costeira.wine\\\/#organization\"},\"image\":{\"@id\":\"https:\\\/\\\/costeira.wine\\\/en\\\/coleccion-68-barrica-y-lua-jamaica-disponibles-de-nuevo\\\/#primaryimage\"},\"thumbnailUrl\":\"\",\"articleSection\":[\"Novedades\"],\"inLanguage\":\"en-US\",\"potentialAction\":[{\"@type\":\"CommentAction\",\"name\":\"Comment\",\"target\":[\"https:\\\/\\\/costeira.wine\\\/en\\\/coleccion-68-barrica-y-lua-jamaica-disponibles-de-nuevo\\\/#respond\"]}]},{\"@type\":\"WebPage\",\"@id\":\"https:\\\/\\\/costeira.wine\\\/en\\\/coleccion-68-barrica-y-lua-jamaica-disponibles-de-nuevo\\\/\",\"url\":\"https:\\\/\\\/costeira.wine\\\/en\\\/coleccion-68-barrica-y-lua-jamaica-disponibles-de-nuevo\\\/\",\"name\":\"Colecci\u00f3n 68 Barrica y Lua Jamaica disponibles de nuevo - Vi\u00f1a costeira\",\"isPartOf\":{\"@id\":\"https:\\\/\\\/costeira.wine\\\/#website\"},\"primaryImageOfPage\":{\"@id\":\"https:\\\/\\\/costeira.wine\\\/en\\\/coleccion-68-barrica-y-lua-jamaica-disponibles-de-nuevo\\\/#primaryimage\"},\"image\":{\"@id\":\"https:\\\/\\\/costeira.wine\\\/en\\\/coleccion-68-barrica-y-lua-jamaica-disponibles-de-nuevo\\\/#primaryimage\"},\"thumbnailUrl\":\"\",\"datePublished\":\"2016-07-12T12:00:46+00:00\",\"description\":\"%\",\"breadcrumb\":{\"@id\":\"https:\\\/\\\/costeira.wine\\\/en\\\/coleccion-68-barrica-y-lua-jamaica-disponibles-de-nuevo\\\/#breadcrumb\"},\"inLanguage\":\"en-US\",\"potentialAction\":[{\"@type\":\"ReadAction\",\"target\":[\"https:\\\/\\\/costeira.wine\\\/en\\\/coleccion-68-barrica-y-lua-jamaica-disponibles-de-nuevo\\\/\"]}]},{\"@type\":\"ImageObject\",\"inLanguage\":\"en-US\",\"@id\":\"https:\\\/\\\/costeira.wine\\\/en\\\/coleccion-68-barrica-y-lua-jamaica-disponibles-de-nuevo\\\/#primaryimage\",\"url\":\"\",\"contentUrl\":\"\"},{\"@type\":\"BreadcrumbList\",\"@id\":\"https:\\\/\\\/costeira.wine\\\/en\\\/coleccion-68-barrica-y-lua-jamaica-disponibles-de-nuevo\\\/#breadcrumb\",\"itemListElement\":[{\"@type\":\"ListItem\",\"position\":1,\"name\":\"Portada\",\"item\":\"https:\\\/\\\/costeira.wine\\\/\"},{\"@type\":\"ListItem\",\"position\":2,\"name\":\"Colecci\u00f3n 68 Barrica y Lua Jamaica disponibles de nuevo\"}]},{\"@type\":\"WebSite\",\"@id\":\"https:\\\/\\\/costeira.wine\\\/#website\",\"url\":\"https:\\\/\\\/costeira.wine\\\/\",\"name\":\"Vi\u00f1a costeira\",\"description\":\"En la bodega Vi\u00f1a Costeira elaboramos vinos de D.O. Ribeiro y Valdeorras. Nuestros productos nos han convertido en la mejor bodega de Espa\u00f1a. \u00a1Con\u00f3cenos!\",\"publisher\":{\"@id\":\"https:\\\/\\\/costeira.wine\\\/#organization\"},\"potentialAction\":[{\"@type\":\"SearchAction\",\"target\":{\"@type\":\"EntryPoint\",\"urlTemplate\":\"https:\\\/\\\/costeira.wine\\\/?s={search_term_string}\"},\"query-input\":{\"@type\":\"PropertyValueSpecification\",\"valueRequired\":true,\"valueName\":\"search_term_string\"}}],\"inLanguage\":\"en-US\"},{\"@type\":\"Organization\",\"@id\":\"https:\\\/\\\/costeira.wine\\\/#organization\",\"name\":\"Vi\u00f1a costeira\",\"url\":\"https:\\\/\\\/costeira.wine\\\/\",\"logo\":{\"@type\":\"ImageObject\",\"inLanguage\":\"en-US\",\"@id\":\"https:\\\/\\\/costeira.wine\\\/#\\\/schema\\\/logo\\\/image\\\/\",\"url\":\"https:\\\/\\\/costeira.wine\\\/wp-content\\\/uploads\\\/2021\\\/06\\\/logo_vina_costeira.svg\",\"contentUrl\":\"https:\\\/\\\/costeira.wine\\\/wp-content\\\/uploads\\\/2021\\\/06\\\/logo_vina_costeira.svg\",\"width\":1024,\"height\":100,\"caption\":\"Vi\u00f1a costeira\"},\"image\":{\"@id\":\"https:\\\/\\\/costeira.wine\\\/#\\\/schema\\\/logo\\\/image\\\/\"},\"sameAs\":[\"https:\\\/\\\/www.facebook.com\\\/vinacosteira\\\/\",\"https:\\\/\\\/x.com\\\/costeira_es\",\"https:\\\/\\\/www.instagram.com\\\/costeira.es\\\/\",\"https:\\\/\\\/www.linkedin.com\\\/company\\\/vi\u00f1a-costeira\\\/\",\"https:\\\/\\\/www.youtube.com\\\/channel\\\/UCx-kNrCaW0EIlxNK7nBRyfA\"]},{\"@type\":\"Person\",\"@id\":\"https:\\\/\\\/costeira.wine\\\/#\\\/schema\\\/person\\\/be5cac9aab2eadddfb8f6f829e642362\",\"name\":\"webmaster\",\"image\":{\"@type\":\"ImageObject\",\"inLanguage\":\"en-US\",\"@id\":\"https:\\\/\\\/secure.gravatar.com\\\/avatar\\\/49c7ead4cffcc0453b699691d45aefa551451fc500d13aead9dbe3d1d8962b92?s=96&d=mm&r=g\",\"url\":\"https:\\\/\\\/secure.gravatar.com\\\/avatar\\\/49c7ead4cffcc0453b699691d45aefa551451fc500d13aead9dbe3d1d8962b92?s=96&d=mm&r=g\",\"contentUrl\":\"https:\\\/\\\/secure.gravatar.com\\\/avatar\\\/49c7ead4cffcc0453b699691d45aefa551451fc500d13aead9dbe3d1d8962b92?s=96&d=mm&r=g\",\"caption\":\"webmaster\"},\"sameAs\":[\"http:\\\/\\\/costeira.wine\"]}]}<\/script>\n<!-- \/ Yoast SEO plugin. -->","yoast_head_json":{"title":"Colecci\u00f3n 68 Barrica y Lua Jamaica disponibles de nuevo - Vi\u00f1a costeira","description":"%","robots":{"index":"index","follow":"follow","max-snippet":"max-snippet:-1","max-image-preview":"max-image-preview:large","max-video-preview":"max-video-preview:-1"},"canonical":"https:\/\/costeira.wine\/en\/coleccion-68-barrica-y-lua-jamaica-disponibles-de-nuevo\/","og_locale":"en_US","og_type":"article","og_title":"Colecci\u00f3n 68 Barrica y Lua Jamaica disponibles de nuevo - Vi\u00f1a costeira","og_description":"%","og_url":"https:\/\/costeira.wine\/en\/coleccion-68-barrica-y-lua-jamaica-disponibles-de-nuevo\/","og_site_name":"Vi\u00f1a costeira","article_publisher":"https:\/\/www.facebook.com\/vinacosteira\/","article_published_time":"2016-07-12T12:00:46+00:00","og_image":[{"width":980,"height":653,"url":"https:\/\/costeira.wine\/wp-content\/uploads\/2021\/07\/costeira_estrellas_000175-low-980x653-1.jpg","type":"image\/jpeg"}],"author":"webmaster","twitter_card":"summary_large_image","twitter_creator":"@costeira_es","twitter_site":"@costeira_es","twitter_misc":{"Written by":"webmaster","Est. reading time":"1 minute"},"schema":{"@context":"https:\/\/schema.org","@graph":[{"@type":"Article","@id":"https:\/\/costeira.wine\/en\/coleccion-68-barrica-y-lua-jamaica-disponibles-de-nuevo\/#article","isPartOf":{"@id":"https:\/\/costeira.wine\/en\/coleccion-68-barrica-y-lua-jamaica-disponibles-de-nuevo\/"},"author":{"name":"webmaster","@id":"https:\/\/costeira.wine\/#\/schema\/person\/be5cac9aab2eadddfb8f6f829e642362"},"headline":"Colecci\u00f3n 68 Barrica y Lua Jamaica disponibles de nuevo","datePublished":"2016-07-12T12:00:46+00:00","mainEntityOfPage":{"@id":"https:\/\/costeira.wine\/en\/coleccion-68-barrica-y-lua-jamaica-disponibles-de-nuevo\/"},"wordCount":165,"commentCount":0,"publisher":{"@id":"https:\/\/costeira.wine\/#organization"},"image":{"@id":"https:\/\/costeira.wine\/en\/coleccion-68-barrica-y-lua-jamaica-disponibles-de-nuevo\/#primaryimage"},"thumbnailUrl":"","articleSection":["Novedades"],"inLanguage":"en-US","potentialAction":[{"@type":"CommentAction","name":"Comment","target":["https:\/\/costeira.wine\/en\/coleccion-68-barrica-y-lua-jamaica-disponibles-de-nuevo\/#respond"]}]},{"@type":"WebPage","@id":"https:\/\/costeira.wine\/en\/coleccion-68-barrica-y-lua-jamaica-disponibles-de-nuevo\/","url":"https:\/\/costeira.wine\/en\/coleccion-68-barrica-y-lua-jamaica-disponibles-de-nuevo\/","name":"Colecci\u00f3n 68 Barrica y Lua Jamaica disponibles de nuevo - Vi\u00f1a costeira","isPartOf":{"@id":"https:\/\/costeira.wine\/#website"},"primaryImageOfPage":{"@id":"https:\/\/costeira.wine\/en\/coleccion-68-barrica-y-lua-jamaica-disponibles-de-nuevo\/#primaryimage"},"image":{"@id":"https:\/\/costeira.wine\/en\/coleccion-68-barrica-y-lua-jamaica-disponibles-de-nuevo\/#primaryimage"},"thumbnailUrl":"","datePublished":"2016-07-12T12:00:46+00:00","description":"%","breadcrumb":{"@id":"https:\/\/costeira.wine\/en\/coleccion-68-barrica-y-lua-jamaica-disponibles-de-nuevo\/#breadcrumb"},"inLanguage":"en-US","potentialAction":[{"@type":"ReadAction","target":["https:\/\/costeira.wine\/en\/coleccion-68-barrica-y-lua-jamaica-disponibles-de-nuevo\/"]}]},{"@type":"ImageObject","inLanguage":"en-US","@id":"https:\/\/costeira.wine\/en\/coleccion-68-barrica-y-lua-jamaica-disponibles-de-nuevo\/#primaryimage","url":"","contentUrl":""},{"@type":"BreadcrumbList","@id":"https:\/\/costeira.wine\/en\/coleccion-68-barrica-y-lua-jamaica-disponibles-de-nuevo\/#breadcrumb","itemListElement":[{"@type":"ListItem","position":1,"name":"Portada","item":"https:\/\/costeira.wine\/"},{"@type":"ListItem","position":2,"name":"Colecci\u00f3n 68 Barrica y Lua Jamaica disponibles de nuevo"}]},{"@type":"WebSite","@id":"https:\/\/costeira.wine\/#website","url":"https:\/\/costeira.wine\/","name":"Vi\u00f1a costeira","description":"En la bodega Vi\u00f1a Costeira elaboramos vinos de D.O. Ribeiro y Valdeorras. Nuestros productos nos han convertido en la mejor bodega de Espa\u00f1a. \u00a1Con\u00f3cenos!","publisher":{"@id":"https:\/\/costeira.wine\/#organization"},"potentialAction":[{"@type":"SearchAction","target":{"@type":"EntryPoint","urlTemplate":"https:\/\/costeira.wine\/?s={search_term_string}"},"query-input":{"@type":"PropertyValueSpecification","valueRequired":true,"valueName":"search_term_string"}}],"inLanguage":"en-US"},{"@type":"Organization","@id":"https:\/\/costeira.wine\/#organization","name":"Vi\u00f1a costeira","url":"https:\/\/costeira.wine\/","logo":{"@type":"ImageObject","inLanguage":"en-US","@id":"https:\/\/costeira.wine\/#\/schema\/logo\/image\/","url":"https:\/\/costeira.wine\/wp-content\/uploads\/2021\/06\/logo_vina_costeira.svg","contentUrl":"https:\/\/costeira.wine\/wp-content\/uploads\/2021\/06\/logo_vina_costeira.svg","width":1024,"height":100,"caption":"Vi\u00f1a costeira"},"image":{"@id":"https:\/\/costeira.wine\/#\/schema\/logo\/image\/"},"sameAs":["https:\/\/www.facebook.com\/vinacosteira\/","https:\/\/x.com\/costeira_es","https:\/\/www.instagram.com\/costeira.es\/","https:\/\/www.linkedin.com\/company\/vi\u00f1a-costeira\/","https:\/\/www.youtube.com\/channel\/UCx-kNrCaW0EIlxNK7nBRyfA"]},{"@type":"Person","@id":"https:\/\/costeira.wine\/#\/schema\/person\/be5cac9aab2eadddfb8f6f829e642362","name":"webmaster","image":{"@type":"ImageObject","inLanguage":"en-US","@id":"https:\/\/secure.gravatar.com\/avatar\/49c7ead4cffcc0453b699691d45aefa551451fc500d13aead9dbe3d1d8962b92?s=96&d=mm&r=g","url":"https:\/\/secure.gravatar.com\/avatar\/49c7ead4cffcc0453b699691d45aefa551451fc500d13aead9dbe3d1d8962b92?s=96&d=mm&r=g","contentUrl":"https:\/\/secure.gravatar.com\/avatar\/49c7ead4cffcc0453b699691d45aefa551451fc500d13aead9dbe3d1d8962b92?s=96&d=mm&r=g","caption":"webmaster"},"sameAs":["http:\/\/costeira.wine"]}]}},"_links":{"self":[{"href":"https:\/\/costeira.wine\/en\/wp-json\/wp\/v2\/posts\/3092","targetHints":{"allow":["GET"]}}],"collection":[{"href":"https:\/\/costeira.wine\/en\/wp-json\/wp\/v2\/posts"}],"about":[{"href":"https:\/\/costeira.wine\/en\/wp-json\/wp\/v2\/types\/post"}],"author":[{"embeddable":true,"href":"https:\/\/costeira.wine\/en\/wp-json\/wp\/v2\/users\/1"}],"replies":[{"embeddable":true,"href":"https:\/\/costeira.wine\/en\/wp-json\/wp\/v2\/comments?post=3092"}],"version-history":[{"count":0,"href":"https:\/\/costeira.wine\/en\/wp-json\/wp\/v2\/posts\/3092\/revisions"}],"wp:featuredmedia":[{"embeddable":true,"href":"https:\/\/costeira.wine\/en\/wp-json\/"}],"wp:attachment":[{"href":"https:\/\/costeira.wine\/en\/wp-json\/wp\/v2\/media?parent=3092"}],"wp:term":[{"taxonomy":"category","embeddable":true,"href":"https:\/\/costeira.wine\/en\/wp-json\/wp\/v2\/categories?post=3092"},{"taxonomy":"post_tag","embeddable":true,"href":"https:\/\/costeira.wine\/en\/wp-json\/wp\/v2\/tags?post=3092"}],"curies":[{"name":"wp","href":"https:\/\/api.w.org\/{rel}","templated":true}]}}