{"id":3186,"date":"2015-09-10T12:00:19","date_gmt":"2015-09-10T12:00:19","guid":{"rendered":"https:\/\/costeira.es\/?p=3186"},"modified":"2015-09-10T12:00:19","modified_gmt":"2015-09-10T12:00:19","slug":"vina-costeira-inicia-la-vendimia-con-el-decimo-aniversario-de-su-vino-tostado","status":"publish","type":"post","link":"https:\/\/costeira.wine\/en\/vina-costeira-inicia-la-vendimia-con-el-decimo-aniversario-de-su-vino-tostado\/","title":{"rendered":"Vi\u00f1a Costeira inicia la vendimia con el d\u00e9cimo aniversario de su vino Tostado"},"content":{"rendered":"<p class=\"MsoNormal\" style=\"text-align: justify;\">La bodega Vi\u00f1a Costeira ha inaugurado este jueves la temporada de vendimia en sus vi\u00f1edos de San Cibrao, al iniciar la recogida de las uvas que ir\u00e1n destinadas a la elaboraci\u00f3n de su vino Tostado de Costeira.<\/p>\n<p class=\"MsoNormal\" style=\"text-align: justify;\">Este vino naturalmente dulce, que cumple una d\u00e9cada desde que comenzara a comercializarse a finales del a\u00f1o 2005, recupera una receta hist\u00f3rica para la que es necesaria que se den unas condiciones climatol\u00f3gicas ideales, por lo que no todas las cosechas son v\u00e1lidas para su elaboraci\u00f3n (no se pudo elaborar debido a las lluvias en los a\u00f1os 2008, 2010 y 2014). Adem\u00e1s, debido a su complejo proceso cien por cien natural, s\u00f3lo se utilizan los mejores racimos de cada cepa, recogidos en cajas especiales que favorecen su conservaci\u00f3n y garantizan la exclusividad de un vino que goza de amplio reconocimiento y prestigio<br \/>\ninternacional.<\/p>\n<p class=\"MsoNormal\" style=\"text-align: justify;\">Las uvas del \u2018Tostado de Costeira\u2019 deben soportar una deshidrataci\u00f3n (t\u00e9cnicamente conocida como \u201cpasificaci\u00f3n\u201d) durante un m\u00ednimo de 3 meses para que el agua se evapore a trav\u00e9s de la piel, en penumbra y sin modificar externamente las condiciones de temperatura y\/o humedad.<\/p>\n<p class=\"MsoNormal\" style=\"text-align: justify;\">Se trata por tanto de un m\u00e9todo natural que sigue la receta tradicional con el m\u00e1ximo cuidado, y que Vi\u00f1a Costeira recupera de forma pionera hace ya m\u00e1s de una d\u00e9cada. Gracias a ello, el \u2018Tostado de Costeira\u2019 constituye en la actualidad una de las facturas m\u00e1s selectas del panorama de vinos europeo.<\/p>\n<p>En lo que respecta al resto de la temporada de vendimia, las previsiones son alcanzar altas cotas de calidad de la uva, gracias a las buenas condiciones climatol\u00f3gicas de las que han gozado los vi\u00f1edos. En estos d\u00edas de inicio, la primera colecta ir\u00e1 dirigida a una joya de la enolog\u00eda por fortuna rescatada: el Tostado de Costeira.<\/p>\n<p>&nbsp;<\/p>\n","protected":false},"excerpt":{"rendered":"<p>La bodega Vi\u00f1a Costeira ha inaugurado este jueves la temporada de vendimia en sus vi\u00f1edos de San Cibrao, al iniciar la recogida de las uvas que ir\u00e1n destinadas a la elaboraci\u00f3n de su vino Tostado de Costeira. Este vino naturalmente dulce, que cumple una d\u00e9cada desde que comenzara a comercializarse a finales del a\u00f1o 2005, [&hellip;]<\/p>\n","protected":false},"author":1,"featured_media":16812,"comment_status":"open","ping_status":"open","sticky":false,"template":"","format":"standard","meta":{"footnotes":""},"categories":[80],"tags":[],"class_list":["post-3186","post","type-post","status-publish","format-standard","has-post-thumbnail","hentry","category-novedad"],"yoast_head":"<!-- This site is optimized with the Yoast SEO plugin v27.5 - https:\/\/yoast.com\/product\/yoast-seo-wordpress\/ -->\n<title>Vi\u00f1a Costeira inicia la vendimia con el d\u00e9cimo aniversario de su vino Tostado - Vi\u00f1a costeira<\/title>\n<meta name=\"description\" content=\"%\" \/>\n<meta name=\"robots\" content=\"index, follow, max-snippet:-1, max-image-preview:large, max-video-preview:-1\" \/>\n<link rel=\"canonical\" href=\"https:\/\/costeira.wine\/vina-costeira-inicia-la-vendimia-con-el-decimo-aniversario-de-su-vino-tostado\/\" \/>\n<meta property=\"og:locale\" content=\"en_US\" \/>\n<meta property=\"og:type\" content=\"article\" \/>\n<meta property=\"og:title\" content=\"Vi\u00f1a Costeira inicia la vendimia con el d\u00e9cimo aniversario de su vino Tostado - Vi\u00f1a costeira\" \/>\n<meta property=\"og:description\" content=\"%\" \/>\n<meta property=\"og:url\" content=\"https:\/\/costeira.wine\/vina-costeira-inicia-la-vendimia-con-el-decimo-aniversario-de-su-vino-tostado\/\" \/>\n<meta property=\"og:site_name\" content=\"Vi\u00f1a costeira\" \/>\n<meta property=\"article:publisher\" content=\"https:\/\/www.facebook.com\/vinacosteira\/\" \/>\n<meta property=\"article:published_time\" content=\"2015-09-10T12:00:19+00:00\" \/>\n<meta property=\"og:image\" content=\"https:\/\/costeira.wine\/wp-content\/uploads\/2021\/07\/costeira_estrellas_000175-low-980x653-1.jpg\" \/>\n\t<meta property=\"og:image:width\" content=\"980\" \/>\n\t<meta property=\"og:image:height\" content=\"653\" \/>\n\t<meta property=\"og:image:type\" content=\"image\/jpeg\" \/>\n<meta name=\"author\" content=\"webmaster\" \/>\n<meta name=\"twitter:card\" content=\"summary_large_image\" \/>\n<meta name=\"twitter:creator\" content=\"@costeira_es\" \/>\n<meta name=\"twitter:site\" content=\"@costeira_es\" \/>\n<meta name=\"twitter:label1\" content=\"Written by\" \/>\n\t<meta name=\"twitter:data1\" content=\"webmaster\" \/>\n\t<meta name=\"twitter:label2\" content=\"Est. reading time\" \/>\n\t<meta name=\"twitter:data2\" content=\"2 minutes\" \/>\n<script type=\"application\/ld+json\" class=\"yoast-schema-graph\">{\"@context\":\"https:\\\/\\\/schema.org\",\"@graph\":[{\"@type\":\"Article\",\"@id\":\"https:\\\/\\\/costeira.wine\\\/vina-costeira-inicia-la-vendimia-con-el-decimo-aniversario-de-su-vino-tostado\\\/#article\",\"isPartOf\":{\"@id\":\"https:\\\/\\\/costeira.wine\\\/vina-costeira-inicia-la-vendimia-con-el-decimo-aniversario-de-su-vino-tostado\\\/\"},\"author\":{\"name\":\"webmaster\",\"@id\":\"https:\\\/\\\/costeira.wine\\\/#\\\/schema\\\/person\\\/be5cac9aab2eadddfb8f6f829e642362\"},\"headline\":\"Vi\u00f1a Costeira inicia la vendimia con el d\u00e9cimo aniversario de su vino Tostado\",\"datePublished\":\"2015-09-10T12:00:19+00:00\",\"mainEntityOfPage\":{\"@id\":\"https:\\\/\\\/costeira.wine\\\/vina-costeira-inicia-la-vendimia-con-el-decimo-aniversario-de-su-vino-tostado\\\/\"},\"wordCount\":335,\"commentCount\":0,\"publisher\":{\"@id\":\"https:\\\/\\\/costeira.wine\\\/#organization\"},\"image\":{\"@id\":\"https:\\\/\\\/costeira.wine\\\/vina-costeira-inicia-la-vendimia-con-el-decimo-aniversario-de-su-vino-tostado\\\/#primaryimage\"},\"thumbnailUrl\":\"\",\"articleSection\":[\"Novedades\"],\"inLanguage\":\"en-US\",\"potentialAction\":[{\"@type\":\"CommentAction\",\"name\":\"Comment\",\"target\":[\"https:\\\/\\\/costeira.wine\\\/vina-costeira-inicia-la-vendimia-con-el-decimo-aniversario-de-su-vino-tostado\\\/#respond\"]}]},{\"@type\":\"WebPage\",\"@id\":\"https:\\\/\\\/costeira.wine\\\/vina-costeira-inicia-la-vendimia-con-el-decimo-aniversario-de-su-vino-tostado\\\/\",\"url\":\"https:\\\/\\\/costeira.wine\\\/vina-costeira-inicia-la-vendimia-con-el-decimo-aniversario-de-su-vino-tostado\\\/\",\"name\":\"Vi\u00f1a Costeira inicia la vendimia con el d\u00e9cimo aniversario de su vino Tostado - Vi\u00f1a costeira\",\"isPartOf\":{\"@id\":\"https:\\\/\\\/costeira.wine\\\/#website\"},\"primaryImageOfPage\":{\"@id\":\"https:\\\/\\\/costeira.wine\\\/vina-costeira-inicia-la-vendimia-con-el-decimo-aniversario-de-su-vino-tostado\\\/#primaryimage\"},\"image\":{\"@id\":\"https:\\\/\\\/costeira.wine\\\/vina-costeira-inicia-la-vendimia-con-el-decimo-aniversario-de-su-vino-tostado\\\/#primaryimage\"},\"thumbnailUrl\":\"\",\"datePublished\":\"2015-09-10T12:00:19+00:00\",\"description\":\"%\",\"breadcrumb\":{\"@id\":\"https:\\\/\\\/costeira.wine\\\/vina-costeira-inicia-la-vendimia-con-el-decimo-aniversario-de-su-vino-tostado\\\/#breadcrumb\"},\"inLanguage\":\"en-US\",\"potentialAction\":[{\"@type\":\"ReadAction\",\"target\":[\"https:\\\/\\\/costeira.wine\\\/vina-costeira-inicia-la-vendimia-con-el-decimo-aniversario-de-su-vino-tostado\\\/\"]}]},{\"@type\":\"ImageObject\",\"inLanguage\":\"en-US\",\"@id\":\"https:\\\/\\\/costeira.wine\\\/vina-costeira-inicia-la-vendimia-con-el-decimo-aniversario-de-su-vino-tostado\\\/#primaryimage\",\"url\":\"\",\"contentUrl\":\"\"},{\"@type\":\"BreadcrumbList\",\"@id\":\"https:\\\/\\\/costeira.wine\\\/vina-costeira-inicia-la-vendimia-con-el-decimo-aniversario-de-su-vino-tostado\\\/#breadcrumb\",\"itemListElement\":[{\"@type\":\"ListItem\",\"position\":1,\"name\":\"Portada\",\"item\":\"https:\\\/\\\/costeira.wine\\\/\"},{\"@type\":\"ListItem\",\"position\":2,\"name\":\"Vi\u00f1a Costeira inicia la vendimia con el d\u00e9cimo aniversario de su vino Tostado\"}]},{\"@type\":\"WebSite\",\"@id\":\"https:\\\/\\\/costeira.wine\\\/#website\",\"url\":\"https:\\\/\\\/costeira.wine\\\/\",\"name\":\"Vi\u00f1a costeira\",\"description\":\"En la bodega Vi\u00f1a Costeira elaboramos vinos de D.O. Ribeiro y Valdeorras. Nuestros productos nos han convertido en la mejor bodega de Espa\u00f1a. \u00a1Con\u00f3cenos!\",\"publisher\":{\"@id\":\"https:\\\/\\\/costeira.wine\\\/#organization\"},\"potentialAction\":[{\"@type\":\"SearchAction\",\"target\":{\"@type\":\"EntryPoint\",\"urlTemplate\":\"https:\\\/\\\/costeira.wine\\\/?s={search_term_string}\"},\"query-input\":{\"@type\":\"PropertyValueSpecification\",\"valueRequired\":true,\"valueName\":\"search_term_string\"}}],\"inLanguage\":\"en-US\"},{\"@type\":\"Organization\",\"@id\":\"https:\\\/\\\/costeira.wine\\\/#organization\",\"name\":\"Vi\u00f1a costeira\",\"url\":\"https:\\\/\\\/costeira.wine\\\/\",\"logo\":{\"@type\":\"ImageObject\",\"inLanguage\":\"en-US\",\"@id\":\"https:\\\/\\\/costeira.wine\\\/#\\\/schema\\\/logo\\\/image\\\/\",\"url\":\"https:\\\/\\\/costeira.wine\\\/wp-content\\\/uploads\\\/2021\\\/06\\\/logo_vina_costeira.svg\",\"contentUrl\":\"https:\\\/\\\/costeira.wine\\\/wp-content\\\/uploads\\\/2021\\\/06\\\/logo_vina_costeira.svg\",\"width\":1024,\"height\":100,\"caption\":\"Vi\u00f1a costeira\"},\"image\":{\"@id\":\"https:\\\/\\\/costeira.wine\\\/#\\\/schema\\\/logo\\\/image\\\/\"},\"sameAs\":[\"https:\\\/\\\/www.facebook.com\\\/vinacosteira\\\/\",\"https:\\\/\\\/x.com\\\/costeira_es\",\"https:\\\/\\\/www.instagram.com\\\/costeira.es\\\/\",\"https:\\\/\\\/www.linkedin.com\\\/company\\\/vi\u00f1a-costeira\\\/\",\"https:\\\/\\\/www.youtube.com\\\/channel\\\/UCx-kNrCaW0EIlxNK7nBRyfA\"]},{\"@type\":\"Person\",\"@id\":\"https:\\\/\\\/costeira.wine\\\/#\\\/schema\\\/person\\\/be5cac9aab2eadddfb8f6f829e642362\",\"name\":\"webmaster\",\"image\":{\"@type\":\"ImageObject\",\"inLanguage\":\"en-US\",\"@id\":\"https:\\\/\\\/secure.gravatar.com\\\/avatar\\\/49c7ead4cffcc0453b699691d45aefa551451fc500d13aead9dbe3d1d8962b92?s=96&d=mm&r=g\",\"url\":\"https:\\\/\\\/secure.gravatar.com\\\/avatar\\\/49c7ead4cffcc0453b699691d45aefa551451fc500d13aead9dbe3d1d8962b92?s=96&d=mm&r=g\",\"contentUrl\":\"https:\\\/\\\/secure.gravatar.com\\\/avatar\\\/49c7ead4cffcc0453b699691d45aefa551451fc500d13aead9dbe3d1d8962b92?s=96&d=mm&r=g\",\"caption\":\"webmaster\"},\"sameAs\":[\"http:\\\/\\\/costeira.wine\"]}]}<\/script>\n<!-- \/ Yoast SEO plugin. -->","yoast_head_json":{"title":"Vi\u00f1a Costeira inicia la vendimia con el d\u00e9cimo aniversario de su vino Tostado - Vi\u00f1a costeira","description":"%","robots":{"index":"index","follow":"follow","max-snippet":"max-snippet:-1","max-image-preview":"max-image-preview:large","max-video-preview":"max-video-preview:-1"},"canonical":"https:\/\/costeira.wine\/vina-costeira-inicia-la-vendimia-con-el-decimo-aniversario-de-su-vino-tostado\/","og_locale":"en_US","og_type":"article","og_title":"Vi\u00f1a Costeira inicia la vendimia con el d\u00e9cimo aniversario de su vino Tostado - Vi\u00f1a costeira","og_description":"%","og_url":"https:\/\/costeira.wine\/vina-costeira-inicia-la-vendimia-con-el-decimo-aniversario-de-su-vino-tostado\/","og_site_name":"Vi\u00f1a costeira","article_publisher":"https:\/\/www.facebook.com\/vinacosteira\/","article_published_time":"2015-09-10T12:00:19+00:00","og_image":[{"width":980,"height":653,"url":"https:\/\/costeira.wine\/wp-content\/uploads\/2021\/07\/costeira_estrellas_000175-low-980x653-1.jpg","type":"image\/jpeg"}],"author":"webmaster","twitter_card":"summary_large_image","twitter_creator":"@costeira_es","twitter_site":"@costeira_es","twitter_misc":{"Written by":"webmaster","Est. reading time":"2 minutes"},"schema":{"@context":"https:\/\/schema.org","@graph":[{"@type":"Article","@id":"https:\/\/costeira.wine\/vina-costeira-inicia-la-vendimia-con-el-decimo-aniversario-de-su-vino-tostado\/#article","isPartOf":{"@id":"https:\/\/costeira.wine\/vina-costeira-inicia-la-vendimia-con-el-decimo-aniversario-de-su-vino-tostado\/"},"author":{"name":"webmaster","@id":"https:\/\/costeira.wine\/#\/schema\/person\/be5cac9aab2eadddfb8f6f829e642362"},"headline":"Vi\u00f1a Costeira inicia la vendimia con el d\u00e9cimo aniversario de su vino Tostado","datePublished":"2015-09-10T12:00:19+00:00","mainEntityOfPage":{"@id":"https:\/\/costeira.wine\/vina-costeira-inicia-la-vendimia-con-el-decimo-aniversario-de-su-vino-tostado\/"},"wordCount":335,"commentCount":0,"publisher":{"@id":"https:\/\/costeira.wine\/#organization"},"image":{"@id":"https:\/\/costeira.wine\/vina-costeira-inicia-la-vendimia-con-el-decimo-aniversario-de-su-vino-tostado\/#primaryimage"},"thumbnailUrl":"","articleSection":["Novedades"],"inLanguage":"en-US","potentialAction":[{"@type":"CommentAction","name":"Comment","target":["https:\/\/costeira.wine\/vina-costeira-inicia-la-vendimia-con-el-decimo-aniversario-de-su-vino-tostado\/#respond"]}]},{"@type":"WebPage","@id":"https:\/\/costeira.wine\/vina-costeira-inicia-la-vendimia-con-el-decimo-aniversario-de-su-vino-tostado\/","url":"https:\/\/costeira.wine\/vina-costeira-inicia-la-vendimia-con-el-decimo-aniversario-de-su-vino-tostado\/","name":"Vi\u00f1a Costeira inicia la vendimia con el d\u00e9cimo aniversario de su vino Tostado - Vi\u00f1a costeira","isPartOf":{"@id":"https:\/\/costeira.wine\/#website"},"primaryImageOfPage":{"@id":"https:\/\/costeira.wine\/vina-costeira-inicia-la-vendimia-con-el-decimo-aniversario-de-su-vino-tostado\/#primaryimage"},"image":{"@id":"https:\/\/costeira.wine\/vina-costeira-inicia-la-vendimia-con-el-decimo-aniversario-de-su-vino-tostado\/#primaryimage"},"thumbnailUrl":"","datePublished":"2015-09-10T12:00:19+00:00","description":"%","breadcrumb":{"@id":"https:\/\/costeira.wine\/vina-costeira-inicia-la-vendimia-con-el-decimo-aniversario-de-su-vino-tostado\/#breadcrumb"},"inLanguage":"en-US","potentialAction":[{"@type":"ReadAction","target":["https:\/\/costeira.wine\/vina-costeira-inicia-la-vendimia-con-el-decimo-aniversario-de-su-vino-tostado\/"]}]},{"@type":"ImageObject","inLanguage":"en-US","@id":"https:\/\/costeira.wine\/vina-costeira-inicia-la-vendimia-con-el-decimo-aniversario-de-su-vino-tostado\/#primaryimage","url":"","contentUrl":""},{"@type":"BreadcrumbList","@id":"https:\/\/costeira.wine\/vina-costeira-inicia-la-vendimia-con-el-decimo-aniversario-de-su-vino-tostado\/#breadcrumb","itemListElement":[{"@type":"ListItem","position":1,"name":"Portada","item":"https:\/\/costeira.wine\/"},{"@type":"ListItem","position":2,"name":"Vi\u00f1a Costeira inicia la vendimia con el d\u00e9cimo aniversario de su vino Tostado"}]},{"@type":"WebSite","@id":"https:\/\/costeira.wine\/#website","url":"https:\/\/costeira.wine\/","name":"Vi\u00f1a costeira","description":"En la bodega Vi\u00f1a Costeira elaboramos vinos de D.O. Ribeiro y Valdeorras. Nuestros productos nos han convertido en la mejor bodega de Espa\u00f1a. \u00a1Con\u00f3cenos!","publisher":{"@id":"https:\/\/costeira.wine\/#organization"},"potentialAction":[{"@type":"SearchAction","target":{"@type":"EntryPoint","urlTemplate":"https:\/\/costeira.wine\/?s={search_term_string}"},"query-input":{"@type":"PropertyValueSpecification","valueRequired":true,"valueName":"search_term_string"}}],"inLanguage":"en-US"},{"@type":"Organization","@id":"https:\/\/costeira.wine\/#organization","name":"Vi\u00f1a costeira","url":"https:\/\/costeira.wine\/","logo":{"@type":"ImageObject","inLanguage":"en-US","@id":"https:\/\/costeira.wine\/#\/schema\/logo\/image\/","url":"https:\/\/costeira.wine\/wp-content\/uploads\/2021\/06\/logo_vina_costeira.svg","contentUrl":"https:\/\/costeira.wine\/wp-content\/uploads\/2021\/06\/logo_vina_costeira.svg","width":1024,"height":100,"caption":"Vi\u00f1a costeira"},"image":{"@id":"https:\/\/costeira.wine\/#\/schema\/logo\/image\/"},"sameAs":["https:\/\/www.facebook.com\/vinacosteira\/","https:\/\/x.com\/costeira_es","https:\/\/www.instagram.com\/costeira.es\/","https:\/\/www.linkedin.com\/company\/vi\u00f1a-costeira\/","https:\/\/www.youtube.com\/channel\/UCx-kNrCaW0EIlxNK7nBRyfA"]},{"@type":"Person","@id":"https:\/\/costeira.wine\/#\/schema\/person\/be5cac9aab2eadddfb8f6f829e642362","name":"webmaster","image":{"@type":"ImageObject","inLanguage":"en-US","@id":"https:\/\/secure.gravatar.com\/avatar\/49c7ead4cffcc0453b699691d45aefa551451fc500d13aead9dbe3d1d8962b92?s=96&d=mm&r=g","url":"https:\/\/secure.gravatar.com\/avatar\/49c7ead4cffcc0453b699691d45aefa551451fc500d13aead9dbe3d1d8962b92?s=96&d=mm&r=g","contentUrl":"https:\/\/secure.gravatar.com\/avatar\/49c7ead4cffcc0453b699691d45aefa551451fc500d13aead9dbe3d1d8962b92?s=96&d=mm&r=g","caption":"webmaster"},"sameAs":["http:\/\/costeira.wine"]}]}},"_links":{"self":[{"href":"https:\/\/costeira.wine\/en\/wp-json\/wp\/v2\/posts\/3186","targetHints":{"allow":["GET"]}}],"collection":[{"href":"https:\/\/costeira.wine\/en\/wp-json\/wp\/v2\/posts"}],"about":[{"href":"https:\/\/costeira.wine\/en\/wp-json\/wp\/v2\/types\/post"}],"author":[{"embeddable":true,"href":"https:\/\/costeira.wine\/en\/wp-json\/wp\/v2\/users\/1"}],"replies":[{"embeddable":true,"href":"https:\/\/costeira.wine\/en\/wp-json\/wp\/v2\/comments?post=3186"}],"version-history":[{"count":0,"href":"https:\/\/costeira.wine\/en\/wp-json\/wp\/v2\/posts\/3186\/revisions"}],"wp:featuredmedia":[{"embeddable":true,"href":"https:\/\/costeira.wine\/en\/wp-json\/"}],"wp:attachment":[{"href":"https:\/\/costeira.wine\/en\/wp-json\/wp\/v2\/media?parent=3186"}],"wp:term":[{"taxonomy":"category","embeddable":true,"href":"https:\/\/costeira.wine\/en\/wp-json\/wp\/v2\/categories?post=3186"},{"taxonomy":"post_tag","embeddable":true,"href":"https:\/\/costeira.wine\/en\/wp-json\/wp\/v2\/tags?post=3186"}],"curies":[{"name":"wp","href":"https:\/\/api.w.org\/{rel}","templated":true}]}}