{"id":3188,"date":"2015-06-26T12:00:31","date_gmt":"2015-06-26T12:00:31","guid":{"rendered":"https:\/\/costeira.es\/?p=3188"},"modified":"2015-06-26T12:00:31","modified_gmt":"2015-06-26T12:00:31","slug":"vina-costeira-bodega-presenta-su-coleccion-68","status":"publish","type":"post","link":"https:\/\/costeira.wine\/en\/vina-costeira-bodega-presenta-su-coleccion-68\/","title":{"rendered":"Vi\u00f1a Costeira presenta su \u201cColecci\u00f3n 68\u201d"},"content":{"rendered":"<p class=\"MsoNormal\" style=\"text-align: justify;\">El Centro Cultural Marcos Valc\u00e1rcel de Ourense acogi\u00f3 en el d\u00eda de ayer el evento en que Vi\u00f1a Costeira presentaba su renovada gama \u201cColecci\u00f3n 68\u201d, que rinde homenaje a los viticultores fundadores de la bodega.<\/p>\n<p class=\"MsoNormal\" style=\"text-align: justify;\">Al acto acudieron importantes personalidades del \u00e1mbito empresarial, acad\u00e9mico y de la cultura de Galicia. El presidente de la compa\u00f1\u00eda, Andr\u00e9s Rodr\u00edguez G\u00f3mez, se dirigi\u00f3 a ellos con unas palabras que describen el momento actual de&nbsp; la bodega: \u201c<span lang=\"ES-TRAD\">En Vi\u00f1a Costeira vivimos ahora una peque\u00f1a nueva revoluci\u00f3n con la que esperamos convertirnos de la&nbsp;bodega de bodegas de Galicia. Nuestro objetivo es siempre satisfacer&nbsp; a nuestros fieles consumidores mediante la&nbsp;transformaci\u00f3n de su fidelidad en una mejora de la calidad de vida de los&nbsp;viticultores del medio rural.\u201d Tambi\u00e9n destac\u00f3 \u201cla ilusi\u00f3n de cara a la labor social de la bodega\u201d, representada en proyectos&nbsp;como el Viticultor 2020 para la incorporaci\u00f3n de j\u00f3venes viticultores. <\/span><\/p>\n<p class=\"MsoNormal\" style=\"text-align: justify;\"><span lang=\"ES-TRAD\">Asimismo, el joven presidente, de tan s\u00f3lo 34 a\u00f1os, a\u00f1ad\u00eda que \u201cVi\u00f1a Costeira es un proyecto de personas: viticultores, profesionales, proveedores, distribuidores, hosteleros y, por supuesto, consumidores\u201d.<\/span><\/p>\n<p class=\"MsoNormal\" style=\"text-align: justify;\"><span lang=\"ES-TRAD\">A continuaci\u00f3n intervino<\/span> el gerente, Argimiro Levoso, que destac\u00f3 que \u201cColecci\u00f3n&nbsp;68&nbsp; es un gran vino que fue evolucionando&nbsp;en el concepto. Un&nbsp; gran cuadro se pinta&nbsp;con la maestr\u00eda de la fusi\u00f3n de colores. Un gran vino como colecci\u00f3n 68 es <span lang=\"ES-TRAD\">una sabia&nbsp;combinaci\u00f3n de Treixadura con toques de Albari\u00f1o y Godello, que evoluciona con&nbsp;la vocaci\u00f3n de contribuir al nuevo esplendor hist\u00f3rico del Ribeiro.\u201d<\/span><\/p>\n<p class=\"MsoNormal\" style=\"text-align: justify;\"><span lang=\"ES-TRAD\">Por \u00faltimo, la directora&nbsp;vitivin\u00edcola Susana Gul\u00edn y el en\u00f3logo de la compa\u00f1\u00eda Manuel Castro pusieron el&nbsp;cierre a la parte de <span style=\"font-style: italic;\">speechs <\/span>con unos&nbsp;comentarios m\u00e1s t\u00e9cnicos acerca de la elaboraci\u00f3n del vino, para dar finalmente paso a la cata de&nbsp; Colecci\u00f3n 68.<\/span><\/p>\n<p class=\"MsoNormal\" style=\"text-align: justify;\"><span lang=\"ES-TRAD\">Adem\u00e1s, la agradable&nbsp;velada fue amenizada con m\u00fasica y con la proyecci\u00f3n de v\u00eddeos conmemorativos de&nbsp;tem\u00e1tica sesentera con motivo del nombrado homenaje a los fundadores en el a\u00f1o&nbsp;1968.<\/span><\/p>\n<p>&nbsp;<\/p>\n","protected":false},"excerpt":{"rendered":"<p>El Centro Cultural Marcos Valc\u00e1rcel de Ourense acogi\u00f3 en el d\u00eda de ayer el evento en que Vi\u00f1a Costeira presentaba su renovada gama \u201cColecci\u00f3n 68\u201d, que rinde homenaje a los viticultores fundadores de la bodega. Al acto acudieron importantes personalidades del \u00e1mbito empresarial, acad\u00e9mico y de la cultura de Galicia. El presidente de la compa\u00f1\u00eda, [&hellip;]<\/p>\n","protected":false},"author":1,"featured_media":17052,"comment_status":"open","ping_status":"open","sticky":false,"template":"","format":"standard","meta":{"footnotes":""},"categories":[80],"tags":[],"class_list":["post-3188","post","type-post","status-publish","format-standard","has-post-thumbnail","hentry","category-novedad"],"yoast_head":"<!-- This site is optimized with the Yoast SEO plugin v27.5 - https:\/\/yoast.com\/product\/yoast-seo-wordpress\/ -->\n<title>Vi\u00f1a Costeira presenta su \u201cColecci\u00f3n 68\u201d - Vi\u00f1a costeira<\/title>\n<meta name=\"description\" content=\"%\" \/>\n<meta name=\"robots\" content=\"index, follow, max-snippet:-1, max-image-preview:large, max-video-preview:-1\" \/>\n<link rel=\"canonical\" href=\"https:\/\/costeira.wine\/vina-costeira-bodega-presenta-su-coleccion-68\/\" \/>\n<meta property=\"og:locale\" content=\"en_US\" \/>\n<meta property=\"og:type\" content=\"article\" \/>\n<meta property=\"og:title\" content=\"Vi\u00f1a Costeira presenta su \u201cColecci\u00f3n 68\u201d - Vi\u00f1a costeira\" \/>\n<meta property=\"og:description\" content=\"%\" \/>\n<meta property=\"og:url\" content=\"https:\/\/costeira.wine\/vina-costeira-bodega-presenta-su-coleccion-68\/\" \/>\n<meta property=\"og:site_name\" content=\"Vi\u00f1a costeira\" \/>\n<meta property=\"article:publisher\" content=\"https:\/\/www.facebook.com\/vinacosteira\/\" \/>\n<meta property=\"article:published_time\" content=\"2015-06-26T12:00:31+00:00\" \/>\n<meta property=\"og:image\" content=\"https:\/\/costeira.wine\/wp-content\/uploads\/2021\/07\/costeira_estrellas_000175-low-980x653-1.jpg\" \/>\n\t<meta property=\"og:image:width\" content=\"980\" \/>\n\t<meta property=\"og:image:height\" content=\"653\" \/>\n\t<meta property=\"og:image:type\" content=\"image\/jpeg\" \/>\n<meta name=\"author\" content=\"webmaster\" \/>\n<meta name=\"twitter:card\" content=\"summary_large_image\" \/>\n<meta name=\"twitter:creator\" content=\"@costeira_es\" \/>\n<meta name=\"twitter:site\" content=\"@costeira_es\" \/>\n<meta name=\"twitter:label1\" content=\"Written by\" \/>\n\t<meta name=\"twitter:data1\" content=\"webmaster\" \/>\n\t<meta name=\"twitter:label2\" content=\"Est. reading time\" \/>\n\t<meta name=\"twitter:data2\" content=\"2 minutes\" \/>\n<script type=\"application\/ld+json\" class=\"yoast-schema-graph\">{\"@context\":\"https:\\\/\\\/schema.org\",\"@graph\":[{\"@type\":\"Article\",\"@id\":\"https:\\\/\\\/costeira.wine\\\/vina-costeira-bodega-presenta-su-coleccion-68\\\/#article\",\"isPartOf\":{\"@id\":\"https:\\\/\\\/costeira.wine\\\/vina-costeira-bodega-presenta-su-coleccion-68\\\/\"},\"author\":{\"name\":\"webmaster\",\"@id\":\"https:\\\/\\\/costeira.wine\\\/#\\\/schema\\\/person\\\/be5cac9aab2eadddfb8f6f829e642362\"},\"headline\":\"Vi\u00f1a Costeira presenta su \u201cColecci\u00f3n 68\u201d\",\"datePublished\":\"2015-06-26T12:00:31+00:00\",\"mainEntityOfPage\":{\"@id\":\"https:\\\/\\\/costeira.wine\\\/vina-costeira-bodega-presenta-su-coleccion-68\\\/\"},\"wordCount\":382,\"commentCount\":0,\"publisher\":{\"@id\":\"https:\\\/\\\/costeira.wine\\\/#organization\"},\"image\":{\"@id\":\"https:\\\/\\\/costeira.wine\\\/vina-costeira-bodega-presenta-su-coleccion-68\\\/#primaryimage\"},\"thumbnailUrl\":\"\",\"articleSection\":[\"Novedades\"],\"inLanguage\":\"en-US\",\"potentialAction\":[{\"@type\":\"CommentAction\",\"name\":\"Comment\",\"target\":[\"https:\\\/\\\/costeira.wine\\\/vina-costeira-bodega-presenta-su-coleccion-68\\\/#respond\"]}]},{\"@type\":\"WebPage\",\"@id\":\"https:\\\/\\\/costeira.wine\\\/vina-costeira-bodega-presenta-su-coleccion-68\\\/\",\"url\":\"https:\\\/\\\/costeira.wine\\\/vina-costeira-bodega-presenta-su-coleccion-68\\\/\",\"name\":\"Vi\u00f1a Costeira presenta su \u201cColecci\u00f3n 68\u201d - Vi\u00f1a costeira\",\"isPartOf\":{\"@id\":\"https:\\\/\\\/costeira.wine\\\/#website\"},\"primaryImageOfPage\":{\"@id\":\"https:\\\/\\\/costeira.wine\\\/vina-costeira-bodega-presenta-su-coleccion-68\\\/#primaryimage\"},\"image\":{\"@id\":\"https:\\\/\\\/costeira.wine\\\/vina-costeira-bodega-presenta-su-coleccion-68\\\/#primaryimage\"},\"thumbnailUrl\":\"\",\"datePublished\":\"2015-06-26T12:00:31+00:00\",\"description\":\"%\",\"breadcrumb\":{\"@id\":\"https:\\\/\\\/costeira.wine\\\/vina-costeira-bodega-presenta-su-coleccion-68\\\/#breadcrumb\"},\"inLanguage\":\"en-US\",\"potentialAction\":[{\"@type\":\"ReadAction\",\"target\":[\"https:\\\/\\\/costeira.wine\\\/vina-costeira-bodega-presenta-su-coleccion-68\\\/\"]}]},{\"@type\":\"ImageObject\",\"inLanguage\":\"en-US\",\"@id\":\"https:\\\/\\\/costeira.wine\\\/vina-costeira-bodega-presenta-su-coleccion-68\\\/#primaryimage\",\"url\":\"\",\"contentUrl\":\"\"},{\"@type\":\"BreadcrumbList\",\"@id\":\"https:\\\/\\\/costeira.wine\\\/vina-costeira-bodega-presenta-su-coleccion-68\\\/#breadcrumb\",\"itemListElement\":[{\"@type\":\"ListItem\",\"position\":1,\"name\":\"Portada\",\"item\":\"https:\\\/\\\/costeira.wine\\\/\"},{\"@type\":\"ListItem\",\"position\":2,\"name\":\"Vi\u00f1a Costeira presenta su \u201cColecci\u00f3n 68\u201d\"}]},{\"@type\":\"WebSite\",\"@id\":\"https:\\\/\\\/costeira.wine\\\/#website\",\"url\":\"https:\\\/\\\/costeira.wine\\\/\",\"name\":\"Vi\u00f1a costeira\",\"description\":\"En la bodega Vi\u00f1a Costeira elaboramos vinos de D.O. Ribeiro y Valdeorras. Nuestros productos nos han convertido en la mejor bodega de Espa\u00f1a. \u00a1Con\u00f3cenos!\",\"publisher\":{\"@id\":\"https:\\\/\\\/costeira.wine\\\/#organization\"},\"potentialAction\":[{\"@type\":\"SearchAction\",\"target\":{\"@type\":\"EntryPoint\",\"urlTemplate\":\"https:\\\/\\\/costeira.wine\\\/?s={search_term_string}\"},\"query-input\":{\"@type\":\"PropertyValueSpecification\",\"valueRequired\":true,\"valueName\":\"search_term_string\"}}],\"inLanguage\":\"en-US\"},{\"@type\":\"Organization\",\"@id\":\"https:\\\/\\\/costeira.wine\\\/#organization\",\"name\":\"Vi\u00f1a costeira\",\"url\":\"https:\\\/\\\/costeira.wine\\\/\",\"logo\":{\"@type\":\"ImageObject\",\"inLanguage\":\"en-US\",\"@id\":\"https:\\\/\\\/costeira.wine\\\/#\\\/schema\\\/logo\\\/image\\\/\",\"url\":\"https:\\\/\\\/costeira.wine\\\/wp-content\\\/uploads\\\/2021\\\/06\\\/logo_vina_costeira.svg\",\"contentUrl\":\"https:\\\/\\\/costeira.wine\\\/wp-content\\\/uploads\\\/2021\\\/06\\\/logo_vina_costeira.svg\",\"width\":1024,\"height\":100,\"caption\":\"Vi\u00f1a costeira\"},\"image\":{\"@id\":\"https:\\\/\\\/costeira.wine\\\/#\\\/schema\\\/logo\\\/image\\\/\"},\"sameAs\":[\"https:\\\/\\\/www.facebook.com\\\/vinacosteira\\\/\",\"https:\\\/\\\/x.com\\\/costeira_es\",\"https:\\\/\\\/www.instagram.com\\\/costeira.es\\\/\",\"https:\\\/\\\/www.linkedin.com\\\/company\\\/vi\u00f1a-costeira\\\/\",\"https:\\\/\\\/www.youtube.com\\\/channel\\\/UCx-kNrCaW0EIlxNK7nBRyfA\"]},{\"@type\":\"Person\",\"@id\":\"https:\\\/\\\/costeira.wine\\\/#\\\/schema\\\/person\\\/be5cac9aab2eadddfb8f6f829e642362\",\"name\":\"webmaster\",\"image\":{\"@type\":\"ImageObject\",\"inLanguage\":\"en-US\",\"@id\":\"https:\\\/\\\/secure.gravatar.com\\\/avatar\\\/49c7ead4cffcc0453b699691d45aefa551451fc500d13aead9dbe3d1d8962b92?s=96&d=mm&r=g\",\"url\":\"https:\\\/\\\/secure.gravatar.com\\\/avatar\\\/49c7ead4cffcc0453b699691d45aefa551451fc500d13aead9dbe3d1d8962b92?s=96&d=mm&r=g\",\"contentUrl\":\"https:\\\/\\\/secure.gravatar.com\\\/avatar\\\/49c7ead4cffcc0453b699691d45aefa551451fc500d13aead9dbe3d1d8962b92?s=96&d=mm&r=g\",\"caption\":\"webmaster\"},\"sameAs\":[\"http:\\\/\\\/costeira.wine\"]}]}<\/script>\n<!-- \/ Yoast SEO plugin. -->","yoast_head_json":{"title":"Vi\u00f1a Costeira presenta su \u201cColecci\u00f3n 68\u201d - Vi\u00f1a costeira","description":"%","robots":{"index":"index","follow":"follow","max-snippet":"max-snippet:-1","max-image-preview":"max-image-preview:large","max-video-preview":"max-video-preview:-1"},"canonical":"https:\/\/costeira.wine\/vina-costeira-bodega-presenta-su-coleccion-68\/","og_locale":"en_US","og_type":"article","og_title":"Vi\u00f1a Costeira presenta su \u201cColecci\u00f3n 68\u201d - Vi\u00f1a costeira","og_description":"%","og_url":"https:\/\/costeira.wine\/vina-costeira-bodega-presenta-su-coleccion-68\/","og_site_name":"Vi\u00f1a costeira","article_publisher":"https:\/\/www.facebook.com\/vinacosteira\/","article_published_time":"2015-06-26T12:00:31+00:00","og_image":[{"width":980,"height":653,"url":"https:\/\/costeira.wine\/wp-content\/uploads\/2021\/07\/costeira_estrellas_000175-low-980x653-1.jpg","type":"image\/jpeg"}],"author":"webmaster","twitter_card":"summary_large_image","twitter_creator":"@costeira_es","twitter_site":"@costeira_es","twitter_misc":{"Written by":"webmaster","Est. reading time":"2 minutes"},"schema":{"@context":"https:\/\/schema.org","@graph":[{"@type":"Article","@id":"https:\/\/costeira.wine\/vina-costeira-bodega-presenta-su-coleccion-68\/#article","isPartOf":{"@id":"https:\/\/costeira.wine\/vina-costeira-bodega-presenta-su-coleccion-68\/"},"author":{"name":"webmaster","@id":"https:\/\/costeira.wine\/#\/schema\/person\/be5cac9aab2eadddfb8f6f829e642362"},"headline":"Vi\u00f1a Costeira presenta su \u201cColecci\u00f3n 68\u201d","datePublished":"2015-06-26T12:00:31+00:00","mainEntityOfPage":{"@id":"https:\/\/costeira.wine\/vina-costeira-bodega-presenta-su-coleccion-68\/"},"wordCount":382,"commentCount":0,"publisher":{"@id":"https:\/\/costeira.wine\/#organization"},"image":{"@id":"https:\/\/costeira.wine\/vina-costeira-bodega-presenta-su-coleccion-68\/#primaryimage"},"thumbnailUrl":"","articleSection":["Novedades"],"inLanguage":"en-US","potentialAction":[{"@type":"CommentAction","name":"Comment","target":["https:\/\/costeira.wine\/vina-costeira-bodega-presenta-su-coleccion-68\/#respond"]}]},{"@type":"WebPage","@id":"https:\/\/costeira.wine\/vina-costeira-bodega-presenta-su-coleccion-68\/","url":"https:\/\/costeira.wine\/vina-costeira-bodega-presenta-su-coleccion-68\/","name":"Vi\u00f1a Costeira presenta su \u201cColecci\u00f3n 68\u201d - Vi\u00f1a costeira","isPartOf":{"@id":"https:\/\/costeira.wine\/#website"},"primaryImageOfPage":{"@id":"https:\/\/costeira.wine\/vina-costeira-bodega-presenta-su-coleccion-68\/#primaryimage"},"image":{"@id":"https:\/\/costeira.wine\/vina-costeira-bodega-presenta-su-coleccion-68\/#primaryimage"},"thumbnailUrl":"","datePublished":"2015-06-26T12:00:31+00:00","description":"%","breadcrumb":{"@id":"https:\/\/costeira.wine\/vina-costeira-bodega-presenta-su-coleccion-68\/#breadcrumb"},"inLanguage":"en-US","potentialAction":[{"@type":"ReadAction","target":["https:\/\/costeira.wine\/vina-costeira-bodega-presenta-su-coleccion-68\/"]}]},{"@type":"ImageObject","inLanguage":"en-US","@id":"https:\/\/costeira.wine\/vina-costeira-bodega-presenta-su-coleccion-68\/#primaryimage","url":"","contentUrl":""},{"@type":"BreadcrumbList","@id":"https:\/\/costeira.wine\/vina-costeira-bodega-presenta-su-coleccion-68\/#breadcrumb","itemListElement":[{"@type":"ListItem","position":1,"name":"Portada","item":"https:\/\/costeira.wine\/"},{"@type":"ListItem","position":2,"name":"Vi\u00f1a Costeira presenta su \u201cColecci\u00f3n 68\u201d"}]},{"@type":"WebSite","@id":"https:\/\/costeira.wine\/#website","url":"https:\/\/costeira.wine\/","name":"Vi\u00f1a costeira","description":"En la bodega Vi\u00f1a Costeira elaboramos vinos de D.O. Ribeiro y Valdeorras. Nuestros productos nos han convertido en la mejor bodega de Espa\u00f1a. \u00a1Con\u00f3cenos!","publisher":{"@id":"https:\/\/costeira.wine\/#organization"},"potentialAction":[{"@type":"SearchAction","target":{"@type":"EntryPoint","urlTemplate":"https:\/\/costeira.wine\/?s={search_term_string}"},"query-input":{"@type":"PropertyValueSpecification","valueRequired":true,"valueName":"search_term_string"}}],"inLanguage":"en-US"},{"@type":"Organization","@id":"https:\/\/costeira.wine\/#organization","name":"Vi\u00f1a costeira","url":"https:\/\/costeira.wine\/","logo":{"@type":"ImageObject","inLanguage":"en-US","@id":"https:\/\/costeira.wine\/#\/schema\/logo\/image\/","url":"https:\/\/costeira.wine\/wp-content\/uploads\/2021\/06\/logo_vina_costeira.svg","contentUrl":"https:\/\/costeira.wine\/wp-content\/uploads\/2021\/06\/logo_vina_costeira.svg","width":1024,"height":100,"caption":"Vi\u00f1a costeira"},"image":{"@id":"https:\/\/costeira.wine\/#\/schema\/logo\/image\/"},"sameAs":["https:\/\/www.facebook.com\/vinacosteira\/","https:\/\/x.com\/costeira_es","https:\/\/www.instagram.com\/costeira.es\/","https:\/\/www.linkedin.com\/company\/vi\u00f1a-costeira\/","https:\/\/www.youtube.com\/channel\/UCx-kNrCaW0EIlxNK7nBRyfA"]},{"@type":"Person","@id":"https:\/\/costeira.wine\/#\/schema\/person\/be5cac9aab2eadddfb8f6f829e642362","name":"webmaster","image":{"@type":"ImageObject","inLanguage":"en-US","@id":"https:\/\/secure.gravatar.com\/avatar\/49c7ead4cffcc0453b699691d45aefa551451fc500d13aead9dbe3d1d8962b92?s=96&d=mm&r=g","url":"https:\/\/secure.gravatar.com\/avatar\/49c7ead4cffcc0453b699691d45aefa551451fc500d13aead9dbe3d1d8962b92?s=96&d=mm&r=g","contentUrl":"https:\/\/secure.gravatar.com\/avatar\/49c7ead4cffcc0453b699691d45aefa551451fc500d13aead9dbe3d1d8962b92?s=96&d=mm&r=g","caption":"webmaster"},"sameAs":["http:\/\/costeira.wine"]}]}},"_links":{"self":[{"href":"https:\/\/costeira.wine\/en\/wp-json\/wp\/v2\/posts\/3188","targetHints":{"allow":["GET"]}}],"collection":[{"href":"https:\/\/costeira.wine\/en\/wp-json\/wp\/v2\/posts"}],"about":[{"href":"https:\/\/costeira.wine\/en\/wp-json\/wp\/v2\/types\/post"}],"author":[{"embeddable":true,"href":"https:\/\/costeira.wine\/en\/wp-json\/wp\/v2\/users\/1"}],"replies":[{"embeddable":true,"href":"https:\/\/costeira.wine\/en\/wp-json\/wp\/v2\/comments?post=3188"}],"version-history":[{"count":0,"href":"https:\/\/costeira.wine\/en\/wp-json\/wp\/v2\/posts\/3188\/revisions"}],"wp:featuredmedia":[{"embeddable":true,"href":"https:\/\/costeira.wine\/en\/wp-json\/"}],"wp:attachment":[{"href":"https:\/\/costeira.wine\/en\/wp-json\/wp\/v2\/media?parent=3188"}],"wp:term":[{"taxonomy":"category","embeddable":true,"href":"https:\/\/costeira.wine\/en\/wp-json\/wp\/v2\/categories?post=3188"},{"taxonomy":"post_tag","embeddable":true,"href":"https:\/\/costeira.wine\/en\/wp-json\/wp\/v2\/tags?post=3188"}],"curies":[{"name":"wp","href":"https:\/\/api.w.org\/{rel}","templated":true}]}}