{"id":4115,"date":"2018-06-18T08:01:30","date_gmt":"2018-06-18T08:01:30","guid":{"rendered":"https:\/\/costeira.es\/?p=4115"},"modified":"2018-06-18T08:01:30","modified_gmt":"2018-06-18T08:01:30","slug":"participa-en-la-i-ruta-momentos-extraordinarios-costeira-vino-coleccion-68","status":"publish","type":"post","link":"https:\/\/costeira.wine\/en\/participa-en-la-i-ruta-momentos-extraordinarios-costeira-vino-coleccion-68\/","title":{"rendered":"Este verano, participa en la I Ruta Momentos Extraordinarios Costeira con el vino Colecci\u00f3n 68"},"content":{"rendered":"<blockquote>\n<p dir=\"ltr\">Mar\u00edn, Rianxo, Lal\u00edn y la Costa de Coru\u00f1a se unen a la acci\u00f3n con la que podr\u00e1s ganar un fin de semana en un Balneario disfrutando del vino Colecci\u00f3n 68.<\/p>\n<\/blockquote>\n<p dir=\"ltr\">Este verano, disfrutar del vino blanco Colecci\u00f3n 68 tiene doble premio. Sumando diez consumiciones te llevar\u00e1s una botella gratis&#8230; y participar\u00e1s en el sorteo de un fin de semana en un Balneario. \u00a1An\u00edmate a participar!.<\/p>\n<p dir=\"ltr\">Nuevos establecimientos se unen a la I Ruta Momentos Extraordinarios Costeira, que est\u00e1 recorriendo toda Galicia en los \u00faltimos meses. Consulta aqu\u00ed el listado de locales participantes, en cada una de las nuevas localidades:<\/p>\n<ul>\n<li dir=\"ltr\"><a href=\"https:\/\/www.google.com\/maps\/d\/u\/0\/viewer?ll=43.30450157923073%2C-8.286488200000008&amp;z=12&amp;mid=12WEpPHBdpBhXFUS3Ye-bUk93p3FRHmpB\" style=\"text-decoration:underline;\">Costa de Coru\u00f1a<\/a> activo hasta el 1 de julio<\/li>\n<li dir=\"ltr\"><a href=\"https:\/\/www.google.com\/maps\/d\/u\/0\/viewer?ll=42.38387206433677%2C-8.71462294999992&amp;z=14&amp;mid=1OD9sdlxTP1-S6mOkMQ9vMAl26XekdVLj\" style=\"text-decoration:underline;\">Mar\u00edn<\/a> activo hasta el 15 de julio<\/li>\n<li dir=\"ltr\"><a href=\"https:\/\/www.google.com\/maps\/d\/u\/0\/viewer?ll=42.677042206616676%2C-8.204979221289022&amp;z=12&amp;mid=1IWezHZOhC5LwDicwpERkici8xVN1K5j2\" style=\"text-decoration:underline;\">Lal\u00edn<\/a> activo hasta el 15 de julio<\/li>\n<li dir=\"ltr\"><a href=\"https:\/\/www.google.com\/maps\/d\/u\/0\/viewer?ll=42.654979973376456%2C-8.81564979999996&amp;z=15&amp;mid=1QVFkHg0A7M6atuE0VM5DKhI_slNNiS0Z\" style=\"text-decoration:underline;\">Rianxo<\/a> activo hasta el 22 de julio<\/li>\n<\/ul>\n<p dir=\"ltr\">Ya sabes, consigue tu cartilla en uno de los establecimientos pidiendo una copa de vino blanco Costeira 68, re\u00fane 10 sellos en un m\u00ednimo de 3 establecimientos y recibir\u00e1s de regalo una botella de Colecci\u00f3n 68, canjeable en cualquier punto de la ruta. Entregando el cup\u00f3n, entrar\u00e1s en el sorteo de dos d\u00edas en el Balneario de Laias y podr\u00e1s visitar las instalaciones de la Bodega Vi\u00f1a Costeira.<\/p>\n","protected":false},"excerpt":{"rendered":"<p>Mar\u00edn, Rianxo, Lal\u00edn y la Costa de Coru\u00f1a se unen a la acci\u00f3n con la que podr\u00e1s ganar un fin de semana en un Balneario disfrutando del vino Colecci\u00f3n 68. Este verano, disfrutar del vino blanco Colecci\u00f3n 68 tiene doble premio. Sumando diez consumiciones te llevar\u00e1s una botella gratis&#8230; y participar\u00e1s en el sorteo de [&hellip;]<\/p>\n","protected":false},"author":1,"featured_media":15450,"comment_status":"open","ping_status":"open","sticky":false,"template":"","format":"standard","meta":{"footnotes":""},"categories":[80],"tags":[],"class_list":["post-4115","post","type-post","status-publish","format-standard","has-post-thumbnail","hentry","category-novedad"],"yoast_head":"<!-- This site is optimized with the Yoast SEO plugin v24.8.1 - https:\/\/yoast.com\/wordpress\/plugins\/seo\/ -->\n<title>Participa en la I Ruta Momentos Extraordinarios| Vi\u00f1a Costeira<\/title>\n<meta name=\"description\" content=\"Este verano queremos que te vayas de fin de semana a un Balneario disfrutando del vino de Colecci\u00f3n. \u00a1Aqu\u00ed encontrar\u00e1s toda la info para conseguirlo!.\" \/>\n<meta name=\"robots\" content=\"index, follow, max-snippet:-1, max-image-preview:large, max-video-preview:-1\" \/>\n<link rel=\"canonical\" href=\"https:\/\/costeira.wine\/participa-en-la-i-ruta-momentos-extraordinarios-costeira-vino-coleccion-68\/\" \/>\n<meta property=\"og:locale\" content=\"en_US\" \/>\n<meta property=\"og:type\" content=\"article\" \/>\n<meta property=\"og:title\" content=\"Participa en la I Ruta Momentos Extraordinarios| Vi\u00f1a Costeira\" \/>\n<meta property=\"og:description\" content=\"Este verano queremos que te vayas de fin de semana a un Balneario disfrutando del vino de Colecci\u00f3n. \u00a1Aqu\u00ed encontrar\u00e1s toda la info para conseguirlo!.\" \/>\n<meta property=\"og:url\" content=\"https:\/\/costeira.wine\/participa-en-la-i-ruta-momentos-extraordinarios-costeira-vino-coleccion-68\/\" \/>\n<meta property=\"og:site_name\" content=\"Vi\u00f1a costeira\" \/>\n<meta property=\"article:publisher\" content=\"https:\/\/www.facebook.com\/vinacosteira\/\" \/>\n<meta property=\"article:published_time\" content=\"2018-06-18T08:01:30+00:00\" \/>\n<meta property=\"og:image\" content=\"https:\/\/costeira.wine\/wp-content\/uploads\/2021\/07\/costeira_estrellas_000175-low-980x653-1.jpg\" \/>\n\t<meta property=\"og:image:width\" content=\"980\" \/>\n\t<meta property=\"og:image:height\" content=\"653\" \/>\n\t<meta property=\"og:image:type\" content=\"image\/jpeg\" \/>\n<meta name=\"author\" content=\"webmaster\" \/>\n<meta name=\"twitter:card\" content=\"summary_large_image\" \/>\n<meta name=\"twitter:creator\" content=\"@costeira_es\" \/>\n<meta name=\"twitter:site\" content=\"@costeira_es\" \/>\n<meta name=\"twitter:label1\" content=\"Written by\" \/>\n\t<meta name=\"twitter:data1\" content=\"webmaster\" \/>\n\t<meta name=\"twitter:label2\" content=\"Est. reading time\" \/>\n\t<meta name=\"twitter:data2\" content=\"1 minute\" \/>\n<script type=\"application\/ld+json\" class=\"yoast-schema-graph\">{\"@context\":\"https:\/\/schema.org\",\"@graph\":[{\"@type\":\"Article\",\"@id\":\"https:\/\/costeira.wine\/participa-en-la-i-ruta-momentos-extraordinarios-costeira-vino-coleccion-68\/#article\",\"isPartOf\":{\"@id\":\"https:\/\/costeira.wine\/participa-en-la-i-ruta-momentos-extraordinarios-costeira-vino-coleccion-68\/\"},\"author\":{\"name\":\"webmaster\",\"@id\":\"https:\/\/costeira.wine\/#\/schema\/person\/be5cac9aab2eadddfb8f6f829e642362\"},\"headline\":\"Este verano, participa en la I Ruta Momentos Extraordinarios Costeira con el vino Colecci\u00f3n 68\",\"datePublished\":\"2018-06-18T08:01:30+00:00\",\"mainEntityOfPage\":{\"@id\":\"https:\/\/costeira.wine\/participa-en-la-i-ruta-momentos-extraordinarios-costeira-vino-coleccion-68\/\"},\"wordCount\":224,\"commentCount\":0,\"publisher\":{\"@id\":\"https:\/\/costeira.wine\/#organization\"},\"image\":{\"@id\":\"https:\/\/costeira.wine\/participa-en-la-i-ruta-momentos-extraordinarios-costeira-vino-coleccion-68\/#primaryimage\"},\"thumbnailUrl\":\"\",\"articleSection\":[\"Novedades\"],\"inLanguage\":\"en-US\",\"potentialAction\":[{\"@type\":\"CommentAction\",\"name\":\"Comment\",\"target\":[\"https:\/\/costeira.wine\/participa-en-la-i-ruta-momentos-extraordinarios-costeira-vino-coleccion-68\/#respond\"]}]},{\"@type\":\"WebPage\",\"@id\":\"https:\/\/costeira.wine\/participa-en-la-i-ruta-momentos-extraordinarios-costeira-vino-coleccion-68\/\",\"url\":\"https:\/\/costeira.wine\/participa-en-la-i-ruta-momentos-extraordinarios-costeira-vino-coleccion-68\/\",\"name\":\"Participa en la I Ruta Momentos Extraordinarios| Vi\u00f1a Costeira\",\"isPartOf\":{\"@id\":\"https:\/\/costeira.wine\/#website\"},\"primaryImageOfPage\":{\"@id\":\"https:\/\/costeira.wine\/participa-en-la-i-ruta-momentos-extraordinarios-costeira-vino-coleccion-68\/#primaryimage\"},\"image\":{\"@id\":\"https:\/\/costeira.wine\/participa-en-la-i-ruta-momentos-extraordinarios-costeira-vino-coleccion-68\/#primaryimage\"},\"thumbnailUrl\":\"\",\"datePublished\":\"2018-06-18T08:01:30+00:00\",\"description\":\"Este verano queremos que te vayas de fin de semana a un Balneario disfrutando del vino de Colecci\u00f3n. \u00a1Aqu\u00ed encontrar\u00e1s toda la info para conseguirlo!.\",\"breadcrumb\":{\"@id\":\"https:\/\/costeira.wine\/participa-en-la-i-ruta-momentos-extraordinarios-costeira-vino-coleccion-68\/#breadcrumb\"},\"inLanguage\":\"en-US\",\"potentialAction\":[{\"@type\":\"ReadAction\",\"target\":[\"https:\/\/costeira.wine\/participa-en-la-i-ruta-momentos-extraordinarios-costeira-vino-coleccion-68\/\"]}]},{\"@type\":\"ImageObject\",\"inLanguage\":\"en-US\",\"@id\":\"https:\/\/costeira.wine\/participa-en-la-i-ruta-momentos-extraordinarios-costeira-vino-coleccion-68\/#primaryimage\",\"url\":\"\",\"contentUrl\":\"\"},{\"@type\":\"BreadcrumbList\",\"@id\":\"https:\/\/costeira.wine\/participa-en-la-i-ruta-momentos-extraordinarios-costeira-vino-coleccion-68\/#breadcrumb\",\"itemListElement\":[{\"@type\":\"ListItem\",\"position\":1,\"name\":\"Portada\",\"item\":\"https:\/\/costeira.wine\/\"},{\"@type\":\"ListItem\",\"position\":2,\"name\":\"Este verano, participa en la I Ruta Momentos Extraordinarios Costeira con el vino Colecci\u00f3n 68\"}]},{\"@type\":\"WebSite\",\"@id\":\"https:\/\/costeira.wine\/#website\",\"url\":\"https:\/\/costeira.wine\/\",\"name\":\"Vi\u00f1a costeira\",\"description\":\"En la bodega Vi\u00f1a Costeira elaboramos vinos de D.O. Ribeiro y Valdeorras. Nuestros productos nos han convertido en la mejor bodega de Espa\u00f1a. \u00a1Con\u00f3cenos!\",\"publisher\":{\"@id\":\"https:\/\/costeira.wine\/#organization\"},\"potentialAction\":[{\"@type\":\"SearchAction\",\"target\":{\"@type\":\"EntryPoint\",\"urlTemplate\":\"https:\/\/costeira.wine\/?s={search_term_string}\"},\"query-input\":{\"@type\":\"PropertyValueSpecification\",\"valueRequired\":true,\"valueName\":\"search_term_string\"}}],\"inLanguage\":\"en-US\"},{\"@type\":\"Organization\",\"@id\":\"https:\/\/costeira.wine\/#organization\",\"name\":\"Vi\u00f1a costeira\",\"url\":\"https:\/\/costeira.wine\/\",\"logo\":{\"@type\":\"ImageObject\",\"inLanguage\":\"en-US\",\"@id\":\"https:\/\/costeira.wine\/#\/schema\/logo\/image\/\",\"url\":\"https:\/\/costeira.wine\/wp-content\/uploads\/2021\/06\/logo_vina_costeira.svg\",\"contentUrl\":\"https:\/\/costeira.wine\/wp-content\/uploads\/2021\/06\/logo_vina_costeira.svg\",\"width\":1024,\"height\":100,\"caption\":\"Vi\u00f1a costeira\"},\"image\":{\"@id\":\"https:\/\/costeira.wine\/#\/schema\/logo\/image\/\"},\"sameAs\":[\"https:\/\/www.facebook.com\/vinacosteira\/\",\"https:\/\/x.com\/costeira_es\",\"https:\/\/www.instagram.com\/costeira.es\/\",\"https:\/\/www.linkedin.com\/company\/vi\u00f1a-costeira\/\",\"https:\/\/www.youtube.com\/channel\/UCx-kNrCaW0EIlxNK7nBRyfA\"]},{\"@type\":\"Person\",\"@id\":\"https:\/\/costeira.wine\/#\/schema\/person\/be5cac9aab2eadddfb8f6f829e642362\",\"name\":\"webmaster\",\"image\":{\"@type\":\"ImageObject\",\"inLanguage\":\"en-US\",\"@id\":\"https:\/\/costeira.wine\/#\/schema\/person\/image\/\",\"url\":\"https:\/\/secure.gravatar.com\/avatar\/1f23f79ab92315a6553b61d72b11411a?s=96&d=mm&r=g\",\"contentUrl\":\"https:\/\/secure.gravatar.com\/avatar\/1f23f79ab92315a6553b61d72b11411a?s=96&d=mm&r=g\",\"caption\":\"webmaster\"},\"sameAs\":[\"http:\/\/costeira.wine\"]}]}<\/script>\n<!-- \/ Yoast SEO plugin. -->","yoast_head_json":{"title":"Participa en la I Ruta Momentos Extraordinarios| Vi\u00f1a Costeira","description":"Este verano queremos que te vayas de fin de semana a un Balneario disfrutando del vino de Colecci\u00f3n. \u00a1Aqu\u00ed encontrar\u00e1s toda la info para conseguirlo!.","robots":{"index":"index","follow":"follow","max-snippet":"max-snippet:-1","max-image-preview":"max-image-preview:large","max-video-preview":"max-video-preview:-1"},"canonical":"https:\/\/costeira.wine\/participa-en-la-i-ruta-momentos-extraordinarios-costeira-vino-coleccion-68\/","og_locale":"en_US","og_type":"article","og_title":"Participa en la I Ruta Momentos Extraordinarios| Vi\u00f1a Costeira","og_description":"Este verano queremos que te vayas de fin de semana a un Balneario disfrutando del vino de Colecci\u00f3n. \u00a1Aqu\u00ed encontrar\u00e1s toda la info para conseguirlo!.","og_url":"https:\/\/costeira.wine\/participa-en-la-i-ruta-momentos-extraordinarios-costeira-vino-coleccion-68\/","og_site_name":"Vi\u00f1a costeira","article_publisher":"https:\/\/www.facebook.com\/vinacosteira\/","article_published_time":"2018-06-18T08:01:30+00:00","og_image":[{"width":980,"height":653,"url":"https:\/\/costeira.wine\/wp-content\/uploads\/2021\/07\/costeira_estrellas_000175-low-980x653-1.jpg","type":"image\/jpeg"}],"author":"webmaster","twitter_card":"summary_large_image","twitter_creator":"@costeira_es","twitter_site":"@costeira_es","twitter_misc":{"Written by":"webmaster","Est. reading time":"1 minute"},"schema":{"@context":"https:\/\/schema.org","@graph":[{"@type":"Article","@id":"https:\/\/costeira.wine\/participa-en-la-i-ruta-momentos-extraordinarios-costeira-vino-coleccion-68\/#article","isPartOf":{"@id":"https:\/\/costeira.wine\/participa-en-la-i-ruta-momentos-extraordinarios-costeira-vino-coleccion-68\/"},"author":{"name":"webmaster","@id":"https:\/\/costeira.wine\/#\/schema\/person\/be5cac9aab2eadddfb8f6f829e642362"},"headline":"Este verano, participa en la I Ruta Momentos Extraordinarios Costeira con el vino Colecci\u00f3n 68","datePublished":"2018-06-18T08:01:30+00:00","mainEntityOfPage":{"@id":"https:\/\/costeira.wine\/participa-en-la-i-ruta-momentos-extraordinarios-costeira-vino-coleccion-68\/"},"wordCount":224,"commentCount":0,"publisher":{"@id":"https:\/\/costeira.wine\/#organization"},"image":{"@id":"https:\/\/costeira.wine\/participa-en-la-i-ruta-momentos-extraordinarios-costeira-vino-coleccion-68\/#primaryimage"},"thumbnailUrl":"","articleSection":["Novedades"],"inLanguage":"en-US","potentialAction":[{"@type":"CommentAction","name":"Comment","target":["https:\/\/costeira.wine\/participa-en-la-i-ruta-momentos-extraordinarios-costeira-vino-coleccion-68\/#respond"]}]},{"@type":"WebPage","@id":"https:\/\/costeira.wine\/participa-en-la-i-ruta-momentos-extraordinarios-costeira-vino-coleccion-68\/","url":"https:\/\/costeira.wine\/participa-en-la-i-ruta-momentos-extraordinarios-costeira-vino-coleccion-68\/","name":"Participa en la I Ruta Momentos Extraordinarios| Vi\u00f1a Costeira","isPartOf":{"@id":"https:\/\/costeira.wine\/#website"},"primaryImageOfPage":{"@id":"https:\/\/costeira.wine\/participa-en-la-i-ruta-momentos-extraordinarios-costeira-vino-coleccion-68\/#primaryimage"},"image":{"@id":"https:\/\/costeira.wine\/participa-en-la-i-ruta-momentos-extraordinarios-costeira-vino-coleccion-68\/#primaryimage"},"thumbnailUrl":"","datePublished":"2018-06-18T08:01:30+00:00","description":"Este verano queremos que te vayas de fin de semana a un Balneario disfrutando del vino de Colecci\u00f3n. \u00a1Aqu\u00ed encontrar\u00e1s toda la info para conseguirlo!.","breadcrumb":{"@id":"https:\/\/costeira.wine\/participa-en-la-i-ruta-momentos-extraordinarios-costeira-vino-coleccion-68\/#breadcrumb"},"inLanguage":"en-US","potentialAction":[{"@type":"ReadAction","target":["https:\/\/costeira.wine\/participa-en-la-i-ruta-momentos-extraordinarios-costeira-vino-coleccion-68\/"]}]},{"@type":"ImageObject","inLanguage":"en-US","@id":"https:\/\/costeira.wine\/participa-en-la-i-ruta-momentos-extraordinarios-costeira-vino-coleccion-68\/#primaryimage","url":"","contentUrl":""},{"@type":"BreadcrumbList","@id":"https:\/\/costeira.wine\/participa-en-la-i-ruta-momentos-extraordinarios-costeira-vino-coleccion-68\/#breadcrumb","itemListElement":[{"@type":"ListItem","position":1,"name":"Portada","item":"https:\/\/costeira.wine\/"},{"@type":"ListItem","position":2,"name":"Este verano, participa en la I Ruta Momentos Extraordinarios Costeira con el vino Colecci\u00f3n 68"}]},{"@type":"WebSite","@id":"https:\/\/costeira.wine\/#website","url":"https:\/\/costeira.wine\/","name":"Vi\u00f1a costeira","description":"En la bodega Vi\u00f1a Costeira elaboramos vinos de D.O. Ribeiro y Valdeorras. Nuestros productos nos han convertido en la mejor bodega de Espa\u00f1a. \u00a1Con\u00f3cenos!","publisher":{"@id":"https:\/\/costeira.wine\/#organization"},"potentialAction":[{"@type":"SearchAction","target":{"@type":"EntryPoint","urlTemplate":"https:\/\/costeira.wine\/?s={search_term_string}"},"query-input":{"@type":"PropertyValueSpecification","valueRequired":true,"valueName":"search_term_string"}}],"inLanguage":"en-US"},{"@type":"Organization","@id":"https:\/\/costeira.wine\/#organization","name":"Vi\u00f1a costeira","url":"https:\/\/costeira.wine\/","logo":{"@type":"ImageObject","inLanguage":"en-US","@id":"https:\/\/costeira.wine\/#\/schema\/logo\/image\/","url":"https:\/\/costeira.wine\/wp-content\/uploads\/2021\/06\/logo_vina_costeira.svg","contentUrl":"https:\/\/costeira.wine\/wp-content\/uploads\/2021\/06\/logo_vina_costeira.svg","width":1024,"height":100,"caption":"Vi\u00f1a costeira"},"image":{"@id":"https:\/\/costeira.wine\/#\/schema\/logo\/image\/"},"sameAs":["https:\/\/www.facebook.com\/vinacosteira\/","https:\/\/x.com\/costeira_es","https:\/\/www.instagram.com\/costeira.es\/","https:\/\/www.linkedin.com\/company\/vi\u00f1a-costeira\/","https:\/\/www.youtube.com\/channel\/UCx-kNrCaW0EIlxNK7nBRyfA"]},{"@type":"Person","@id":"https:\/\/costeira.wine\/#\/schema\/person\/be5cac9aab2eadddfb8f6f829e642362","name":"webmaster","image":{"@type":"ImageObject","inLanguage":"en-US","@id":"https:\/\/costeira.wine\/#\/schema\/person\/image\/","url":"https:\/\/secure.gravatar.com\/avatar\/1f23f79ab92315a6553b61d72b11411a?s=96&d=mm&r=g","contentUrl":"https:\/\/secure.gravatar.com\/avatar\/1f23f79ab92315a6553b61d72b11411a?s=96&d=mm&r=g","caption":"webmaster"},"sameAs":["http:\/\/costeira.wine"]}]}},"_links":{"self":[{"href":"https:\/\/costeira.wine\/en\/wp-json\/wp\/v2\/posts\/4115","targetHints":{"allow":["GET"]}}],"collection":[{"href":"https:\/\/costeira.wine\/en\/wp-json\/wp\/v2\/posts"}],"about":[{"href":"https:\/\/costeira.wine\/en\/wp-json\/wp\/v2\/types\/post"}],"author":[{"embeddable":true,"href":"https:\/\/costeira.wine\/en\/wp-json\/wp\/v2\/users\/1"}],"replies":[{"embeddable":true,"href":"https:\/\/costeira.wine\/en\/wp-json\/wp\/v2\/comments?post=4115"}],"version-history":[{"count":0,"href":"https:\/\/costeira.wine\/en\/wp-json\/wp\/v2\/posts\/4115\/revisions"}],"wp:featuredmedia":[{"embeddable":true,"href":"https:\/\/costeira.wine\/en\/wp-json\/"}],"wp:attachment":[{"href":"https:\/\/costeira.wine\/en\/wp-json\/wp\/v2\/media?parent=4115"}],"wp:term":[{"taxonomy":"category","embeddable":true,"href":"https:\/\/costeira.wine\/en\/wp-json\/wp\/v2\/categories?post=4115"},{"taxonomy":"post_tag","embeddable":true,"href":"https:\/\/costeira.wine\/en\/wp-json\/wp\/v2\/tags?post=4115"}],"curies":[{"name":"wp","href":"https:\/\/api.w.org\/{rel}","templated":true}]}}