{"id":4133,"date":"2018-06-18T08:19:01","date_gmt":"2018-06-18T08:19:01","guid":{"rendered":"https:\/\/costeira.es\/?p=4133"},"modified":"2018-06-18T08:19:01","modified_gmt":"2018-06-18T08:19:01","slug":"emocion-evento-del-50-aniversario-de-vina-costeira","status":"publish","type":"post","link":"https:\/\/costeira.wine\/en\/emocion-evento-del-50-aniversario-de-vina-costeira\/","title":{"rendered":"Emoci\u00f3n, sorpresas y excepcional compa\u00f1\u00eda en el evento del 50 Aniversario de Vi\u00f1a Costeira"},"content":{"rendered":"<p dir=\"ltr\">Ahora s\u00ed, ya podemos celebrar oficialmente las bodas de oro de Vi\u00f1a Costeira. Con un acto por todo lo alto, celebramos los 50 a\u00f1os de la bodega rodeados de algunas de las personas art\u00edfices de semejante logro. El d\u00eda estuvo lleno de emoci\u00f3n, detalles de agradecimiento y reconocimiento, y muchas sorpresas que hicieron de la jornada algo m\u00e1gico e irrepetible.<\/p>\n<h2>Tres esculturas en el mirador de San Cibrao<\/h2>\n<p dir=\"ltr\">Uno de los momentos estrella de los actos programados fue la inauguraci\u00f3n de tres estatuas de tres metros de alto y uno de ancho, como homenaje a la ilusi\u00f3n y al esfuerzo de los viticultores, elaboradas por el reconocido escultor ourensano Acisclo Manzano. En su presentaci\u00f3n nos acompa\u00f1aron, entre otras autoridades, el presidente de la Xunta de Galicia, Alberto N\u00fa\u00f1ez Feij\u00f3o, alcaldes de la comarca del Ribeiro y representaci\u00f3n de la Junta Rectora de la bodega, adem\u00e1s del propio escultor de las obras.<\/p>\n<p dir=\"ltr\">El conjunto escult\u00f3rico elaborado por el artista est\u00e1 ubicado en el propio mirador de San Cibrao, donde se celebr\u00f3 el acto. El resultado es realmente incre\u00edble, \u00a1os animamos a comprobarlo de cerca!<\/p>\n<h2>Comida con los socios<\/h2>\n<p dir=\"ltr\">Despu\u00e9s del acto institucional, la Carballeira de Santa Cruz acogi\u00f3 una comida homenaje con todos los socios. Cerca de 900 personas disfrutaron de una celebraci\u00f3n amenizada por los mon\u00f3logos de Xos\u00e9 Antonio Touri\u00f1\u00e1n. En sus intervenciones, el actor y humorista repas\u00f3 la historia de la bodega, an\u00e9cdotas y detalles entremezclados con su caracter\u00edstico humor.<\/p>\n<p dir=\"ltr\">Durante la comida, el consejero delegado de Vi\u00f1a Costeira, Andr\u00e9s Rodr\u00edguez ejerci\u00f3 de maestro de ceremonias, agradeciendo el esfuerzo diario de todos los socios durante estos 50 a\u00f1os. Todos ellos se llevaron un pack de recuerdo y los m\u00e1s afortunados varios regalos que se sortearon, como viajes a regiones vin\u00edcolas de La Rioja y Francia.<\/p>\n<p><img fetchpriority=\"high\" decoding=\"async\" class=\"aligncenter wp-image-4145 size-large\" src=\"https:\/\/costeira.es\/wp-content\/uploads\/2018\/06\/inaguracion_placa_50_aniversario-1024x683.jpg\" alt=\"\" width=\"1024\" height=\"683\"><\/p>\n<h2>Documental 50 aniversario<\/h2>\n<p dir=\"ltr\">En la comida, los socios pudieron disfrutar del avance de un documental que Vi\u00f1a Costeira est\u00e1 preparando con los mejores momentos de estos 50 a\u00f1os y testimonios de personas muy vinculadas a la bodega, incluido en el pack de agradecimiento. Por el momento, se present\u00f3 un resumen de 10 minutos con fragmentos destacados como adelanto al estreno oficial. \u00a1Disfrutadlo <a href=\"https:\/\/www.youtube.com\/watch?v=THgZiKeWrq8&amp;feature=youtu.be\">aqu\u00ed<\/a>!<\/p>\n<h2>Campa\u00f1a \u201cEl concepto de etiqueta ha cambiado\u201d<\/h2>\n<p dir=\"ltr\">En paralelo a la celebraci\u00f3n del acto de Aniversario, Vi\u00f1a Costeira ha lanzado una campa\u00f1a publicitaria en m\u00faltiples formatos basada en \u201cEl concepto de etiqueta ha cambiado\u201d, haciendo referencia a la<a href=\"https:\/\/costeira.es\/novedad\/rediseno-vino-blanco-mas-vendido-de-galicia\/\"> nueva etiqueta<\/a> del Vi\u00f1a Costeira Ribeiro que tambi\u00e9n homenajea a los viticultores.<\/p>\n<p dir=\"ltr\">Rejuvenecer el target de la marca e incrementar el conocimiento de Vi\u00f1a Costeira son los dos principales objetivos de esta acci\u00f3n, que estar\u00e1 presente durante todo el verano en m\u00e1s de 100 vallas publicitarias de Galicia, prensa regional y local, autobuses, aeropuertos y Redes Sociales.<\/p>\n<p dir=\"ltr\"><img decoding=\"async\" class=\"aligncenter wp-image-4152 size-large\" src=\"https:\/\/costeira.es\/wp-content\/uploads\/2018\/06\/comida_vina_costeira-1024x683.jpg\" alt=\"\" width=\"1024\" height=\"683\" loading=\"lazy\"><\/p>\n<h2>Etiqueta atractiva y visible, reflejo de valores y futuro<\/h2>\n<p dir=\"ltr\">Con ella, se transmiten la esencia, valores y futuro de la bodega rompiendo con el tradicional juego de doble etiqueta y con un resultado gr\u00e1fico de mayor atractivo y visibilidad. El deseo de la Bodega es que el redise\u00f1o sea una muestra m\u00e1s de agradecimiento a los 600 socios viticultores que han conseguido llegar a cumplir 50 a\u00f1os como bodega de vino referente.<\/p>\n","protected":false},"excerpt":{"rendered":"<p>Ahora s\u00ed, ya podemos celebrar oficialmente las bodas de oro de Vi\u00f1a Costeira. Con un acto por todo lo alto, celebramos los 50 a\u00f1os de la bodega rodeados de algunas de las personas art\u00edfices de semejante logro. El d\u00eda estuvo lleno de emoci\u00f3n, detalles de agradecimiento y reconocimiento, y muchas sorpresas que hicieron de la [&hellip;]<\/p>\n","protected":false},"author":1,"featured_media":16797,"comment_status":"open","ping_status":"open","sticky":false,"template":"","format":"standard","meta":{"footnotes":""},"categories":[80],"tags":[],"class_list":["post-4133","post","type-post","status-publish","format-standard","has-post-thumbnail","hentry","category-novedad"],"yoast_head":"<!-- This site is optimized with the Yoast SEO plugin v24.8.1 - https:\/\/yoast.com\/wordpress\/plugins\/seo\/ -->\n<title>Emociones en el evento del 50 Aniversario de Vi\u00f1a Costeira<\/title>\n<meta name=\"description\" content=\"Homenaje a los viticultores y socios en el evento del 50 aniversario de Vi\u00f1a Costeira al que acudieron el presidente de la Xunta y m\u00e1s personalidades.\" \/>\n<meta name=\"robots\" content=\"index, follow, max-snippet:-1, max-image-preview:large, max-video-preview:-1\" \/>\n<link rel=\"canonical\" href=\"https:\/\/costeira.wine\/emocion-evento-del-50-aniversario-de-vina-costeira\/\" \/>\n<meta property=\"og:locale\" content=\"en_US\" \/>\n<meta property=\"og:type\" content=\"article\" \/>\n<meta property=\"og:title\" content=\"Emociones en el evento del 50 Aniversario de Vi\u00f1a Costeira\" \/>\n<meta property=\"og:description\" content=\"Homenaje a los viticultores y socios en el evento del 50 aniversario de Vi\u00f1a Costeira al que acudieron el presidente de la Xunta y m\u00e1s personalidades.\" \/>\n<meta property=\"og:url\" content=\"https:\/\/costeira.wine\/emocion-evento-del-50-aniversario-de-vina-costeira\/\" \/>\n<meta property=\"og:site_name\" content=\"Vi\u00f1a costeira\" \/>\n<meta property=\"article:publisher\" content=\"https:\/\/www.facebook.com\/vinacosteira\/\" \/>\n<meta property=\"article:published_time\" content=\"2018-06-18T08:19:01+00:00\" \/>\n<meta property=\"og:image\" content=\"https:\/\/costeira.wine\/wp-content\/uploads\/2021\/07\/costeira_estrellas_000175-low-980x653-1.jpg\" \/>\n\t<meta property=\"og:image:width\" content=\"980\" \/>\n\t<meta property=\"og:image:height\" content=\"653\" \/>\n\t<meta property=\"og:image:type\" content=\"image\/jpeg\" \/>\n<meta name=\"author\" content=\"webmaster\" \/>\n<meta name=\"twitter:card\" content=\"summary_large_image\" \/>\n<meta name=\"twitter:creator\" content=\"@costeira_es\" \/>\n<meta name=\"twitter:site\" content=\"@costeira_es\" \/>\n<meta name=\"twitter:label1\" content=\"Written by\" \/>\n\t<meta name=\"twitter:data1\" content=\"webmaster\" \/>\n\t<meta name=\"twitter:label2\" content=\"Est. reading time\" \/>\n\t<meta name=\"twitter:data2\" content=\"3 minutes\" \/>\n<script type=\"application\/ld+json\" class=\"yoast-schema-graph\">{\"@context\":\"https:\/\/schema.org\",\"@graph\":[{\"@type\":\"Article\",\"@id\":\"https:\/\/costeira.wine\/emocion-evento-del-50-aniversario-de-vina-costeira\/#article\",\"isPartOf\":{\"@id\":\"https:\/\/costeira.wine\/emocion-evento-del-50-aniversario-de-vina-costeira\/\"},\"author\":{\"name\":\"webmaster\",\"@id\":\"https:\/\/costeira.wine\/#\/schema\/person\/be5cac9aab2eadddfb8f6f829e642362\"},\"headline\":\"Emoci\u00f3n, sorpresas y excepcional compa\u00f1\u00eda en el evento del 50 Aniversario de Vi\u00f1a Costeira\",\"datePublished\":\"2018-06-18T08:19:01+00:00\",\"mainEntityOfPage\":{\"@id\":\"https:\/\/costeira.wine\/emocion-evento-del-50-aniversario-de-vina-costeira\/\"},\"wordCount\":577,\"commentCount\":0,\"publisher\":{\"@id\":\"https:\/\/costeira.wine\/#organization\"},\"image\":{\"@id\":\"https:\/\/costeira.wine\/emocion-evento-del-50-aniversario-de-vina-costeira\/#primaryimage\"},\"thumbnailUrl\":\"\",\"articleSection\":[\"Novedades\"],\"inLanguage\":\"en-US\",\"potentialAction\":[{\"@type\":\"CommentAction\",\"name\":\"Comment\",\"target\":[\"https:\/\/costeira.wine\/emocion-evento-del-50-aniversario-de-vina-costeira\/#respond\"]}]},{\"@type\":\"WebPage\",\"@id\":\"https:\/\/costeira.wine\/emocion-evento-del-50-aniversario-de-vina-costeira\/\",\"url\":\"https:\/\/costeira.wine\/emocion-evento-del-50-aniversario-de-vina-costeira\/\",\"name\":\"Emociones en el evento del 50 Aniversario de Vi\u00f1a Costeira\",\"isPartOf\":{\"@id\":\"https:\/\/costeira.wine\/#website\"},\"primaryImageOfPage\":{\"@id\":\"https:\/\/costeira.wine\/emocion-evento-del-50-aniversario-de-vina-costeira\/#primaryimage\"},\"image\":{\"@id\":\"https:\/\/costeira.wine\/emocion-evento-del-50-aniversario-de-vina-costeira\/#primaryimage\"},\"thumbnailUrl\":\"\",\"datePublished\":\"2018-06-18T08:19:01+00:00\",\"description\":\"Homenaje a los viticultores y socios en el evento del 50 aniversario de Vi\u00f1a Costeira al que acudieron el presidente de la Xunta y m\u00e1s personalidades.\",\"breadcrumb\":{\"@id\":\"https:\/\/costeira.wine\/emocion-evento-del-50-aniversario-de-vina-costeira\/#breadcrumb\"},\"inLanguage\":\"en-US\",\"potentialAction\":[{\"@type\":\"ReadAction\",\"target\":[\"https:\/\/costeira.wine\/emocion-evento-del-50-aniversario-de-vina-costeira\/\"]}]},{\"@type\":\"ImageObject\",\"inLanguage\":\"en-US\",\"@id\":\"https:\/\/costeira.wine\/emocion-evento-del-50-aniversario-de-vina-costeira\/#primaryimage\",\"url\":\"\",\"contentUrl\":\"\"},{\"@type\":\"BreadcrumbList\",\"@id\":\"https:\/\/costeira.wine\/emocion-evento-del-50-aniversario-de-vina-costeira\/#breadcrumb\",\"itemListElement\":[{\"@type\":\"ListItem\",\"position\":1,\"name\":\"Portada\",\"item\":\"https:\/\/costeira.wine\/\"},{\"@type\":\"ListItem\",\"position\":2,\"name\":\"Emoci\u00f3n, sorpresas y excepcional compa\u00f1\u00eda en el evento del 50 Aniversario de Vi\u00f1a Costeira\"}]},{\"@type\":\"WebSite\",\"@id\":\"https:\/\/costeira.wine\/#website\",\"url\":\"https:\/\/costeira.wine\/\",\"name\":\"Vi\u00f1a costeira\",\"description\":\"En la bodega Vi\u00f1a Costeira elaboramos vinos de D.O. Ribeiro y Valdeorras. Nuestros productos nos han convertido en la mejor bodega de Espa\u00f1a. \u00a1Con\u00f3cenos!\",\"publisher\":{\"@id\":\"https:\/\/costeira.wine\/#organization\"},\"potentialAction\":[{\"@type\":\"SearchAction\",\"target\":{\"@type\":\"EntryPoint\",\"urlTemplate\":\"https:\/\/costeira.wine\/?s={search_term_string}\"},\"query-input\":{\"@type\":\"PropertyValueSpecification\",\"valueRequired\":true,\"valueName\":\"search_term_string\"}}],\"inLanguage\":\"en-US\"},{\"@type\":\"Organization\",\"@id\":\"https:\/\/costeira.wine\/#organization\",\"name\":\"Vi\u00f1a costeira\",\"url\":\"https:\/\/costeira.wine\/\",\"logo\":{\"@type\":\"ImageObject\",\"inLanguage\":\"en-US\",\"@id\":\"https:\/\/costeira.wine\/#\/schema\/logo\/image\/\",\"url\":\"https:\/\/costeira.wine\/wp-content\/uploads\/2021\/06\/logo_vina_costeira.svg\",\"contentUrl\":\"https:\/\/costeira.wine\/wp-content\/uploads\/2021\/06\/logo_vina_costeira.svg\",\"width\":1024,\"height\":100,\"caption\":\"Vi\u00f1a costeira\"},\"image\":{\"@id\":\"https:\/\/costeira.wine\/#\/schema\/logo\/image\/\"},\"sameAs\":[\"https:\/\/www.facebook.com\/vinacosteira\/\",\"https:\/\/x.com\/costeira_es\",\"https:\/\/www.instagram.com\/costeira.es\/\",\"https:\/\/www.linkedin.com\/company\/vi\u00f1a-costeira\/\",\"https:\/\/www.youtube.com\/channel\/UCx-kNrCaW0EIlxNK7nBRyfA\"]},{\"@type\":\"Person\",\"@id\":\"https:\/\/costeira.wine\/#\/schema\/person\/be5cac9aab2eadddfb8f6f829e642362\",\"name\":\"webmaster\",\"image\":{\"@type\":\"ImageObject\",\"inLanguage\":\"en-US\",\"@id\":\"https:\/\/costeira.wine\/#\/schema\/person\/image\/\",\"url\":\"https:\/\/secure.gravatar.com\/avatar\/1f23f79ab92315a6553b61d72b11411a?s=96&d=mm&r=g\",\"contentUrl\":\"https:\/\/secure.gravatar.com\/avatar\/1f23f79ab92315a6553b61d72b11411a?s=96&d=mm&r=g\",\"caption\":\"webmaster\"},\"sameAs\":[\"http:\/\/costeira.wine\"]}]}<\/script>\n<!-- \/ Yoast SEO plugin. -->","yoast_head_json":{"title":"Emociones en el evento del 50 Aniversario de Vi\u00f1a Costeira","description":"Homenaje a los viticultores y socios en el evento del 50 aniversario de Vi\u00f1a Costeira al que acudieron el presidente de la Xunta y m\u00e1s personalidades.","robots":{"index":"index","follow":"follow","max-snippet":"max-snippet:-1","max-image-preview":"max-image-preview:large","max-video-preview":"max-video-preview:-1"},"canonical":"https:\/\/costeira.wine\/emocion-evento-del-50-aniversario-de-vina-costeira\/","og_locale":"en_US","og_type":"article","og_title":"Emociones en el evento del 50 Aniversario de Vi\u00f1a Costeira","og_description":"Homenaje a los viticultores y socios en el evento del 50 aniversario de Vi\u00f1a Costeira al que acudieron el presidente de la Xunta y m\u00e1s personalidades.","og_url":"https:\/\/costeira.wine\/emocion-evento-del-50-aniversario-de-vina-costeira\/","og_site_name":"Vi\u00f1a costeira","article_publisher":"https:\/\/www.facebook.com\/vinacosteira\/","article_published_time":"2018-06-18T08:19:01+00:00","og_image":[{"width":980,"height":653,"url":"https:\/\/costeira.wine\/wp-content\/uploads\/2021\/07\/costeira_estrellas_000175-low-980x653-1.jpg","type":"image\/jpeg"}],"author":"webmaster","twitter_card":"summary_large_image","twitter_creator":"@costeira_es","twitter_site":"@costeira_es","twitter_misc":{"Written by":"webmaster","Est. reading time":"3 minutes"},"schema":{"@context":"https:\/\/schema.org","@graph":[{"@type":"Article","@id":"https:\/\/costeira.wine\/emocion-evento-del-50-aniversario-de-vina-costeira\/#article","isPartOf":{"@id":"https:\/\/costeira.wine\/emocion-evento-del-50-aniversario-de-vina-costeira\/"},"author":{"name":"webmaster","@id":"https:\/\/costeira.wine\/#\/schema\/person\/be5cac9aab2eadddfb8f6f829e642362"},"headline":"Emoci\u00f3n, sorpresas y excepcional compa\u00f1\u00eda en el evento del 50 Aniversario de Vi\u00f1a Costeira","datePublished":"2018-06-18T08:19:01+00:00","mainEntityOfPage":{"@id":"https:\/\/costeira.wine\/emocion-evento-del-50-aniversario-de-vina-costeira\/"},"wordCount":577,"commentCount":0,"publisher":{"@id":"https:\/\/costeira.wine\/#organization"},"image":{"@id":"https:\/\/costeira.wine\/emocion-evento-del-50-aniversario-de-vina-costeira\/#primaryimage"},"thumbnailUrl":"","articleSection":["Novedades"],"inLanguage":"en-US","potentialAction":[{"@type":"CommentAction","name":"Comment","target":["https:\/\/costeira.wine\/emocion-evento-del-50-aniversario-de-vina-costeira\/#respond"]}]},{"@type":"WebPage","@id":"https:\/\/costeira.wine\/emocion-evento-del-50-aniversario-de-vina-costeira\/","url":"https:\/\/costeira.wine\/emocion-evento-del-50-aniversario-de-vina-costeira\/","name":"Emociones en el evento del 50 Aniversario de Vi\u00f1a Costeira","isPartOf":{"@id":"https:\/\/costeira.wine\/#website"},"primaryImageOfPage":{"@id":"https:\/\/costeira.wine\/emocion-evento-del-50-aniversario-de-vina-costeira\/#primaryimage"},"image":{"@id":"https:\/\/costeira.wine\/emocion-evento-del-50-aniversario-de-vina-costeira\/#primaryimage"},"thumbnailUrl":"","datePublished":"2018-06-18T08:19:01+00:00","description":"Homenaje a los viticultores y socios en el evento del 50 aniversario de Vi\u00f1a Costeira al que acudieron el presidente de la Xunta y m\u00e1s personalidades.","breadcrumb":{"@id":"https:\/\/costeira.wine\/emocion-evento-del-50-aniversario-de-vina-costeira\/#breadcrumb"},"inLanguage":"en-US","potentialAction":[{"@type":"ReadAction","target":["https:\/\/costeira.wine\/emocion-evento-del-50-aniversario-de-vina-costeira\/"]}]},{"@type":"ImageObject","inLanguage":"en-US","@id":"https:\/\/costeira.wine\/emocion-evento-del-50-aniversario-de-vina-costeira\/#primaryimage","url":"","contentUrl":""},{"@type":"BreadcrumbList","@id":"https:\/\/costeira.wine\/emocion-evento-del-50-aniversario-de-vina-costeira\/#breadcrumb","itemListElement":[{"@type":"ListItem","position":1,"name":"Portada","item":"https:\/\/costeira.wine\/"},{"@type":"ListItem","position":2,"name":"Emoci\u00f3n, sorpresas y excepcional compa\u00f1\u00eda en el evento del 50 Aniversario de Vi\u00f1a Costeira"}]},{"@type":"WebSite","@id":"https:\/\/costeira.wine\/#website","url":"https:\/\/costeira.wine\/","name":"Vi\u00f1a costeira","description":"En la bodega Vi\u00f1a Costeira elaboramos vinos de D.O. Ribeiro y Valdeorras. Nuestros productos nos han convertido en la mejor bodega de Espa\u00f1a. \u00a1Con\u00f3cenos!","publisher":{"@id":"https:\/\/costeira.wine\/#organization"},"potentialAction":[{"@type":"SearchAction","target":{"@type":"EntryPoint","urlTemplate":"https:\/\/costeira.wine\/?s={search_term_string}"},"query-input":{"@type":"PropertyValueSpecification","valueRequired":true,"valueName":"search_term_string"}}],"inLanguage":"en-US"},{"@type":"Organization","@id":"https:\/\/costeira.wine\/#organization","name":"Vi\u00f1a costeira","url":"https:\/\/costeira.wine\/","logo":{"@type":"ImageObject","inLanguage":"en-US","@id":"https:\/\/costeira.wine\/#\/schema\/logo\/image\/","url":"https:\/\/costeira.wine\/wp-content\/uploads\/2021\/06\/logo_vina_costeira.svg","contentUrl":"https:\/\/costeira.wine\/wp-content\/uploads\/2021\/06\/logo_vina_costeira.svg","width":1024,"height":100,"caption":"Vi\u00f1a costeira"},"image":{"@id":"https:\/\/costeira.wine\/#\/schema\/logo\/image\/"},"sameAs":["https:\/\/www.facebook.com\/vinacosteira\/","https:\/\/x.com\/costeira_es","https:\/\/www.instagram.com\/costeira.es\/","https:\/\/www.linkedin.com\/company\/vi\u00f1a-costeira\/","https:\/\/www.youtube.com\/channel\/UCx-kNrCaW0EIlxNK7nBRyfA"]},{"@type":"Person","@id":"https:\/\/costeira.wine\/#\/schema\/person\/be5cac9aab2eadddfb8f6f829e642362","name":"webmaster","image":{"@type":"ImageObject","inLanguage":"en-US","@id":"https:\/\/costeira.wine\/#\/schema\/person\/image\/","url":"https:\/\/secure.gravatar.com\/avatar\/1f23f79ab92315a6553b61d72b11411a?s=96&d=mm&r=g","contentUrl":"https:\/\/secure.gravatar.com\/avatar\/1f23f79ab92315a6553b61d72b11411a?s=96&d=mm&r=g","caption":"webmaster"},"sameAs":["http:\/\/costeira.wine"]}]}},"_links":{"self":[{"href":"https:\/\/costeira.wine\/en\/wp-json\/wp\/v2\/posts\/4133","targetHints":{"allow":["GET"]}}],"collection":[{"href":"https:\/\/costeira.wine\/en\/wp-json\/wp\/v2\/posts"}],"about":[{"href":"https:\/\/costeira.wine\/en\/wp-json\/wp\/v2\/types\/post"}],"author":[{"embeddable":true,"href":"https:\/\/costeira.wine\/en\/wp-json\/wp\/v2\/users\/1"}],"replies":[{"embeddable":true,"href":"https:\/\/costeira.wine\/en\/wp-json\/wp\/v2\/comments?post=4133"}],"version-history":[{"count":0,"href":"https:\/\/costeira.wine\/en\/wp-json\/wp\/v2\/posts\/4133\/revisions"}],"wp:featuredmedia":[{"embeddable":true,"href":"https:\/\/costeira.wine\/en\/wp-json\/"}],"wp:attachment":[{"href":"https:\/\/costeira.wine\/en\/wp-json\/wp\/v2\/media?parent=4133"}],"wp:term":[{"taxonomy":"category","embeddable":true,"href":"https:\/\/costeira.wine\/en\/wp-json\/wp\/v2\/categories?post=4133"},{"taxonomy":"post_tag","embeddable":true,"href":"https:\/\/costeira.wine\/en\/wp-json\/wp\/v2\/tags?post=4133"}],"curies":[{"name":"wp","href":"https:\/\/api.w.org\/{rel}","templated":true}]}}