{"id":5099,"date":"2017-08-29T10:38:10","date_gmt":"2017-08-29T10:38:10","guid":{"rendered":"https:\/\/costeira.es\/?p=5099"},"modified":"2017-08-29T10:38:10","modified_gmt":"2017-08-29T10:38:10","slug":"pazo-tinto-y-coleccion-68-actualizan-su-imagen","status":"publish","type":"post","link":"https:\/\/costeira.wine\/en\/pazo-tinto-y-coleccion-68-actualizan-su-imagen\/","title":{"rendered":"Pazo Ribeiro tinto y Colecci\u00f3n 68 actualizan su imagen"},"content":{"rendered":"<blockquote>\n<p dir=\"ltr\">Al ya presentado restyling de Pazo Ribeiro blanco, le acompa\u00f1ar\u00e1n este mes las nuevas im\u00e1genes de Pazo Ribeiro tinto y Colecci\u00f3n 68.<\/p>\n<\/blockquote>\n<div class=\"uk-column-medium-1-2 uk-margin-large-top\">\n<p dir=\"ltr\">El pasado mes de julio Vi\u00f1a Costeira presentaba la nueva imagen de su emblem\u00e1tico Pazo Ribeiro blanco, un cambio que acompa\u00f1ar\u00e1 a la bodega ante los pr\u00f3ximos retos del futuro y que significaba un hito para la cooperativa de cara a su <strong>50 aniversario en 2018.<\/strong><\/p>\n<p dir=\"ltr\">El siguiente paso no se ha hecho esperar y es ahora el turno del Pazo Ribeiro tinto, que tras su embotellado presentar\u00e1 tambi\u00e9n la <strong>nueva imagen actualizada<\/strong>, unificando de esta manera el dise\u00f1o para los dos tipos de vino de la hist\u00f3rica saga Pazo.<\/p>\n<p dir=\"ltr\">Sin embargo, este no es el \u00faltimo paso de cara a la actualizaci\u00f3n de la imagen de determinados productos que se est\u00e1 llevando a cabo de manera coordinada dentro de Vi\u00f1a Costeira. El reconocido Colecci\u00f3n 68 tambi\u00e9n se suma a este nuevo escenario de actualizaciones presentando cambios en su botella y en su imagen. Tanto el <strong>Treixadura-Albari\u00f1o-Godello<\/strong> como el Treixadura fermentado en barrica se presentar\u00e1n de ahora en adelante en una nueva botella troncoc\u00f3nica y con un dise\u00f1o m\u00e1s estilizado y minimalista.<\/p>\n<p dir=\"ltr\">Estos cambios muestran la convicci\u00f3n de <strong>Vi\u00f1a Costeira<\/strong> por adaptarse a los nuevos tiempos, ofreciendo productos con su tradicional y apreciada calidad en la elaboraci\u00f3n y acompa\u00f1ados de una imagen acorde al nivel de exigencia de nuestros consumidores.<\/p>\n<\/div>\n","protected":false},"excerpt":{"rendered":"<p>Al ya presentado restyling de Pazo Ribeiro blanco, le acompa\u00f1ar\u00e1n este mes las nuevas im\u00e1genes de Pazo Ribeiro tinto y Colecci\u00f3n 68. El pasado mes de julio Vi\u00f1a Costeira presentaba la nueva imagen de su emblem\u00e1tico Pazo Ribeiro blanco, un cambio que acompa\u00f1ar\u00e1 a la bodega ante los pr\u00f3ximos retos del futuro y que significaba [&hellip;]<\/p>\n","protected":false},"author":1,"featured_media":18297,"comment_status":"open","ping_status":"open","sticky":false,"template":"","format":"standard","meta":{"footnotes":""},"categories":[80],"tags":[],"class_list":["post-5099","post","type-post","status-publish","format-standard","has-post-thumbnail","hentry","category-novedad"],"yoast_head":"<!-- This site is optimized with the Yoast SEO plugin v24.8.1 - https:\/\/yoast.com\/wordpress\/plugins\/seo\/ -->\n<title>Pazo Ribeiro tinto y Colecci\u00f3n 68 tiene nueva imagen - Vi\u00f1a Costeira<\/title>\n<meta name=\"description\" content=\"En Vi\u00f1a Costeira estamos de estreno. Te presentamos la nueva imagen de los vinos Pazo Ribeiro tinto y Colecci\u00f3n 68, hecha para los nuevos tiempos. \u00a1Echa un vistazo!\" \/>\n<meta name=\"robots\" content=\"index, follow, max-snippet:-1, max-image-preview:large, max-video-preview:-1\" \/>\n<link rel=\"canonical\" href=\"https:\/\/costeira.wine\/pazo-tinto-y-coleccion-68-actualizan-su-imagen\/\" \/>\n<meta property=\"og:locale\" content=\"en_US\" \/>\n<meta property=\"og:type\" content=\"article\" \/>\n<meta property=\"og:title\" content=\"Pazo Ribeiro tinto y Colecci\u00f3n 68 tiene nueva imagen - Vi\u00f1a Costeira\" \/>\n<meta property=\"og:description\" content=\"En Vi\u00f1a Costeira estamos de estreno. Te presentamos la nueva imagen de los vinos Pazo Ribeiro tinto y Colecci\u00f3n 68, hecha para los nuevos tiempos. \u00a1Echa un vistazo!\" \/>\n<meta property=\"og:url\" content=\"https:\/\/costeira.wine\/pazo-tinto-y-coleccion-68-actualizan-su-imagen\/\" \/>\n<meta property=\"og:site_name\" content=\"Vi\u00f1a costeira\" \/>\n<meta property=\"article:publisher\" content=\"https:\/\/www.facebook.com\/vinacosteira\/\" \/>\n<meta property=\"article:published_time\" content=\"2017-08-29T10:38:10+00:00\" \/>\n<meta property=\"og:image\" content=\"https:\/\/costeira.wine\/wp-content\/uploads\/2021\/07\/costeira_estrellas_000175-low-980x653-1.jpg\" \/>\n\t<meta property=\"og:image:width\" content=\"980\" \/>\n\t<meta property=\"og:image:height\" content=\"653\" \/>\n\t<meta property=\"og:image:type\" content=\"image\/jpeg\" \/>\n<meta name=\"author\" content=\"webmaster\" \/>\n<meta name=\"twitter:card\" content=\"summary_large_image\" \/>\n<meta name=\"twitter:creator\" content=\"@costeira_es\" \/>\n<meta name=\"twitter:site\" content=\"@costeira_es\" \/>\n<meta name=\"twitter:label1\" content=\"Written by\" \/>\n\t<meta name=\"twitter:data1\" content=\"webmaster\" \/>\n\t<meta name=\"twitter:label2\" content=\"Est. reading time\" \/>\n\t<meta name=\"twitter:data2\" content=\"1 minute\" \/>\n<script type=\"application\/ld+json\" class=\"yoast-schema-graph\">{\"@context\":\"https:\/\/schema.org\",\"@graph\":[{\"@type\":\"Article\",\"@id\":\"https:\/\/costeira.wine\/pazo-tinto-y-coleccion-68-actualizan-su-imagen\/#article\",\"isPartOf\":{\"@id\":\"https:\/\/costeira.wine\/pazo-tinto-y-coleccion-68-actualizan-su-imagen\/\"},\"author\":{\"name\":\"webmaster\",\"@id\":\"https:\/\/costeira.wine\/#\/schema\/person\/be5cac9aab2eadddfb8f6f829e642362\"},\"headline\":\"Pazo Ribeiro tinto y Colecci\u00f3n 68 actualizan su imagen\",\"datePublished\":\"2017-08-29T10:38:10+00:00\",\"mainEntityOfPage\":{\"@id\":\"https:\/\/costeira.wine\/pazo-tinto-y-coleccion-68-actualizan-su-imagen\/\"},\"wordCount\":261,\"commentCount\":0,\"publisher\":{\"@id\":\"https:\/\/costeira.wine\/#organization\"},\"image\":{\"@id\":\"https:\/\/costeira.wine\/pazo-tinto-y-coleccion-68-actualizan-su-imagen\/#primaryimage\"},\"thumbnailUrl\":\"\",\"articleSection\":[\"Novedades\"],\"inLanguage\":\"en-US\",\"potentialAction\":[{\"@type\":\"CommentAction\",\"name\":\"Comment\",\"target\":[\"https:\/\/costeira.wine\/pazo-tinto-y-coleccion-68-actualizan-su-imagen\/#respond\"]}]},{\"@type\":\"WebPage\",\"@id\":\"https:\/\/costeira.wine\/pazo-tinto-y-coleccion-68-actualizan-su-imagen\/\",\"url\":\"https:\/\/costeira.wine\/pazo-tinto-y-coleccion-68-actualizan-su-imagen\/\",\"name\":\"Pazo Ribeiro tinto y Colecci\u00f3n 68 tiene nueva imagen - Vi\u00f1a Costeira\",\"isPartOf\":{\"@id\":\"https:\/\/costeira.wine\/#website\"},\"primaryImageOfPage\":{\"@id\":\"https:\/\/costeira.wine\/pazo-tinto-y-coleccion-68-actualizan-su-imagen\/#primaryimage\"},\"image\":{\"@id\":\"https:\/\/costeira.wine\/pazo-tinto-y-coleccion-68-actualizan-su-imagen\/#primaryimage\"},\"thumbnailUrl\":\"\",\"datePublished\":\"2017-08-29T10:38:10+00:00\",\"description\":\"En Vi\u00f1a Costeira estamos de estreno. Te presentamos la nueva imagen de los vinos Pazo Ribeiro tinto y Colecci\u00f3n 68, hecha para los nuevos tiempos. \u00a1Echa un vistazo!\",\"breadcrumb\":{\"@id\":\"https:\/\/costeira.wine\/pazo-tinto-y-coleccion-68-actualizan-su-imagen\/#breadcrumb\"},\"inLanguage\":\"en-US\",\"potentialAction\":[{\"@type\":\"ReadAction\",\"target\":[\"https:\/\/costeira.wine\/pazo-tinto-y-coleccion-68-actualizan-su-imagen\/\"]}]},{\"@type\":\"ImageObject\",\"inLanguage\":\"en-US\",\"@id\":\"https:\/\/costeira.wine\/pazo-tinto-y-coleccion-68-actualizan-su-imagen\/#primaryimage\",\"url\":\"\",\"contentUrl\":\"\"},{\"@type\":\"BreadcrumbList\",\"@id\":\"https:\/\/costeira.wine\/pazo-tinto-y-coleccion-68-actualizan-su-imagen\/#breadcrumb\",\"itemListElement\":[{\"@type\":\"ListItem\",\"position\":1,\"name\":\"Portada\",\"item\":\"https:\/\/costeira.wine\/\"},{\"@type\":\"ListItem\",\"position\":2,\"name\":\"Pazo Ribeiro tinto y Colecci\u00f3n 68 actualizan su imagen\"}]},{\"@type\":\"WebSite\",\"@id\":\"https:\/\/costeira.wine\/#website\",\"url\":\"https:\/\/costeira.wine\/\",\"name\":\"Vi\u00f1a costeira\",\"description\":\"En la bodega Vi\u00f1a Costeira elaboramos vinos de D.O. Ribeiro y Valdeorras. Nuestros productos nos han convertido en la mejor bodega de Espa\u00f1a. \u00a1Con\u00f3cenos!\",\"publisher\":{\"@id\":\"https:\/\/costeira.wine\/#organization\"},\"potentialAction\":[{\"@type\":\"SearchAction\",\"target\":{\"@type\":\"EntryPoint\",\"urlTemplate\":\"https:\/\/costeira.wine\/?s={search_term_string}\"},\"query-input\":{\"@type\":\"PropertyValueSpecification\",\"valueRequired\":true,\"valueName\":\"search_term_string\"}}],\"inLanguage\":\"en-US\"},{\"@type\":\"Organization\",\"@id\":\"https:\/\/costeira.wine\/#organization\",\"name\":\"Vi\u00f1a costeira\",\"url\":\"https:\/\/costeira.wine\/\",\"logo\":{\"@type\":\"ImageObject\",\"inLanguage\":\"en-US\",\"@id\":\"https:\/\/costeira.wine\/#\/schema\/logo\/image\/\",\"url\":\"https:\/\/costeira.wine\/wp-content\/uploads\/2021\/06\/logo_vina_costeira.svg\",\"contentUrl\":\"https:\/\/costeira.wine\/wp-content\/uploads\/2021\/06\/logo_vina_costeira.svg\",\"width\":1024,\"height\":100,\"caption\":\"Vi\u00f1a costeira\"},\"image\":{\"@id\":\"https:\/\/costeira.wine\/#\/schema\/logo\/image\/\"},\"sameAs\":[\"https:\/\/www.facebook.com\/vinacosteira\/\",\"https:\/\/x.com\/costeira_es\",\"https:\/\/www.instagram.com\/costeira.es\/\",\"https:\/\/www.linkedin.com\/company\/vi\u00f1a-costeira\/\",\"https:\/\/www.youtube.com\/channel\/UCx-kNrCaW0EIlxNK7nBRyfA\"]},{\"@type\":\"Person\",\"@id\":\"https:\/\/costeira.wine\/#\/schema\/person\/be5cac9aab2eadddfb8f6f829e642362\",\"name\":\"webmaster\",\"image\":{\"@type\":\"ImageObject\",\"inLanguage\":\"en-US\",\"@id\":\"https:\/\/costeira.wine\/#\/schema\/person\/image\/\",\"url\":\"https:\/\/secure.gravatar.com\/avatar\/1f23f79ab92315a6553b61d72b11411a?s=96&d=mm&r=g\",\"contentUrl\":\"https:\/\/secure.gravatar.com\/avatar\/1f23f79ab92315a6553b61d72b11411a?s=96&d=mm&r=g\",\"caption\":\"webmaster\"},\"sameAs\":[\"http:\/\/costeira.wine\"]}]}<\/script>\n<!-- \/ Yoast SEO plugin. -->","yoast_head_json":{"title":"Pazo Ribeiro tinto y Colecci\u00f3n 68 tiene nueva imagen - Vi\u00f1a Costeira","description":"En Vi\u00f1a Costeira estamos de estreno. Te presentamos la nueva imagen de los vinos Pazo Ribeiro tinto y Colecci\u00f3n 68, hecha para los nuevos tiempos. \u00a1Echa un vistazo!","robots":{"index":"index","follow":"follow","max-snippet":"max-snippet:-1","max-image-preview":"max-image-preview:large","max-video-preview":"max-video-preview:-1"},"canonical":"https:\/\/costeira.wine\/pazo-tinto-y-coleccion-68-actualizan-su-imagen\/","og_locale":"en_US","og_type":"article","og_title":"Pazo Ribeiro tinto y Colecci\u00f3n 68 tiene nueva imagen - Vi\u00f1a Costeira","og_description":"En Vi\u00f1a Costeira estamos de estreno. Te presentamos la nueva imagen de los vinos Pazo Ribeiro tinto y Colecci\u00f3n 68, hecha para los nuevos tiempos. \u00a1Echa un vistazo!","og_url":"https:\/\/costeira.wine\/pazo-tinto-y-coleccion-68-actualizan-su-imagen\/","og_site_name":"Vi\u00f1a costeira","article_publisher":"https:\/\/www.facebook.com\/vinacosteira\/","article_published_time":"2017-08-29T10:38:10+00:00","og_image":[{"width":980,"height":653,"url":"https:\/\/costeira.wine\/wp-content\/uploads\/2021\/07\/costeira_estrellas_000175-low-980x653-1.jpg","type":"image\/jpeg"}],"author":"webmaster","twitter_card":"summary_large_image","twitter_creator":"@costeira_es","twitter_site":"@costeira_es","twitter_misc":{"Written by":"webmaster","Est. reading time":"1 minute"},"schema":{"@context":"https:\/\/schema.org","@graph":[{"@type":"Article","@id":"https:\/\/costeira.wine\/pazo-tinto-y-coleccion-68-actualizan-su-imagen\/#article","isPartOf":{"@id":"https:\/\/costeira.wine\/pazo-tinto-y-coleccion-68-actualizan-su-imagen\/"},"author":{"name":"webmaster","@id":"https:\/\/costeira.wine\/#\/schema\/person\/be5cac9aab2eadddfb8f6f829e642362"},"headline":"Pazo Ribeiro tinto y Colecci\u00f3n 68 actualizan su imagen","datePublished":"2017-08-29T10:38:10+00:00","mainEntityOfPage":{"@id":"https:\/\/costeira.wine\/pazo-tinto-y-coleccion-68-actualizan-su-imagen\/"},"wordCount":261,"commentCount":0,"publisher":{"@id":"https:\/\/costeira.wine\/#organization"},"image":{"@id":"https:\/\/costeira.wine\/pazo-tinto-y-coleccion-68-actualizan-su-imagen\/#primaryimage"},"thumbnailUrl":"","articleSection":["Novedades"],"inLanguage":"en-US","potentialAction":[{"@type":"CommentAction","name":"Comment","target":["https:\/\/costeira.wine\/pazo-tinto-y-coleccion-68-actualizan-su-imagen\/#respond"]}]},{"@type":"WebPage","@id":"https:\/\/costeira.wine\/pazo-tinto-y-coleccion-68-actualizan-su-imagen\/","url":"https:\/\/costeira.wine\/pazo-tinto-y-coleccion-68-actualizan-su-imagen\/","name":"Pazo Ribeiro tinto y Colecci\u00f3n 68 tiene nueva imagen - Vi\u00f1a Costeira","isPartOf":{"@id":"https:\/\/costeira.wine\/#website"},"primaryImageOfPage":{"@id":"https:\/\/costeira.wine\/pazo-tinto-y-coleccion-68-actualizan-su-imagen\/#primaryimage"},"image":{"@id":"https:\/\/costeira.wine\/pazo-tinto-y-coleccion-68-actualizan-su-imagen\/#primaryimage"},"thumbnailUrl":"","datePublished":"2017-08-29T10:38:10+00:00","description":"En Vi\u00f1a Costeira estamos de estreno. Te presentamos la nueva imagen de los vinos Pazo Ribeiro tinto y Colecci\u00f3n 68, hecha para los nuevos tiempos. \u00a1Echa un vistazo!","breadcrumb":{"@id":"https:\/\/costeira.wine\/pazo-tinto-y-coleccion-68-actualizan-su-imagen\/#breadcrumb"},"inLanguage":"en-US","potentialAction":[{"@type":"ReadAction","target":["https:\/\/costeira.wine\/pazo-tinto-y-coleccion-68-actualizan-su-imagen\/"]}]},{"@type":"ImageObject","inLanguage":"en-US","@id":"https:\/\/costeira.wine\/pazo-tinto-y-coleccion-68-actualizan-su-imagen\/#primaryimage","url":"","contentUrl":""},{"@type":"BreadcrumbList","@id":"https:\/\/costeira.wine\/pazo-tinto-y-coleccion-68-actualizan-su-imagen\/#breadcrumb","itemListElement":[{"@type":"ListItem","position":1,"name":"Portada","item":"https:\/\/costeira.wine\/"},{"@type":"ListItem","position":2,"name":"Pazo Ribeiro tinto y Colecci\u00f3n 68 actualizan su imagen"}]},{"@type":"WebSite","@id":"https:\/\/costeira.wine\/#website","url":"https:\/\/costeira.wine\/","name":"Vi\u00f1a costeira","description":"En la bodega Vi\u00f1a Costeira elaboramos vinos de D.O. Ribeiro y Valdeorras. Nuestros productos nos han convertido en la mejor bodega de Espa\u00f1a. \u00a1Con\u00f3cenos!","publisher":{"@id":"https:\/\/costeira.wine\/#organization"},"potentialAction":[{"@type":"SearchAction","target":{"@type":"EntryPoint","urlTemplate":"https:\/\/costeira.wine\/?s={search_term_string}"},"query-input":{"@type":"PropertyValueSpecification","valueRequired":true,"valueName":"search_term_string"}}],"inLanguage":"en-US"},{"@type":"Organization","@id":"https:\/\/costeira.wine\/#organization","name":"Vi\u00f1a costeira","url":"https:\/\/costeira.wine\/","logo":{"@type":"ImageObject","inLanguage":"en-US","@id":"https:\/\/costeira.wine\/#\/schema\/logo\/image\/","url":"https:\/\/costeira.wine\/wp-content\/uploads\/2021\/06\/logo_vina_costeira.svg","contentUrl":"https:\/\/costeira.wine\/wp-content\/uploads\/2021\/06\/logo_vina_costeira.svg","width":1024,"height":100,"caption":"Vi\u00f1a costeira"},"image":{"@id":"https:\/\/costeira.wine\/#\/schema\/logo\/image\/"},"sameAs":["https:\/\/www.facebook.com\/vinacosteira\/","https:\/\/x.com\/costeira_es","https:\/\/www.instagram.com\/costeira.es\/","https:\/\/www.linkedin.com\/company\/vi\u00f1a-costeira\/","https:\/\/www.youtube.com\/channel\/UCx-kNrCaW0EIlxNK7nBRyfA"]},{"@type":"Person","@id":"https:\/\/costeira.wine\/#\/schema\/person\/be5cac9aab2eadddfb8f6f829e642362","name":"webmaster","image":{"@type":"ImageObject","inLanguage":"en-US","@id":"https:\/\/costeira.wine\/#\/schema\/person\/image\/","url":"https:\/\/secure.gravatar.com\/avatar\/1f23f79ab92315a6553b61d72b11411a?s=96&d=mm&r=g","contentUrl":"https:\/\/secure.gravatar.com\/avatar\/1f23f79ab92315a6553b61d72b11411a?s=96&d=mm&r=g","caption":"webmaster"},"sameAs":["http:\/\/costeira.wine"]}]}},"_links":{"self":[{"href":"https:\/\/costeira.wine\/en\/wp-json\/wp\/v2\/posts\/5099","targetHints":{"allow":["GET"]}}],"collection":[{"href":"https:\/\/costeira.wine\/en\/wp-json\/wp\/v2\/posts"}],"about":[{"href":"https:\/\/costeira.wine\/en\/wp-json\/wp\/v2\/types\/post"}],"author":[{"embeddable":true,"href":"https:\/\/costeira.wine\/en\/wp-json\/wp\/v2\/users\/1"}],"replies":[{"embeddable":true,"href":"https:\/\/costeira.wine\/en\/wp-json\/wp\/v2\/comments?post=5099"}],"version-history":[{"count":0,"href":"https:\/\/costeira.wine\/en\/wp-json\/wp\/v2\/posts\/5099\/revisions"}],"wp:featuredmedia":[{"embeddable":true,"href":"https:\/\/costeira.wine\/en\/wp-json\/"}],"wp:attachment":[{"href":"https:\/\/costeira.wine\/en\/wp-json\/wp\/v2\/media?parent=5099"}],"wp:term":[{"taxonomy":"category","embeddable":true,"href":"https:\/\/costeira.wine\/en\/wp-json\/wp\/v2\/categories?post=5099"},{"taxonomy":"post_tag","embeddable":true,"href":"https:\/\/costeira.wine\/en\/wp-json\/wp\/v2\/tags?post=5099"}],"curies":[{"name":"wp","href":"https:\/\/api.w.org\/{rel}","templated":true}]}}