{"id":5757,"date":"2018-07-12T11:18:57","date_gmt":"2018-07-12T09:18:57","guid":{"rendered":"https:\/\/costeira.es\/?p=5757"},"modified":"2018-07-12T11:18:57","modified_gmt":"2018-07-12T09:18:57","slug":"premio-mejor-trayectoria-cooperativismo","status":"publish","type":"post","link":"https:\/\/costeira.wine\/en\/premio-mejor-trayectoria-cooperativismo\/","title":{"rendered":"Premio a la Mejor Trayectoria para Vi\u00f1a Costeira en el D\u00eda del Cooperativismo 2018"},"content":{"rendered":"<p>A inicios del mes de julio asistimos en Porri\u00f1o al D\u00eda del Cooperativismo Gallego 2018. All\u00ed, recibimos el Premio a la Mejor Trayectoria, en un a\u00f1o absolutamente redondo para la Cooperativa en todos los sentidos.<\/p>\n<p>Con el lema \u201cSociedades sostenibles a trav\u00e9s de la cooperaci\u00f3n\u201d, el D\u00eda del Cooperativismo trata de avanzar al respecto de los objetivos de desarrollo sostenible fijados por la ONU para 2030. Uno de ellos es garantizar la modalidad de consumo y producci\u00f3n sostenibles, cualidad reconocida en la gala celebrada el 7 de julio y a la que asisti\u00f3 Concha Iglesias, vicepresidenta de la Cooperativa, acompa\u00f1ada por algunos miembros de la Junta rectora de Vi\u00f1a Costeira.<\/p>\n<p>En el mismo acto, la cooperativa de suministros Aira recibi\u00f3 el premio a los valores cooperativos, el CPIF As Mercedes de Lugo y el CPIF Someso de A Coru\u00f1a los premios al Certame Cooperativismo no Ensino y la iniciativa Bico de Grao el premio a Mejor Proyecto Cooperativo nuevo.<\/p>\n<p>El reconocimiento incluy\u00f3 figuras representativas de Sargadelos, discursos vinculados al crecimiento de Galicia basado en la sostenibilidad y la asistencia de autoridades como Alberto N\u00fa\u00f1ez Feij\u00f3o, presidente de la Xunta de Galicia.<\/p>\n<p>Adem\u00e1s, la Xunta de Galicia elabor\u00f3 este <strong><a href=\"https:\/\/www.youtube.com\/watch?v=yH2n-26OUKc&amp;feature=youtu.be\">v\u00eddeo<\/a><\/strong> resumen dedicado a la Cooperativa Vi\u00f1a Costeira. Much\u00edsimas gracias a todos, seguimos sumando y creciendo juntos en este maravilloso a\u00f1o 2018 en el que cumplimos 50 a\u00f1os y nos han reconocido como la <strong><a href=\"https:\/\/costeira.es\/novedad\/seleccionados-como-mejor-bodega-de-espana\/\">Mejor Bodega de Espa\u00f1a<\/a><\/strong> en los Premios Verema.<\/p>\n","protected":false},"excerpt":{"rendered":"<p>A inicios del mes de julio asistimos en Porri\u00f1o al D\u00eda del Cooperativismo Gallego 2018. All\u00ed, recibimos el Premio a la Mejor Trayectoria, en un a\u00f1o absolutamente redondo para la Cooperativa en todos los sentidos. Con el lema \u201cSociedades sostenibles a trav\u00e9s de la cooperaci\u00f3n\u201d, el D\u00eda del Cooperativismo trata de avanzar al respecto de [&hellip;]<\/p>\n","protected":false},"author":1,"featured_media":17472,"comment_status":"open","ping_status":"open","sticky":false,"template":"","format":"standard","meta":{"footnotes":""},"categories":[80],"tags":[],"class_list":["post-5757","post","type-post","status-publish","format-standard","has-post-thumbnail","hentry","category-novedad"],"yoast_head":"<!-- This site is optimized with the Yoast SEO plugin v24.8.1 - https:\/\/yoast.com\/wordpress\/plugins\/seo\/ -->\n<title>Premio a la Mejor Trayectoria para Vi\u00f1a Costeira en el D\u00eda del Cooperativismo 2018 - Vi\u00f1a costeira<\/title>\n<meta name=\"description\" content=\"A inicios del mes de julio asistimos en Porri\u00f1o al D\u00eda del Cooperativismo Gallego 2018. All\u00ed, recibimos el Premio a la Mejor Trayectoria.\" \/>\n<meta name=\"robots\" content=\"index, follow, max-snippet:-1, max-image-preview:large, max-video-preview:-1\" \/>\n<link rel=\"canonical\" href=\"https:\/\/costeira.wine\/premio-mejor-trayectoria-cooperativismo\/\" \/>\n<meta property=\"og:locale\" content=\"en_US\" \/>\n<meta property=\"og:type\" content=\"article\" \/>\n<meta property=\"og:title\" content=\"Premio a la Mejor Trayectoria para Vi\u00f1a Costeira en el D\u00eda del Cooperativismo 2018 - Vi\u00f1a costeira\" \/>\n<meta property=\"og:description\" content=\"A inicios del mes de julio asistimos en Porri\u00f1o al D\u00eda del Cooperativismo Gallego 2018. All\u00ed, recibimos el Premio a la Mejor Trayectoria.\" \/>\n<meta property=\"og:url\" content=\"https:\/\/costeira.wine\/premio-mejor-trayectoria-cooperativismo\/\" \/>\n<meta property=\"og:site_name\" content=\"Vi\u00f1a costeira\" \/>\n<meta property=\"article:publisher\" content=\"https:\/\/www.facebook.com\/vinacosteira\/\" \/>\n<meta property=\"article:published_time\" content=\"2018-07-12T09:18:57+00:00\" \/>\n<meta property=\"og:image\" content=\"https:\/\/costeira.wine\/wp-content\/uploads\/2021\/07\/costeira_estrellas_000175-low-980x653-1.jpg\" \/>\n\t<meta property=\"og:image:width\" content=\"980\" \/>\n\t<meta property=\"og:image:height\" content=\"653\" \/>\n\t<meta property=\"og:image:type\" content=\"image\/jpeg\" \/>\n<meta name=\"author\" content=\"webmaster\" \/>\n<meta name=\"twitter:card\" content=\"summary_large_image\" \/>\n<meta name=\"twitter:creator\" content=\"@costeira_es\" \/>\n<meta name=\"twitter:site\" content=\"@costeira_es\" \/>\n<meta name=\"twitter:label1\" content=\"Written by\" \/>\n\t<meta name=\"twitter:data1\" content=\"webmaster\" \/>\n\t<meta name=\"twitter:label2\" content=\"Est. reading time\" \/>\n\t<meta name=\"twitter:data2\" content=\"1 minute\" \/>\n<script type=\"application\/ld+json\" class=\"yoast-schema-graph\">{\"@context\":\"https:\/\/schema.org\",\"@graph\":[{\"@type\":\"Article\",\"@id\":\"https:\/\/costeira.wine\/premio-mejor-trayectoria-cooperativismo\/#article\",\"isPartOf\":{\"@id\":\"https:\/\/costeira.wine\/premio-mejor-trayectoria-cooperativismo\/\"},\"author\":{\"name\":\"webmaster\",\"@id\":\"https:\/\/costeira.wine\/#\/schema\/person\/be5cac9aab2eadddfb8f6f829e642362\"},\"headline\":\"Premio a la Mejor Trayectoria para Vi\u00f1a Costeira en el D\u00eda del Cooperativismo 2018\",\"datePublished\":\"2018-07-12T09:18:57+00:00\",\"mainEntityOfPage\":{\"@id\":\"https:\/\/costeira.wine\/premio-mejor-trayectoria-cooperativismo\/\"},\"wordCount\":269,\"commentCount\":0,\"publisher\":{\"@id\":\"https:\/\/costeira.wine\/#organization\"},\"image\":{\"@id\":\"https:\/\/costeira.wine\/premio-mejor-trayectoria-cooperativismo\/#primaryimage\"},\"thumbnailUrl\":\"\",\"articleSection\":[\"Novedades\"],\"inLanguage\":\"en-US\",\"potentialAction\":[{\"@type\":\"CommentAction\",\"name\":\"Comment\",\"target\":[\"https:\/\/costeira.wine\/premio-mejor-trayectoria-cooperativismo\/#respond\"]}]},{\"@type\":\"WebPage\",\"@id\":\"https:\/\/costeira.wine\/premio-mejor-trayectoria-cooperativismo\/\",\"url\":\"https:\/\/costeira.wine\/premio-mejor-trayectoria-cooperativismo\/\",\"name\":\"Premio a la Mejor Trayectoria para Vi\u00f1a Costeira en el D\u00eda del Cooperativismo 2018 - Vi\u00f1a costeira\",\"isPartOf\":{\"@id\":\"https:\/\/costeira.wine\/#website\"},\"primaryImageOfPage\":{\"@id\":\"https:\/\/costeira.wine\/premio-mejor-trayectoria-cooperativismo\/#primaryimage\"},\"image\":{\"@id\":\"https:\/\/costeira.wine\/premio-mejor-trayectoria-cooperativismo\/#primaryimage\"},\"thumbnailUrl\":\"\",\"datePublished\":\"2018-07-12T09:18:57+00:00\",\"description\":\"A inicios del mes de julio asistimos en Porri\u00f1o al D\u00eda del Cooperativismo Gallego 2018. All\u00ed, recibimos el Premio a la Mejor Trayectoria.\",\"breadcrumb\":{\"@id\":\"https:\/\/costeira.wine\/premio-mejor-trayectoria-cooperativismo\/#breadcrumb\"},\"inLanguage\":\"en-US\",\"potentialAction\":[{\"@type\":\"ReadAction\",\"target\":[\"https:\/\/costeira.wine\/premio-mejor-trayectoria-cooperativismo\/\"]}]},{\"@type\":\"ImageObject\",\"inLanguage\":\"en-US\",\"@id\":\"https:\/\/costeira.wine\/premio-mejor-trayectoria-cooperativismo\/#primaryimage\",\"url\":\"\",\"contentUrl\":\"\"},{\"@type\":\"BreadcrumbList\",\"@id\":\"https:\/\/costeira.wine\/premio-mejor-trayectoria-cooperativismo\/#breadcrumb\",\"itemListElement\":[{\"@type\":\"ListItem\",\"position\":1,\"name\":\"Portada\",\"item\":\"https:\/\/costeira.wine\/\"},{\"@type\":\"ListItem\",\"position\":2,\"name\":\"Premio a la Mejor Trayectoria para Vi\u00f1a Costeira en el D\u00eda del Cooperativismo 2018\"}]},{\"@type\":\"WebSite\",\"@id\":\"https:\/\/costeira.wine\/#website\",\"url\":\"https:\/\/costeira.wine\/\",\"name\":\"Vi\u00f1a costeira\",\"description\":\"En la bodega Vi\u00f1a Costeira elaboramos vinos de D.O. Ribeiro y Valdeorras. Nuestros productos nos han convertido en la mejor bodega de Espa\u00f1a. \u00a1Con\u00f3cenos!\",\"publisher\":{\"@id\":\"https:\/\/costeira.wine\/#organization\"},\"potentialAction\":[{\"@type\":\"SearchAction\",\"target\":{\"@type\":\"EntryPoint\",\"urlTemplate\":\"https:\/\/costeira.wine\/?s={search_term_string}\"},\"query-input\":{\"@type\":\"PropertyValueSpecification\",\"valueRequired\":true,\"valueName\":\"search_term_string\"}}],\"inLanguage\":\"en-US\"},{\"@type\":\"Organization\",\"@id\":\"https:\/\/costeira.wine\/#organization\",\"name\":\"Vi\u00f1a costeira\",\"url\":\"https:\/\/costeira.wine\/\",\"logo\":{\"@type\":\"ImageObject\",\"inLanguage\":\"en-US\",\"@id\":\"https:\/\/costeira.wine\/#\/schema\/logo\/image\/\",\"url\":\"https:\/\/costeira.wine\/wp-content\/uploads\/2021\/06\/logo_vina_costeira.svg\",\"contentUrl\":\"https:\/\/costeira.wine\/wp-content\/uploads\/2021\/06\/logo_vina_costeira.svg\",\"width\":1024,\"height\":100,\"caption\":\"Vi\u00f1a costeira\"},\"image\":{\"@id\":\"https:\/\/costeira.wine\/#\/schema\/logo\/image\/\"},\"sameAs\":[\"https:\/\/www.facebook.com\/vinacosteira\/\",\"https:\/\/x.com\/costeira_es\",\"https:\/\/www.instagram.com\/costeira.es\/\",\"https:\/\/www.linkedin.com\/company\/vi\u00f1a-costeira\/\",\"https:\/\/www.youtube.com\/channel\/UCx-kNrCaW0EIlxNK7nBRyfA\"]},{\"@type\":\"Person\",\"@id\":\"https:\/\/costeira.wine\/#\/schema\/person\/be5cac9aab2eadddfb8f6f829e642362\",\"name\":\"webmaster\",\"image\":{\"@type\":\"ImageObject\",\"inLanguage\":\"en-US\",\"@id\":\"https:\/\/costeira.wine\/#\/schema\/person\/image\/\",\"url\":\"https:\/\/secure.gravatar.com\/avatar\/1f23f79ab92315a6553b61d72b11411a?s=96&d=mm&r=g\",\"contentUrl\":\"https:\/\/secure.gravatar.com\/avatar\/1f23f79ab92315a6553b61d72b11411a?s=96&d=mm&r=g\",\"caption\":\"webmaster\"},\"sameAs\":[\"http:\/\/costeira.wine\"]}]}<\/script>\n<!-- \/ Yoast SEO plugin. -->","yoast_head_json":{"title":"Premio a la Mejor Trayectoria para Vi\u00f1a Costeira en el D\u00eda del Cooperativismo 2018 - Vi\u00f1a costeira","description":"A inicios del mes de julio asistimos en Porri\u00f1o al D\u00eda del Cooperativismo Gallego 2018. All\u00ed, recibimos el Premio a la Mejor Trayectoria.","robots":{"index":"index","follow":"follow","max-snippet":"max-snippet:-1","max-image-preview":"max-image-preview:large","max-video-preview":"max-video-preview:-1"},"canonical":"https:\/\/costeira.wine\/premio-mejor-trayectoria-cooperativismo\/","og_locale":"en_US","og_type":"article","og_title":"Premio a la Mejor Trayectoria para Vi\u00f1a Costeira en el D\u00eda del Cooperativismo 2018 - Vi\u00f1a costeira","og_description":"A inicios del mes de julio asistimos en Porri\u00f1o al D\u00eda del Cooperativismo Gallego 2018. All\u00ed, recibimos el Premio a la Mejor Trayectoria.","og_url":"https:\/\/costeira.wine\/premio-mejor-trayectoria-cooperativismo\/","og_site_name":"Vi\u00f1a costeira","article_publisher":"https:\/\/www.facebook.com\/vinacosteira\/","article_published_time":"2018-07-12T09:18:57+00:00","og_image":[{"width":980,"height":653,"url":"https:\/\/costeira.wine\/wp-content\/uploads\/2021\/07\/costeira_estrellas_000175-low-980x653-1.jpg","type":"image\/jpeg"}],"author":"webmaster","twitter_card":"summary_large_image","twitter_creator":"@costeira_es","twitter_site":"@costeira_es","twitter_misc":{"Written by":"webmaster","Est. reading time":"1 minute"},"schema":{"@context":"https:\/\/schema.org","@graph":[{"@type":"Article","@id":"https:\/\/costeira.wine\/premio-mejor-trayectoria-cooperativismo\/#article","isPartOf":{"@id":"https:\/\/costeira.wine\/premio-mejor-trayectoria-cooperativismo\/"},"author":{"name":"webmaster","@id":"https:\/\/costeira.wine\/#\/schema\/person\/be5cac9aab2eadddfb8f6f829e642362"},"headline":"Premio a la Mejor Trayectoria para Vi\u00f1a Costeira en el D\u00eda del Cooperativismo 2018","datePublished":"2018-07-12T09:18:57+00:00","mainEntityOfPage":{"@id":"https:\/\/costeira.wine\/premio-mejor-trayectoria-cooperativismo\/"},"wordCount":269,"commentCount":0,"publisher":{"@id":"https:\/\/costeira.wine\/#organization"},"image":{"@id":"https:\/\/costeira.wine\/premio-mejor-trayectoria-cooperativismo\/#primaryimage"},"thumbnailUrl":"","articleSection":["Novedades"],"inLanguage":"en-US","potentialAction":[{"@type":"CommentAction","name":"Comment","target":["https:\/\/costeira.wine\/premio-mejor-trayectoria-cooperativismo\/#respond"]}]},{"@type":"WebPage","@id":"https:\/\/costeira.wine\/premio-mejor-trayectoria-cooperativismo\/","url":"https:\/\/costeira.wine\/premio-mejor-trayectoria-cooperativismo\/","name":"Premio a la Mejor Trayectoria para Vi\u00f1a Costeira en el D\u00eda del Cooperativismo 2018 - Vi\u00f1a costeira","isPartOf":{"@id":"https:\/\/costeira.wine\/#website"},"primaryImageOfPage":{"@id":"https:\/\/costeira.wine\/premio-mejor-trayectoria-cooperativismo\/#primaryimage"},"image":{"@id":"https:\/\/costeira.wine\/premio-mejor-trayectoria-cooperativismo\/#primaryimage"},"thumbnailUrl":"","datePublished":"2018-07-12T09:18:57+00:00","description":"A inicios del mes de julio asistimos en Porri\u00f1o al D\u00eda del Cooperativismo Gallego 2018. All\u00ed, recibimos el Premio a la Mejor Trayectoria.","breadcrumb":{"@id":"https:\/\/costeira.wine\/premio-mejor-trayectoria-cooperativismo\/#breadcrumb"},"inLanguage":"en-US","potentialAction":[{"@type":"ReadAction","target":["https:\/\/costeira.wine\/premio-mejor-trayectoria-cooperativismo\/"]}]},{"@type":"ImageObject","inLanguage":"en-US","@id":"https:\/\/costeira.wine\/premio-mejor-trayectoria-cooperativismo\/#primaryimage","url":"","contentUrl":""},{"@type":"BreadcrumbList","@id":"https:\/\/costeira.wine\/premio-mejor-trayectoria-cooperativismo\/#breadcrumb","itemListElement":[{"@type":"ListItem","position":1,"name":"Portada","item":"https:\/\/costeira.wine\/"},{"@type":"ListItem","position":2,"name":"Premio a la Mejor Trayectoria para Vi\u00f1a Costeira en el D\u00eda del Cooperativismo 2018"}]},{"@type":"WebSite","@id":"https:\/\/costeira.wine\/#website","url":"https:\/\/costeira.wine\/","name":"Vi\u00f1a costeira","description":"En la bodega Vi\u00f1a Costeira elaboramos vinos de D.O. Ribeiro y Valdeorras. Nuestros productos nos han convertido en la mejor bodega de Espa\u00f1a. \u00a1Con\u00f3cenos!","publisher":{"@id":"https:\/\/costeira.wine\/#organization"},"potentialAction":[{"@type":"SearchAction","target":{"@type":"EntryPoint","urlTemplate":"https:\/\/costeira.wine\/?s={search_term_string}"},"query-input":{"@type":"PropertyValueSpecification","valueRequired":true,"valueName":"search_term_string"}}],"inLanguage":"en-US"},{"@type":"Organization","@id":"https:\/\/costeira.wine\/#organization","name":"Vi\u00f1a costeira","url":"https:\/\/costeira.wine\/","logo":{"@type":"ImageObject","inLanguage":"en-US","@id":"https:\/\/costeira.wine\/#\/schema\/logo\/image\/","url":"https:\/\/costeira.wine\/wp-content\/uploads\/2021\/06\/logo_vina_costeira.svg","contentUrl":"https:\/\/costeira.wine\/wp-content\/uploads\/2021\/06\/logo_vina_costeira.svg","width":1024,"height":100,"caption":"Vi\u00f1a costeira"},"image":{"@id":"https:\/\/costeira.wine\/#\/schema\/logo\/image\/"},"sameAs":["https:\/\/www.facebook.com\/vinacosteira\/","https:\/\/x.com\/costeira_es","https:\/\/www.instagram.com\/costeira.es\/","https:\/\/www.linkedin.com\/company\/vi\u00f1a-costeira\/","https:\/\/www.youtube.com\/channel\/UCx-kNrCaW0EIlxNK7nBRyfA"]},{"@type":"Person","@id":"https:\/\/costeira.wine\/#\/schema\/person\/be5cac9aab2eadddfb8f6f829e642362","name":"webmaster","image":{"@type":"ImageObject","inLanguage":"en-US","@id":"https:\/\/costeira.wine\/#\/schema\/person\/image\/","url":"https:\/\/secure.gravatar.com\/avatar\/1f23f79ab92315a6553b61d72b11411a?s=96&d=mm&r=g","contentUrl":"https:\/\/secure.gravatar.com\/avatar\/1f23f79ab92315a6553b61d72b11411a?s=96&d=mm&r=g","caption":"webmaster"},"sameAs":["http:\/\/costeira.wine"]}]}},"_links":{"self":[{"href":"https:\/\/costeira.wine\/en\/wp-json\/wp\/v2\/posts\/5757","targetHints":{"allow":["GET"]}}],"collection":[{"href":"https:\/\/costeira.wine\/en\/wp-json\/wp\/v2\/posts"}],"about":[{"href":"https:\/\/costeira.wine\/en\/wp-json\/wp\/v2\/types\/post"}],"author":[{"embeddable":true,"href":"https:\/\/costeira.wine\/en\/wp-json\/wp\/v2\/users\/1"}],"replies":[{"embeddable":true,"href":"https:\/\/costeira.wine\/en\/wp-json\/wp\/v2\/comments?post=5757"}],"version-history":[{"count":0,"href":"https:\/\/costeira.wine\/en\/wp-json\/wp\/v2\/posts\/5757\/revisions"}],"wp:featuredmedia":[{"embeddable":true,"href":"https:\/\/costeira.wine\/en\/wp-json\/"}],"wp:attachment":[{"href":"https:\/\/costeira.wine\/en\/wp-json\/wp\/v2\/media?parent=5757"}],"wp:term":[{"taxonomy":"category","embeddable":true,"href":"https:\/\/costeira.wine\/en\/wp-json\/wp\/v2\/categories?post=5757"},{"taxonomy":"post_tag","embeddable":true,"href":"https:\/\/costeira.wine\/en\/wp-json\/wp\/v2\/tags?post=5757"}],"curies":[{"name":"wp","href":"https:\/\/api.w.org\/{rel}","templated":true}]}}