{"id":6149,"date":"2018-07-30T14:34:46","date_gmt":"2018-07-30T12:34:46","guid":{"rendered":"https:\/\/costeira.es\/?p=6149"},"modified":"2018-07-30T14:34:46","modified_gmt":"2018-07-30T12:34:46","slug":"perseidas-previa","status":"publish","type":"post","link":"https:\/\/costeira.wine\/en\/perseidas-previa\/","title":{"rendered":"Celebra con Vi\u00f1a Costeira la Noche de las Perseidas el 9 de agosto"},"content":{"rendered":"<p><span style=\"font-weight: 400;\">Cada agosto se celebra la Noche de las Perseidas, tambi\u00e9n conocida como L\u00e1grimas de San Lorenzo. Las Perseidas son los restos dejados tras de s\u00ed por el cometa 109P\/Swift-Tuttle, provocando una lluvia de estrellas m\u00e1gica. <\/span><\/p>\n<p><span style=\"font-weight: 400;\">Para disfrutar de esta noche inolvidable, en Vi\u00f1a Costeira celebramos la segunda edici\u00f3n de la \u201cNoche de las Perseidas\u201d el <\/span><b>9 de agosto a las 20h<\/b><span style=\"font-weight: 400;\"> en nuestra Bodega y vi\u00f1edos. El evento contar\u00e1 con: &nbsp;<\/span><\/p>\n<ul>\n<li style=\"font-weight: 400;\"><b>Visita guiada por la bodega <\/b><span style=\"font-weight: 400;\">en la que conocer y profundizar en la elaboraci\u00f3n de los vinos Vi\u00f1a Costeira y experimentar su sabor \u00fanico. <\/span><\/li>\n<li style=\"font-weight: 400;\"><b>Cena en el vi\u00f1edo de San Cibrao<\/b><span style=\"font-weight: 400;\"> a la luz de la luna para disfrutar de la gastronom\u00eda gallega y los vinos de la <\/span><span style=\"color: #0000ff;\"><a style=\"color: #0000ff;\" href=\"https:\/\/costeira.es\/novedad\/seleccionados-como-mejor-bodega-de-espana\/\"><span style=\"font-weight: 400;\">Mejor Bodega de Espa\u00f1a<\/span><\/a><span style=\"font-weight: 400;\">. <\/span><\/span><\/li>\n<li style=\"font-weight: 400;\"><b>M\u00fasica en directo<\/b><span style=\"font-weight: 400;\"> como banda sonora de esta experiencia exclusiva. <\/span><\/li>\n<li style=\"font-weight: 400;\"><b>Observaci\u00f3n de las estrellas fugaces guiada por un grupo de astr\u00f3nomos<\/b><span style=\"font-weight: 400;\"> experto para no perder detalle y vivir este acontecimiento \u00fanico. <\/span><\/li>\n<\/ul>\n<p><b>CU\u00c1NDO<\/b><\/p>\n<p><span style=\"font-weight: 400;\">Jueves 9 de agosto<\/span><\/p>\n<p><span style=\"font-weight: 400;\">20:00h <\/span><\/p>\n<p><b>D\u00d3NDE<\/b><\/p>\n<p><span style=\"font-weight: 400;\">Bodegas Vi\u00f1a Costeira <\/span><\/p>\n<p><span style=\"font-weight: 400;\">Ribadavia<\/span><\/p>\n<p><span style=\"font-weight: 400;\">32415 Val de Pereira, Ourense<\/span><\/p>\n<p><span style=\"color: #0000ff;\"><a style=\"color: #0000ff;\" href=\"https:\/\/www.google.es\/maps\/place\/Vi%C3%B1a+Costeira+Bodega\/@42.305462,-8.119258,15z\/data=!4m2!3m1!1s0x0:0x93ae21b20f16ee10?sa=X&amp;ved=0ahUKEwjDyZf207zcAhUhyYUKHf4JBgIQ_BIInwEwEghttps:\/\/www.google.es\/maps\/place\/Vi%C3%B1a+Costeira+Bodega\/@42.305462,-8.119258,15z\/data=!4m2!3m1!1s0x0:0x93ae21b20f16ee10?sa=X&amp;ved=0ahUKEwjDyZf207zcAhUhyYUKHf4JBgIQ_BIInwEwEg\"><span style=\"font-weight: 400;\">Ver en Google Maps c\u00f3mo llegar<\/span><\/a><\/span><\/p>\n<p><span style=\"color: #0000ff;\"><a style=\"color: #0000ff;\" href=\"https:\/\/bit.ly\/2LR6Rfh\"><span style=\"font-weight: 400;\">(Entradas agotadas)<strong> [PARTICIPA EN EL SORTEO DE INSTAGRAM]<\/strong><\/span><\/a><\/span><\/p>\n<p><span style=\"font-weight: 400;\">La \u201cNoche de las Perseidas\u201d se ha convertido en un referente del ocio y del enoturismo en Galicia durante el mes de agosto. Una noche inolvidable en la que admirar y disfrutar de las perseidas con aforo limitado.&nbsp;<\/span><\/p>\n<p><span style=\"font-weight: 400;\">Ven y\u2026 \u00a1pide tu deseo! <\/span><\/p>\n<p><img fetchpriority=\"high\" decoding=\"async\" class=\" wp-image-6156 aligncenter\" src=\"https:\/\/costeira.es\/wp-content\/uploads\/2018\/07\/perseidas-opt-1024x683.jpg\" alt=\"perseidas\" width=\"800\" height=\"516\"><\/p>\n","protected":false},"excerpt":{"rendered":"<p>Cada agosto se celebra la Noche de las Perseidas, tambi\u00e9n conocida como L\u00e1grimas de San Lorenzo. Las Perseidas son los restos dejados tras de s\u00ed por el cometa 109P\/Swift-Tuttle, provocando una lluvia de estrellas m\u00e1gica. Para disfrutar de esta noche inolvidable, en Vi\u00f1a Costeira celebramos la segunda edici\u00f3n de la \u201cNoche de las Perseidas\u201d el [&hellip;]<\/p>\n","protected":false},"author":1,"featured_media":17517,"comment_status":"open","ping_status":"open","sticky":false,"template":"","format":"standard","meta":{"footnotes":""},"categories":[80],"tags":[],"class_list":["post-6149","post","type-post","status-publish","format-standard","has-post-thumbnail","hentry","category-novedad"],"yoast_head":"<!-- This site is optimized with the Yoast SEO plugin v24.8.1 - https:\/\/yoast.com\/wordpress\/plugins\/seo\/ -->\n<title>Celebra con Vi\u00f1a Costeira la Noche de las Perseidas el 9 de agosto - Vi\u00f1a costeira<\/title>\n<meta name=\"description\" content=\"%\" \/>\n<meta name=\"robots\" content=\"index, follow, max-snippet:-1, max-image-preview:large, max-video-preview:-1\" \/>\n<link rel=\"canonical\" href=\"https:\/\/costeira.wine\/en\/perseidas-previa\/\" \/>\n<meta property=\"og:locale\" content=\"en_US\" \/>\n<meta property=\"og:type\" content=\"article\" \/>\n<meta property=\"og:title\" content=\"Celebra con Vi\u00f1a Costeira la Noche de las Perseidas el 9 de agosto - Vi\u00f1a costeira\" \/>\n<meta property=\"og:description\" content=\"%\" \/>\n<meta property=\"og:url\" content=\"https:\/\/costeira.wine\/en\/perseidas-previa\/\" \/>\n<meta property=\"og:site_name\" content=\"Vi\u00f1a costeira\" \/>\n<meta property=\"article:publisher\" content=\"https:\/\/www.facebook.com\/vinacosteira\/\" \/>\n<meta property=\"article:published_time\" content=\"2018-07-30T12:34:46+00:00\" \/>\n<meta property=\"og:image\" content=\"https:\/\/costeira.wine\/wp-content\/uploads\/2021\/07\/costeira_estrellas_000175-low-980x653-1.jpg\" \/>\n\t<meta property=\"og:image:width\" content=\"980\" \/>\n\t<meta property=\"og:image:height\" content=\"653\" \/>\n\t<meta property=\"og:image:type\" content=\"image\/jpeg\" \/>\n<meta name=\"author\" content=\"webmaster\" \/>\n<meta name=\"twitter:card\" content=\"summary_large_image\" \/>\n<meta name=\"twitter:creator\" content=\"@costeira_es\" \/>\n<meta name=\"twitter:site\" content=\"@costeira_es\" \/>\n<meta name=\"twitter:label1\" content=\"Written by\" \/>\n\t<meta name=\"twitter:data1\" content=\"webmaster\" \/>\n\t<meta name=\"twitter:label2\" content=\"Est. reading time\" \/>\n\t<meta name=\"twitter:data2\" content=\"1 minute\" \/>\n<script type=\"application\/ld+json\" class=\"yoast-schema-graph\">{\"@context\":\"https:\/\/schema.org\",\"@graph\":[{\"@type\":\"Article\",\"@id\":\"https:\/\/costeira.wine\/en\/perseidas-previa\/#article\",\"isPartOf\":{\"@id\":\"https:\/\/costeira.wine\/en\/perseidas-previa\/\"},\"author\":{\"name\":\"webmaster\",\"@id\":\"https:\/\/costeira.wine\/#\/schema\/person\/be5cac9aab2eadddfb8f6f829e642362\"},\"headline\":\"Celebra con Vi\u00f1a Costeira la Noche de las Perseidas el 9 de agosto\",\"datePublished\":\"2018-07-30T12:34:46+00:00\",\"mainEntityOfPage\":{\"@id\":\"https:\/\/costeira.wine\/en\/perseidas-previa\/\"},\"wordCount\":257,\"commentCount\":0,\"publisher\":{\"@id\":\"https:\/\/costeira.wine\/#organization\"},\"image\":{\"@id\":\"https:\/\/costeira.wine\/en\/perseidas-previa\/#primaryimage\"},\"thumbnailUrl\":\"\",\"articleSection\":[\"Novedades\"],\"inLanguage\":\"en-US\",\"potentialAction\":[{\"@type\":\"CommentAction\",\"name\":\"Comment\",\"target\":[\"https:\/\/costeira.wine\/en\/perseidas-previa\/#respond\"]}]},{\"@type\":\"WebPage\",\"@id\":\"https:\/\/costeira.wine\/en\/perseidas-previa\/\",\"url\":\"https:\/\/costeira.wine\/en\/perseidas-previa\/\",\"name\":\"Celebra con Vi\u00f1a Costeira la Noche de las Perseidas el 9 de agosto - Vi\u00f1a costeira\",\"isPartOf\":{\"@id\":\"https:\/\/costeira.wine\/#website\"},\"primaryImageOfPage\":{\"@id\":\"https:\/\/costeira.wine\/en\/perseidas-previa\/#primaryimage\"},\"image\":{\"@id\":\"https:\/\/costeira.wine\/en\/perseidas-previa\/#primaryimage\"},\"thumbnailUrl\":\"\",\"datePublished\":\"2018-07-30T12:34:46+00:00\",\"description\":\"%\",\"breadcrumb\":{\"@id\":\"https:\/\/costeira.wine\/en\/perseidas-previa\/#breadcrumb\"},\"inLanguage\":\"en-US\",\"potentialAction\":[{\"@type\":\"ReadAction\",\"target\":[\"https:\/\/costeira.wine\/en\/perseidas-previa\/\"]}]},{\"@type\":\"ImageObject\",\"inLanguage\":\"en-US\",\"@id\":\"https:\/\/costeira.wine\/en\/perseidas-previa\/#primaryimage\",\"url\":\"\",\"contentUrl\":\"\"},{\"@type\":\"BreadcrumbList\",\"@id\":\"https:\/\/costeira.wine\/en\/perseidas-previa\/#breadcrumb\",\"itemListElement\":[{\"@type\":\"ListItem\",\"position\":1,\"name\":\"Portada\",\"item\":\"https:\/\/costeira.wine\/\"},{\"@type\":\"ListItem\",\"position\":2,\"name\":\"Celebra con Vi\u00f1a Costeira la Noche de las Perseidas el 9 de agosto\"}]},{\"@type\":\"WebSite\",\"@id\":\"https:\/\/costeira.wine\/#website\",\"url\":\"https:\/\/costeira.wine\/\",\"name\":\"Vi\u00f1a costeira\",\"description\":\"En la bodega Vi\u00f1a Costeira elaboramos vinos de D.O. Ribeiro y Valdeorras. Nuestros productos nos han convertido en la mejor bodega de Espa\u00f1a. \u00a1Con\u00f3cenos!\",\"publisher\":{\"@id\":\"https:\/\/costeira.wine\/#organization\"},\"potentialAction\":[{\"@type\":\"SearchAction\",\"target\":{\"@type\":\"EntryPoint\",\"urlTemplate\":\"https:\/\/costeira.wine\/?s={search_term_string}\"},\"query-input\":{\"@type\":\"PropertyValueSpecification\",\"valueRequired\":true,\"valueName\":\"search_term_string\"}}],\"inLanguage\":\"en-US\"},{\"@type\":\"Organization\",\"@id\":\"https:\/\/costeira.wine\/#organization\",\"name\":\"Vi\u00f1a costeira\",\"url\":\"https:\/\/costeira.wine\/\",\"logo\":{\"@type\":\"ImageObject\",\"inLanguage\":\"en-US\",\"@id\":\"https:\/\/costeira.wine\/#\/schema\/logo\/image\/\",\"url\":\"https:\/\/costeira.wine\/wp-content\/uploads\/2021\/06\/logo_vina_costeira.svg\",\"contentUrl\":\"https:\/\/costeira.wine\/wp-content\/uploads\/2021\/06\/logo_vina_costeira.svg\",\"width\":1024,\"height\":100,\"caption\":\"Vi\u00f1a costeira\"},\"image\":{\"@id\":\"https:\/\/costeira.wine\/#\/schema\/logo\/image\/\"},\"sameAs\":[\"https:\/\/www.facebook.com\/vinacosteira\/\",\"https:\/\/x.com\/costeira_es\",\"https:\/\/www.instagram.com\/costeira.es\/\",\"https:\/\/www.linkedin.com\/company\/vi\u00f1a-costeira\/\",\"https:\/\/www.youtube.com\/channel\/UCx-kNrCaW0EIlxNK7nBRyfA\"]},{\"@type\":\"Person\",\"@id\":\"https:\/\/costeira.wine\/#\/schema\/person\/be5cac9aab2eadddfb8f6f829e642362\",\"name\":\"webmaster\",\"image\":{\"@type\":\"ImageObject\",\"inLanguage\":\"en-US\",\"@id\":\"https:\/\/costeira.wine\/#\/schema\/person\/image\/\",\"url\":\"https:\/\/secure.gravatar.com\/avatar\/1f23f79ab92315a6553b61d72b11411a?s=96&d=mm&r=g\",\"contentUrl\":\"https:\/\/secure.gravatar.com\/avatar\/1f23f79ab92315a6553b61d72b11411a?s=96&d=mm&r=g\",\"caption\":\"webmaster\"},\"sameAs\":[\"http:\/\/costeira.wine\"]}]}<\/script>\n<!-- \/ Yoast SEO plugin. -->","yoast_head_json":{"title":"Celebra con Vi\u00f1a Costeira la Noche de las Perseidas el 9 de agosto - Vi\u00f1a costeira","description":"%","robots":{"index":"index","follow":"follow","max-snippet":"max-snippet:-1","max-image-preview":"max-image-preview:large","max-video-preview":"max-video-preview:-1"},"canonical":"https:\/\/costeira.wine\/en\/perseidas-previa\/","og_locale":"en_US","og_type":"article","og_title":"Celebra con Vi\u00f1a Costeira la Noche de las Perseidas el 9 de agosto - Vi\u00f1a costeira","og_description":"%","og_url":"https:\/\/costeira.wine\/en\/perseidas-previa\/","og_site_name":"Vi\u00f1a costeira","article_publisher":"https:\/\/www.facebook.com\/vinacosteira\/","article_published_time":"2018-07-30T12:34:46+00:00","og_image":[{"width":980,"height":653,"url":"https:\/\/costeira.wine\/wp-content\/uploads\/2021\/07\/costeira_estrellas_000175-low-980x653-1.jpg","type":"image\/jpeg"}],"author":"webmaster","twitter_card":"summary_large_image","twitter_creator":"@costeira_es","twitter_site":"@costeira_es","twitter_misc":{"Written by":"webmaster","Est. reading time":"1 minute"},"schema":{"@context":"https:\/\/schema.org","@graph":[{"@type":"Article","@id":"https:\/\/costeira.wine\/en\/perseidas-previa\/#article","isPartOf":{"@id":"https:\/\/costeira.wine\/en\/perseidas-previa\/"},"author":{"name":"webmaster","@id":"https:\/\/costeira.wine\/#\/schema\/person\/be5cac9aab2eadddfb8f6f829e642362"},"headline":"Celebra con Vi\u00f1a Costeira la Noche de las Perseidas el 9 de agosto","datePublished":"2018-07-30T12:34:46+00:00","mainEntityOfPage":{"@id":"https:\/\/costeira.wine\/en\/perseidas-previa\/"},"wordCount":257,"commentCount":0,"publisher":{"@id":"https:\/\/costeira.wine\/#organization"},"image":{"@id":"https:\/\/costeira.wine\/en\/perseidas-previa\/#primaryimage"},"thumbnailUrl":"","articleSection":["Novedades"],"inLanguage":"en-US","potentialAction":[{"@type":"CommentAction","name":"Comment","target":["https:\/\/costeira.wine\/en\/perseidas-previa\/#respond"]}]},{"@type":"WebPage","@id":"https:\/\/costeira.wine\/en\/perseidas-previa\/","url":"https:\/\/costeira.wine\/en\/perseidas-previa\/","name":"Celebra con Vi\u00f1a Costeira la Noche de las Perseidas el 9 de agosto - Vi\u00f1a costeira","isPartOf":{"@id":"https:\/\/costeira.wine\/#website"},"primaryImageOfPage":{"@id":"https:\/\/costeira.wine\/en\/perseidas-previa\/#primaryimage"},"image":{"@id":"https:\/\/costeira.wine\/en\/perseidas-previa\/#primaryimage"},"thumbnailUrl":"","datePublished":"2018-07-30T12:34:46+00:00","description":"%","breadcrumb":{"@id":"https:\/\/costeira.wine\/en\/perseidas-previa\/#breadcrumb"},"inLanguage":"en-US","potentialAction":[{"@type":"ReadAction","target":["https:\/\/costeira.wine\/en\/perseidas-previa\/"]}]},{"@type":"ImageObject","inLanguage":"en-US","@id":"https:\/\/costeira.wine\/en\/perseidas-previa\/#primaryimage","url":"","contentUrl":""},{"@type":"BreadcrumbList","@id":"https:\/\/costeira.wine\/en\/perseidas-previa\/#breadcrumb","itemListElement":[{"@type":"ListItem","position":1,"name":"Portada","item":"https:\/\/costeira.wine\/"},{"@type":"ListItem","position":2,"name":"Celebra con Vi\u00f1a Costeira la Noche de las Perseidas el 9 de agosto"}]},{"@type":"WebSite","@id":"https:\/\/costeira.wine\/#website","url":"https:\/\/costeira.wine\/","name":"Vi\u00f1a costeira","description":"En la bodega Vi\u00f1a Costeira elaboramos vinos de D.O. Ribeiro y Valdeorras. Nuestros productos nos han convertido en la mejor bodega de Espa\u00f1a. \u00a1Con\u00f3cenos!","publisher":{"@id":"https:\/\/costeira.wine\/#organization"},"potentialAction":[{"@type":"SearchAction","target":{"@type":"EntryPoint","urlTemplate":"https:\/\/costeira.wine\/?s={search_term_string}"},"query-input":{"@type":"PropertyValueSpecification","valueRequired":true,"valueName":"search_term_string"}}],"inLanguage":"en-US"},{"@type":"Organization","@id":"https:\/\/costeira.wine\/#organization","name":"Vi\u00f1a costeira","url":"https:\/\/costeira.wine\/","logo":{"@type":"ImageObject","inLanguage":"en-US","@id":"https:\/\/costeira.wine\/#\/schema\/logo\/image\/","url":"https:\/\/costeira.wine\/wp-content\/uploads\/2021\/06\/logo_vina_costeira.svg","contentUrl":"https:\/\/costeira.wine\/wp-content\/uploads\/2021\/06\/logo_vina_costeira.svg","width":1024,"height":100,"caption":"Vi\u00f1a costeira"},"image":{"@id":"https:\/\/costeira.wine\/#\/schema\/logo\/image\/"},"sameAs":["https:\/\/www.facebook.com\/vinacosteira\/","https:\/\/x.com\/costeira_es","https:\/\/www.instagram.com\/costeira.es\/","https:\/\/www.linkedin.com\/company\/vi\u00f1a-costeira\/","https:\/\/www.youtube.com\/channel\/UCx-kNrCaW0EIlxNK7nBRyfA"]},{"@type":"Person","@id":"https:\/\/costeira.wine\/#\/schema\/person\/be5cac9aab2eadddfb8f6f829e642362","name":"webmaster","image":{"@type":"ImageObject","inLanguage":"en-US","@id":"https:\/\/costeira.wine\/#\/schema\/person\/image\/","url":"https:\/\/secure.gravatar.com\/avatar\/1f23f79ab92315a6553b61d72b11411a?s=96&d=mm&r=g","contentUrl":"https:\/\/secure.gravatar.com\/avatar\/1f23f79ab92315a6553b61d72b11411a?s=96&d=mm&r=g","caption":"webmaster"},"sameAs":["http:\/\/costeira.wine"]}]}},"_links":{"self":[{"href":"https:\/\/costeira.wine\/en\/wp-json\/wp\/v2\/posts\/6149","targetHints":{"allow":["GET"]}}],"collection":[{"href":"https:\/\/costeira.wine\/en\/wp-json\/wp\/v2\/posts"}],"about":[{"href":"https:\/\/costeira.wine\/en\/wp-json\/wp\/v2\/types\/post"}],"author":[{"embeddable":true,"href":"https:\/\/costeira.wine\/en\/wp-json\/wp\/v2\/users\/1"}],"replies":[{"embeddable":true,"href":"https:\/\/costeira.wine\/en\/wp-json\/wp\/v2\/comments?post=6149"}],"version-history":[{"count":0,"href":"https:\/\/costeira.wine\/en\/wp-json\/wp\/v2\/posts\/6149\/revisions"}],"wp:featuredmedia":[{"embeddable":true,"href":"https:\/\/costeira.wine\/en\/wp-json\/"}],"wp:attachment":[{"href":"https:\/\/costeira.wine\/en\/wp-json\/wp\/v2\/media?parent=6149"}],"wp:term":[{"taxonomy":"category","embeddable":true,"href":"https:\/\/costeira.wine\/en\/wp-json\/wp\/v2\/categories?post=6149"},{"taxonomy":"post_tag","embeddable":true,"href":"https:\/\/costeira.wine\/en\/wp-json\/wp\/v2\/tags?post=6149"}],"curies":[{"name":"wp","href":"https:\/\/api.w.org\/{rel}","templated":true}]}}