{"id":7041,"date":"2018-09-19T12:12:31","date_gmt":"2018-09-19T10:12:31","guid":{"rendered":"https:\/\/costeira.es\/?p=7041"},"modified":"2018-09-19T12:12:31","modified_gmt":"2018-09-19T10:12:31","slug":"ciclo-musica-momentos-extraordinarios","status":"publish","type":"post","link":"https:\/\/costeira.wine\/en\/ciclo-musica-momentos-extraordinarios\/","title":{"rendered":"Regresa el ciclo de m\u00fasica Momentos Extraordinarios Costeira, con nueve conciertos confirmados para este oto\u00f1o"},"content":{"rendered":"<p><i><span style=\"font-weight: 400;\">Los mejores vinos Costeira ir\u00e1n de la mano de irresistible m\u00fasica en directo, en salas de conciertos de referencia en Galicia y Asturias<\/span><\/i><\/p>\n<p><span style=\"font-weight: 400;\">Comienza oto\u00f1o, una estaci\u00f3n perfecta para disfrutar del mejor vino Costeira, compartiendo momentos extraordinarios que pongan melod\u00eda a esas horas del d\u00eda que se tornan m\u00e1s grises, en las que buscamos cobijo y tranquilidad. Regresa, para hacer las delicias de nuestros seguidores m\u00e1s mel\u00f3manos, el Ciclo de Momentos Extraordinarios Costeira, con seis citas imperdibles para amenizar los pr\u00f3ximos tres meses.<\/span><\/p>\n<h2><b>Primera parada en Oviedo, \u00a1con Ricardo Lez\u00f3n!<\/b><\/h2>\n<p><span style=\"font-weight: 400;\">El cantante, letrista y compositor de McEnroe, Ricardo Lez\u00f3n, debuta en solitario tras seis \u00e1lbumes con su ic\u00f3nica banda. \u201cEsperanza\u201d contiene poes\u00eda, melod\u00edas con sus personal\u00edsimos rasgos y por supuesto, la delicadeza que siempre le ha caracterizado. \u201cManuel\u201d, \u201cArena y Romero\u201d y \u201cChet Baker\u201d te esperan, en formato ac\u00fastico, en La Salvaje de Oviedo, este viernes d\u00eda 21 a las 21:30h. Consigue aqu\u00ed tu <\/span><a href=\"https:\/\/www.ticketea.com\/entradas-concierto-ricardo-lezon-acustico-en-oviedo\/\"><span style=\"font-weight: 400;\">entrada<\/span><\/a><span style=\"font-weight: 400;\">.<\/span><\/p>\n<h2><b>Marem Ladson regresa a sus or\u00edgenes<\/b><\/h2>\n<p><span style=\"font-weight: 400;\">\u201cPocas veces te encuentras con alguien tan joven que irrumpe en el panorama nacional con esa facilidad compositiva y consigue matices con los que brillar con luz propia\u201d. El medio especializado \u201cMondo Sonoro\u201d, describe as\u00ed la irrupci\u00f3n de la que ya es una de las grandes revelaciones musicales de 2018.<\/span><\/p>\n<p><span style=\"font-weight: 400;\">Tras pasar por festivales como el Dcode, el Vida Festival o el FIB, Marem regresa al Auditorio Municipal de su ciudad a demostrar que con 21 a\u00f1os se puede lucir una madurez musical sobresaliente. Consigue tu <\/span><a href=\"https:\/\/www.ticketea.com\/entradas-concierto-marem-ladson-en-ourense\/\"><span style=\"font-weight: 400;\">entrada<\/span><\/a><span style=\"font-weight: 400;\"> para el concierto del pr\u00f3ximo 29 de septiembre, que ofrecer\u00e1 con su habitual banda (con destacados miembros como el cantautor y productor Brian Hunt).<\/span><\/p>\n<p><img fetchpriority=\"high\" decoding=\"async\" class=\"size-large wp-image-7044 aligncenter\" src=\"https:\/\/costeira.es\/wp-content\/uploads\/2018\/09\/DSF0666-1024x682.jpg\" alt=\"ciclo\" width=\"1024\" height=\"682\"><\/p>\n<h2><b>Pr\u00f3ximas citas musicales, entre octubre y diciembre<\/b><\/h2>\n<p><span style=\"font-weight: 400;\">Ya en octubre, la psicodelia llegar\u00e1 a la Sala Radar de Vigo procedente de Brasil. Ser\u00e1 el d\u00eda 26 a partir de las 21h, en un directo al que Boogarins llega con su \u00faltimo disco, \u201cManual\u201d, elaborado tras su gira mundial de m\u00e1s de 70 conciertos.<\/span><\/p>\n<h2><strong>\u00a1Novedad! Acompa\u00f1aremos a &#8220;Eladio y los seres queridos&#8221; en tres citas en Galicia<\/strong><\/h2>\n<p>Adem\u00e1s, dentro del Ciclo de Momentos Extraordinarios, Vi\u00f1a Costeira acompa\u00f1ar\u00e1 al grupo indie pop &#8220;Eladio y los seres queridos&#8221; en tres conciertos en Galicia durante el mes de octubre. Toma nota: 19 de octubre en O Barco de Valdeorras (Sala Baranda), 26 de octubre en Melide (Afundaci\u00f3n) y 27 de octubre en Santiago de Compostela (Sala Moon). Escoge la cita que mejor te venga y acomp\u00e1\u00f1anos a disfrutar de su directazo.<\/p>\n<h2><b>El bajista de Los Enemigos, Fino Oyonarte amenizar\u00e1 el verm\u00fa en Lugo<\/b><\/h2>\n<p><span style=\"font-weight: 400;\">La sala Ho! Gruf de Lugo ser\u00e1 testigo el 11 de noviembre del directo del l\u00edder de los grupos Clovis y Los Eterno, adem\u00e1s de bajista de los Enemigos durante casi tres d\u00e9cadas, Fino Oyonarte.<\/span><\/p>\n<p><span style=\"font-weight: 400;\">Su nueva aventura es \u201cSue\u00f1os y Tormentas\u201d, un disco en solitario que sorprende por su sencillez, frescura y efervescencia. Ap\u00fantate a un verm\u00fa con Costeira regalando a tus o\u00eddos el primer disco en solitario de Fino Oyonarte.<\/span><\/p>\n<p><span style=\"font-weight: 400;\">Para cerrar las citas del mes de noviembre, el cantante y compositor nacido en Luanda, <\/span><b>Chalo Correia<\/b><span style=\"font-weight: 400;\">, conecta con sus ra\u00edces interpretando m\u00fasica de car\u00e1cter tradicional y urbana. M\u00fasico tremendamente vers\u00e1til, ha llevado su portentosa voz y su inseparable arm\u00f3nica a lo largo de toda Europa. Disfruta de su directo en el <\/span><b>Garufa Club de A Coru\u00f1a<\/b><span style=\"font-weight: 400;\">, el d\u00eda 29 de noviembre a partir de las 21h.<\/span><\/p>\n<h2><b>La mejor despedida de oto\u00f1o, en la Sala El Pueblo de Ourense con El Petit de Cal Eril<\/b><\/h2>\n<p><span style=\"font-weight: 400;\">Terminada su gira de \u201cLa for\u00e7a\u201d en el Primavera Sound de Barcelona, El Petit de Cal Eril vuelve con un nuevo disco, que en realidad son tres: un disco triangular que presentar\u00e1n en la Sala El Pueblo de Ourense, el 13 de diciembre a partir de las 21h. \u00bfTe apuntas al baile?<\/span><\/p>\n<p><span style=\"font-weight: 400;\">Como v\u00e9is, este oto\u00f1o viene plagado de buena m\u00fasica en directo, ideal para saborear los mejores vinos Costeira. Esperamos que goc\u00e9is al m\u00e1ximo del ciclo, \u00a1nos vemos en las mejores salas de Galicia y Asturias!.<\/span><\/p>\n<p><img decoding=\"async\" class=\"size-large wp-image-7046 aligncenter\" src=\"https:\/\/costeira.es\/wp-content\/uploads\/2018\/09\/IG-ciclo-926x1024.jpg\" alt=\"cartel ciclo\" width=\"926\" height=\"1024\" loading=\"lazy\"><\/p>\n<p>&nbsp;<\/p>\n","protected":false},"excerpt":{"rendered":"<p>Los mejores vinos Costeira ir\u00e1n de la mano de irresistible m\u00fasica en directo, en salas de conciertos de referencia en Galicia y Asturias Comienza oto\u00f1o, una estaci\u00f3n perfecta para disfrutar del mejor vino Costeira, compartiendo momentos extraordinarios que pongan melod\u00eda a esas horas del d\u00eda que se tornan m\u00e1s grises, en las que buscamos cobijo [&hellip;]<\/p>\n","protected":false},"author":1,"featured_media":18369,"comment_status":"open","ping_status":"open","sticky":false,"template":"","format":"standard","meta":{"footnotes":""},"categories":[80],"tags":[],"class_list":["post-7041","post","type-post","status-publish","format-standard","has-post-thumbnail","hentry","category-novedad"],"yoast_head":"<!-- This site is optimized with the Yoast SEO plugin v27.5 - https:\/\/yoast.com\/product\/yoast-seo-wordpress\/ -->\n<title>Regresa el ciclo de m\u00fasica Momentos Extraordinarios Costeira, con nueve conciertos confirmados para este oto\u00f1o - Vi\u00f1a costeira<\/title>\n<meta name=\"description\" content=\"%\" \/>\n<meta name=\"robots\" content=\"index, follow, max-snippet:-1, max-image-preview:large, max-video-preview:-1\" \/>\n<link rel=\"canonical\" href=\"https:\/\/costeira.wine\/ciclo-musica-momentos-extraordinarios\/\" \/>\n<meta property=\"og:locale\" content=\"en_US\" \/>\n<meta property=\"og:type\" content=\"article\" \/>\n<meta property=\"og:title\" content=\"Regresa el ciclo de m\u00fasica Momentos Extraordinarios Costeira, con nueve conciertos confirmados para este oto\u00f1o - Vi\u00f1a costeira\" \/>\n<meta property=\"og:description\" content=\"%\" \/>\n<meta property=\"og:url\" content=\"https:\/\/costeira.wine\/ciclo-musica-momentos-extraordinarios\/\" \/>\n<meta property=\"og:site_name\" content=\"Vi\u00f1a costeira\" \/>\n<meta property=\"article:publisher\" content=\"https:\/\/www.facebook.com\/vinacosteira\/\" \/>\n<meta property=\"article:published_time\" content=\"2018-09-19T10:12:31+00:00\" \/>\n<meta property=\"og:image\" content=\"https:\/\/costeira.wine\/wp-content\/uploads\/2021\/07\/costeira_estrellas_000175-low-980x653-1.jpg\" \/>\n\t<meta property=\"og:image:width\" content=\"980\" \/>\n\t<meta property=\"og:image:height\" content=\"653\" \/>\n\t<meta property=\"og:image:type\" content=\"image\/jpeg\" \/>\n<meta name=\"author\" content=\"webmaster\" \/>\n<meta name=\"twitter:card\" content=\"summary_large_image\" \/>\n<meta name=\"twitter:creator\" content=\"@costeira_es\" \/>\n<meta name=\"twitter:site\" content=\"@costeira_es\" \/>\n<meta name=\"twitter:label1\" content=\"Written by\" \/>\n\t<meta name=\"twitter:data1\" content=\"webmaster\" \/>\n\t<meta name=\"twitter:label2\" content=\"Est. reading time\" \/>\n\t<meta name=\"twitter:data2\" content=\"4 minutes\" \/>\n<script type=\"application\/ld+json\" class=\"yoast-schema-graph\">{\"@context\":\"https:\\\/\\\/schema.org\",\"@graph\":[{\"@type\":\"Article\",\"@id\":\"https:\\\/\\\/costeira.wine\\\/ciclo-musica-momentos-extraordinarios\\\/#article\",\"isPartOf\":{\"@id\":\"https:\\\/\\\/costeira.wine\\\/ciclo-musica-momentos-extraordinarios\\\/\"},\"author\":{\"name\":\"webmaster\",\"@id\":\"https:\\\/\\\/costeira.wine\\\/#\\\/schema\\\/person\\\/be5cac9aab2eadddfb8f6f829e642362\"},\"headline\":\"Regresa el ciclo de m\u00fasica Momentos Extraordinarios Costeira, con nueve conciertos confirmados para este oto\u00f1o\",\"datePublished\":\"2018-09-19T10:12:31+00:00\",\"mainEntityOfPage\":{\"@id\":\"https:\\\/\\\/costeira.wine\\\/ciclo-musica-momentos-extraordinarios\\\/\"},\"wordCount\":724,\"commentCount\":0,\"publisher\":{\"@id\":\"https:\\\/\\\/costeira.wine\\\/#organization\"},\"image\":{\"@id\":\"https:\\\/\\\/costeira.wine\\\/ciclo-musica-momentos-extraordinarios\\\/#primaryimage\"},\"thumbnailUrl\":\"\",\"articleSection\":[\"Novedades\"],\"inLanguage\":\"en-US\",\"potentialAction\":[{\"@type\":\"CommentAction\",\"name\":\"Comment\",\"target\":[\"https:\\\/\\\/costeira.wine\\\/ciclo-musica-momentos-extraordinarios\\\/#respond\"]}]},{\"@type\":\"WebPage\",\"@id\":\"https:\\\/\\\/costeira.wine\\\/ciclo-musica-momentos-extraordinarios\\\/\",\"url\":\"https:\\\/\\\/costeira.wine\\\/ciclo-musica-momentos-extraordinarios\\\/\",\"name\":\"Regresa el ciclo de m\u00fasica Momentos Extraordinarios Costeira, con nueve conciertos confirmados para este oto\u00f1o - Vi\u00f1a costeira\",\"isPartOf\":{\"@id\":\"https:\\\/\\\/costeira.wine\\\/#website\"},\"primaryImageOfPage\":{\"@id\":\"https:\\\/\\\/costeira.wine\\\/ciclo-musica-momentos-extraordinarios\\\/#primaryimage\"},\"image\":{\"@id\":\"https:\\\/\\\/costeira.wine\\\/ciclo-musica-momentos-extraordinarios\\\/#primaryimage\"},\"thumbnailUrl\":\"\",\"datePublished\":\"2018-09-19T10:12:31+00:00\",\"description\":\"%\",\"breadcrumb\":{\"@id\":\"https:\\\/\\\/costeira.wine\\\/ciclo-musica-momentos-extraordinarios\\\/#breadcrumb\"},\"inLanguage\":\"en-US\",\"potentialAction\":[{\"@type\":\"ReadAction\",\"target\":[\"https:\\\/\\\/costeira.wine\\\/ciclo-musica-momentos-extraordinarios\\\/\"]}]},{\"@type\":\"ImageObject\",\"inLanguage\":\"en-US\",\"@id\":\"https:\\\/\\\/costeira.wine\\\/ciclo-musica-momentos-extraordinarios\\\/#primaryimage\",\"url\":\"\",\"contentUrl\":\"\"},{\"@type\":\"BreadcrumbList\",\"@id\":\"https:\\\/\\\/costeira.wine\\\/ciclo-musica-momentos-extraordinarios\\\/#breadcrumb\",\"itemListElement\":[{\"@type\":\"ListItem\",\"position\":1,\"name\":\"Portada\",\"item\":\"https:\\\/\\\/costeira.wine\\\/\"},{\"@type\":\"ListItem\",\"position\":2,\"name\":\"Regresa el ciclo de m\u00fasica Momentos Extraordinarios Costeira, con nueve conciertos confirmados para este oto\u00f1o\"}]},{\"@type\":\"WebSite\",\"@id\":\"https:\\\/\\\/costeira.wine\\\/#website\",\"url\":\"https:\\\/\\\/costeira.wine\\\/\",\"name\":\"Vi\u00f1a costeira\",\"description\":\"En la bodega Vi\u00f1a Costeira elaboramos vinos de D.O. Ribeiro y Valdeorras. Nuestros productos nos han convertido en la mejor bodega de Espa\u00f1a. \u00a1Con\u00f3cenos!\",\"publisher\":{\"@id\":\"https:\\\/\\\/costeira.wine\\\/#organization\"},\"potentialAction\":[{\"@type\":\"SearchAction\",\"target\":{\"@type\":\"EntryPoint\",\"urlTemplate\":\"https:\\\/\\\/costeira.wine\\\/?s={search_term_string}\"},\"query-input\":{\"@type\":\"PropertyValueSpecification\",\"valueRequired\":true,\"valueName\":\"search_term_string\"}}],\"inLanguage\":\"en-US\"},{\"@type\":\"Organization\",\"@id\":\"https:\\\/\\\/costeira.wine\\\/#organization\",\"name\":\"Vi\u00f1a costeira\",\"url\":\"https:\\\/\\\/costeira.wine\\\/\",\"logo\":{\"@type\":\"ImageObject\",\"inLanguage\":\"en-US\",\"@id\":\"https:\\\/\\\/costeira.wine\\\/#\\\/schema\\\/logo\\\/image\\\/\",\"url\":\"https:\\\/\\\/costeira.wine\\\/wp-content\\\/uploads\\\/2021\\\/06\\\/logo_vina_costeira.svg\",\"contentUrl\":\"https:\\\/\\\/costeira.wine\\\/wp-content\\\/uploads\\\/2021\\\/06\\\/logo_vina_costeira.svg\",\"width\":1024,\"height\":100,\"caption\":\"Vi\u00f1a costeira\"},\"image\":{\"@id\":\"https:\\\/\\\/costeira.wine\\\/#\\\/schema\\\/logo\\\/image\\\/\"},\"sameAs\":[\"https:\\\/\\\/www.facebook.com\\\/vinacosteira\\\/\",\"https:\\\/\\\/x.com\\\/costeira_es\",\"https:\\\/\\\/www.instagram.com\\\/costeira.es\\\/\",\"https:\\\/\\\/www.linkedin.com\\\/company\\\/vi\u00f1a-costeira\\\/\",\"https:\\\/\\\/www.youtube.com\\\/channel\\\/UCx-kNrCaW0EIlxNK7nBRyfA\"]},{\"@type\":\"Person\",\"@id\":\"https:\\\/\\\/costeira.wine\\\/#\\\/schema\\\/person\\\/be5cac9aab2eadddfb8f6f829e642362\",\"name\":\"webmaster\",\"image\":{\"@type\":\"ImageObject\",\"inLanguage\":\"en-US\",\"@id\":\"https:\\\/\\\/secure.gravatar.com\\\/avatar\\\/49c7ead4cffcc0453b699691d45aefa551451fc500d13aead9dbe3d1d8962b92?s=96&d=mm&r=g\",\"url\":\"https:\\\/\\\/secure.gravatar.com\\\/avatar\\\/49c7ead4cffcc0453b699691d45aefa551451fc500d13aead9dbe3d1d8962b92?s=96&d=mm&r=g\",\"contentUrl\":\"https:\\\/\\\/secure.gravatar.com\\\/avatar\\\/49c7ead4cffcc0453b699691d45aefa551451fc500d13aead9dbe3d1d8962b92?s=96&d=mm&r=g\",\"caption\":\"webmaster\"},\"sameAs\":[\"http:\\\/\\\/costeira.wine\"]}]}<\/script>\n<!-- \/ Yoast SEO plugin. -->","yoast_head_json":{"title":"Regresa el ciclo de m\u00fasica Momentos Extraordinarios Costeira, con nueve conciertos confirmados para este oto\u00f1o - Vi\u00f1a costeira","description":"%","robots":{"index":"index","follow":"follow","max-snippet":"max-snippet:-1","max-image-preview":"max-image-preview:large","max-video-preview":"max-video-preview:-1"},"canonical":"https:\/\/costeira.wine\/ciclo-musica-momentos-extraordinarios\/","og_locale":"en_US","og_type":"article","og_title":"Regresa el ciclo de m\u00fasica Momentos Extraordinarios Costeira, con nueve conciertos confirmados para este oto\u00f1o - Vi\u00f1a costeira","og_description":"%","og_url":"https:\/\/costeira.wine\/ciclo-musica-momentos-extraordinarios\/","og_site_name":"Vi\u00f1a costeira","article_publisher":"https:\/\/www.facebook.com\/vinacosteira\/","article_published_time":"2018-09-19T10:12:31+00:00","og_image":[{"width":980,"height":653,"url":"https:\/\/costeira.wine\/wp-content\/uploads\/2021\/07\/costeira_estrellas_000175-low-980x653-1.jpg","type":"image\/jpeg"}],"author":"webmaster","twitter_card":"summary_large_image","twitter_creator":"@costeira_es","twitter_site":"@costeira_es","twitter_misc":{"Written by":"webmaster","Est. reading time":"4 minutes"},"schema":{"@context":"https:\/\/schema.org","@graph":[{"@type":"Article","@id":"https:\/\/costeira.wine\/ciclo-musica-momentos-extraordinarios\/#article","isPartOf":{"@id":"https:\/\/costeira.wine\/ciclo-musica-momentos-extraordinarios\/"},"author":{"name":"webmaster","@id":"https:\/\/costeira.wine\/#\/schema\/person\/be5cac9aab2eadddfb8f6f829e642362"},"headline":"Regresa el ciclo de m\u00fasica Momentos Extraordinarios Costeira, con nueve conciertos confirmados para este oto\u00f1o","datePublished":"2018-09-19T10:12:31+00:00","mainEntityOfPage":{"@id":"https:\/\/costeira.wine\/ciclo-musica-momentos-extraordinarios\/"},"wordCount":724,"commentCount":0,"publisher":{"@id":"https:\/\/costeira.wine\/#organization"},"image":{"@id":"https:\/\/costeira.wine\/ciclo-musica-momentos-extraordinarios\/#primaryimage"},"thumbnailUrl":"","articleSection":["Novedades"],"inLanguage":"en-US","potentialAction":[{"@type":"CommentAction","name":"Comment","target":["https:\/\/costeira.wine\/ciclo-musica-momentos-extraordinarios\/#respond"]}]},{"@type":"WebPage","@id":"https:\/\/costeira.wine\/ciclo-musica-momentos-extraordinarios\/","url":"https:\/\/costeira.wine\/ciclo-musica-momentos-extraordinarios\/","name":"Regresa el ciclo de m\u00fasica Momentos Extraordinarios Costeira, con nueve conciertos confirmados para este oto\u00f1o - Vi\u00f1a costeira","isPartOf":{"@id":"https:\/\/costeira.wine\/#website"},"primaryImageOfPage":{"@id":"https:\/\/costeira.wine\/ciclo-musica-momentos-extraordinarios\/#primaryimage"},"image":{"@id":"https:\/\/costeira.wine\/ciclo-musica-momentos-extraordinarios\/#primaryimage"},"thumbnailUrl":"","datePublished":"2018-09-19T10:12:31+00:00","description":"%","breadcrumb":{"@id":"https:\/\/costeira.wine\/ciclo-musica-momentos-extraordinarios\/#breadcrumb"},"inLanguage":"en-US","potentialAction":[{"@type":"ReadAction","target":["https:\/\/costeira.wine\/ciclo-musica-momentos-extraordinarios\/"]}]},{"@type":"ImageObject","inLanguage":"en-US","@id":"https:\/\/costeira.wine\/ciclo-musica-momentos-extraordinarios\/#primaryimage","url":"","contentUrl":""},{"@type":"BreadcrumbList","@id":"https:\/\/costeira.wine\/ciclo-musica-momentos-extraordinarios\/#breadcrumb","itemListElement":[{"@type":"ListItem","position":1,"name":"Portada","item":"https:\/\/costeira.wine\/"},{"@type":"ListItem","position":2,"name":"Regresa el ciclo de m\u00fasica Momentos Extraordinarios Costeira, con nueve conciertos confirmados para este oto\u00f1o"}]},{"@type":"WebSite","@id":"https:\/\/costeira.wine\/#website","url":"https:\/\/costeira.wine\/","name":"Vi\u00f1a costeira","description":"En la bodega Vi\u00f1a Costeira elaboramos vinos de D.O. Ribeiro y Valdeorras. Nuestros productos nos han convertido en la mejor bodega de Espa\u00f1a. \u00a1Con\u00f3cenos!","publisher":{"@id":"https:\/\/costeira.wine\/#organization"},"potentialAction":[{"@type":"SearchAction","target":{"@type":"EntryPoint","urlTemplate":"https:\/\/costeira.wine\/?s={search_term_string}"},"query-input":{"@type":"PropertyValueSpecification","valueRequired":true,"valueName":"search_term_string"}}],"inLanguage":"en-US"},{"@type":"Organization","@id":"https:\/\/costeira.wine\/#organization","name":"Vi\u00f1a costeira","url":"https:\/\/costeira.wine\/","logo":{"@type":"ImageObject","inLanguage":"en-US","@id":"https:\/\/costeira.wine\/#\/schema\/logo\/image\/","url":"https:\/\/costeira.wine\/wp-content\/uploads\/2021\/06\/logo_vina_costeira.svg","contentUrl":"https:\/\/costeira.wine\/wp-content\/uploads\/2021\/06\/logo_vina_costeira.svg","width":1024,"height":100,"caption":"Vi\u00f1a costeira"},"image":{"@id":"https:\/\/costeira.wine\/#\/schema\/logo\/image\/"},"sameAs":["https:\/\/www.facebook.com\/vinacosteira\/","https:\/\/x.com\/costeira_es","https:\/\/www.instagram.com\/costeira.es\/","https:\/\/www.linkedin.com\/company\/vi\u00f1a-costeira\/","https:\/\/www.youtube.com\/channel\/UCx-kNrCaW0EIlxNK7nBRyfA"]},{"@type":"Person","@id":"https:\/\/costeira.wine\/#\/schema\/person\/be5cac9aab2eadddfb8f6f829e642362","name":"webmaster","image":{"@type":"ImageObject","inLanguage":"en-US","@id":"https:\/\/secure.gravatar.com\/avatar\/49c7ead4cffcc0453b699691d45aefa551451fc500d13aead9dbe3d1d8962b92?s=96&d=mm&r=g","url":"https:\/\/secure.gravatar.com\/avatar\/49c7ead4cffcc0453b699691d45aefa551451fc500d13aead9dbe3d1d8962b92?s=96&d=mm&r=g","contentUrl":"https:\/\/secure.gravatar.com\/avatar\/49c7ead4cffcc0453b699691d45aefa551451fc500d13aead9dbe3d1d8962b92?s=96&d=mm&r=g","caption":"webmaster"},"sameAs":["http:\/\/costeira.wine"]}]}},"_links":{"self":[{"href":"https:\/\/costeira.wine\/en\/wp-json\/wp\/v2\/posts\/7041","targetHints":{"allow":["GET"]}}],"collection":[{"href":"https:\/\/costeira.wine\/en\/wp-json\/wp\/v2\/posts"}],"about":[{"href":"https:\/\/costeira.wine\/en\/wp-json\/wp\/v2\/types\/post"}],"author":[{"embeddable":true,"href":"https:\/\/costeira.wine\/en\/wp-json\/wp\/v2\/users\/1"}],"replies":[{"embeddable":true,"href":"https:\/\/costeira.wine\/en\/wp-json\/wp\/v2\/comments?post=7041"}],"version-history":[{"count":0,"href":"https:\/\/costeira.wine\/en\/wp-json\/wp\/v2\/posts\/7041\/revisions"}],"wp:featuredmedia":[{"embeddable":true,"href":"https:\/\/costeira.wine\/en\/wp-json\/"}],"wp:attachment":[{"href":"https:\/\/costeira.wine\/en\/wp-json\/wp\/v2\/media?parent=7041"}],"wp:term":[{"taxonomy":"category","embeddable":true,"href":"https:\/\/costeira.wine\/en\/wp-json\/wp\/v2\/categories?post=7041"},{"taxonomy":"post_tag","embeddable":true,"href":"https:\/\/costeira.wine\/en\/wp-json\/wp\/v2\/tags?post=7041"}],"curies":[{"name":"wp","href":"https:\/\/api.w.org\/{rel}","templated":true}]}}