{"id":7675,"date":"2018-10-18T11:24:47","date_gmt":"2018-10-18T09:24:47","guid":{"rendered":"https:\/\/costeira.es\/?p=7675"},"modified":"2018-10-18T11:24:47","modified_gmt":"2018-10-18T09:24:47","slug":"vendimia-vina-costeira-2018","status":"publish","type":"post","link":"https:\/\/costeira.wine\/en\/vendimia-vina-costeira-2018\/","title":{"rendered":"Finaliza la vendimia de Vi\u00f1a Costeira correspondiente a la cosecha n\u00famero 51, con un balance similar al pasado a\u00f1o: \u201cpoca cantidad, much\u00edsima calidad\u201d"},"content":{"rendered":"<p><em>Mediados de septiembre supone para la mayor\u00eda una fecha clave en la recuperaci\u00f3n del ritmo habitual, los d\u00edas decrecen y tendemos a plantearnos nuevos retos mientras saboreamos los \u00faltimos retazos del verano y su interminable luz. Para muchos otros, aquellos <strong>viticultores<\/strong> que pasan las estaciones pendientes de sus vi\u00f1edos, la salud de la vid y su dif\u00edcilmente perceptible pero constante evoluci\u00f3n, llega la cita clave del a\u00f1o: la recogida del fruto al que tanto tiempo, esfuerzo y mimo han dedicado.<\/em><\/p>\n<p><em>Son d\u00edas de<strong> intens\u00edsima actividad<\/strong>, en los que solo aquellos que se atreven a desafiar pendientes y bancales de dif\u00edcil acceso a las fincas son conscientes de lo duro que puede llegar a ser el proceso de recogida. Pero tambi\u00e9n son d\u00edas en los que reina el buen ambiente, la camarader\u00eda y generosidad entre todas las personas que participan en tan arduo proceso. <strong>Valoramos la vendimia 2018 de Vi\u00f1a Costeira<\/strong>, que acaba de finalizar.<\/em><\/p>\n<h2><strong>Los procesos de la vendimia: \u00bfc\u00f3mo se recoge la uva?<\/strong><\/h2>\n<p>Uno de los en\u00f3logos de Vi\u00f1a Costeira, <strong>Manu Castro<\/strong>, explica el proceso de recogida: \u201caunque es lento y laborioso, por supuesto merece la pena por la extraordinaria calidad de la uva cosechada\u201d.<\/p>\n<p>La vendimia de las fincas propias (San Cibrao, Saa, Coio Branco, Gomariz, Rioboo y Leiro), se lleva a cabo con personal propio de bodega, gestionado por la responsable de viticultura, Susana Gul\u00edn y su equipo, que coordinan los distintos grupos participantes.<\/p>\n<p>M\u00e1s concretamente, la vendimia se realiza en <strong>peque\u00f1as cajas de 18 kg<\/strong>, que llegan a la bodega para ser procesadas lo antes posible. Ya entonces, la uva recibida es despalillada, estrujada y prensada, incluyendo en determinados casos una peque\u00f1a maceraci\u00f3n de la piel de la uva con el mosto para extraer componentes del hollejo. Una vez extra\u00eddo el mosto, pasar\u00e1 un per\u00edodo m\u00ednimo de reposo de 24 horas, para ser posteriormente desfangado y llevado al dep\u00f3sito de fermentaci\u00f3n.<\/p>\n<p><img fetchpriority=\"high\" decoding=\"async\" class=\"alignnone size-large wp-image-7677\" src=\"https:\/\/costeira.es\/wp-content\/uploads\/2018\/10\/vendimia33-1024x612.jpg\" alt=\"vendimia\" width=\"1024\" height=\"612\"><\/p>\n<h2><strong>A\u00f1ada de excelente calidad<\/strong><\/h2>\n<p>Actualmente, los mostos se encuentran en plena fermentaci\u00f3n, donde tiene lugar la transformaci\u00f3n del mosto en vino. Las levaduras transforman los az\u00facares de la uva en alcohol, carb\u00f3nico y otros componentes secundarios, que aportan al vino sus caracter\u00edsticas singulares y personalidad \u00fanica. En lo que respecta a algunos vinos, ya se encuentran en las \u00faltimas fases del proceso, empezando a expresar su vocaci\u00f3n. En todo caso, seg\u00fan Manu Castro, \u201clas primeras impresiones son muy buenas, <strong>se prev\u00e9 que la cosecha de 2018 sea de excelente calidad<\/strong>\u201d.<\/p>\n<p><strong>Andr\u00e9s Rodr\u00edguez<\/strong>, presidente de Vi\u00f1a Costeira, mantiene la misma l\u00ednea: \u201cLas expectativas eran poco halag\u00fce\u00f1as en cuanto a cantidad por el ataque de Mildiu, y as\u00ed fue, con una cantidad similar a la del pasado a\u00f1o, que estuvo afectada por la helada. Sin embargo, y a pesar de que el viticultor ha tenido que esforzarse m\u00e1s en la selecci\u00f3n de uva, la calidad del vino ser\u00e1 muy alta en esta a\u00f1ada\u201d.<\/p>\n<h2><strong>2018, el a\u00f1o m\u00e1s especial de Vi\u00f1a Costeira<\/strong><\/h2>\n<p>Para la cooperativa Vi\u00f1a Costeira y todas aquellas personas que hacen posible su d\u00eda a d\u00eda, el presente a\u00f1o lleva muchos meses marcado en el calendario. Se trata de su 50 Aniversario, y por ello se han puesto en marcha m\u00faltiples iniciativas para conmemorar dicha fecha y potenciar su visibilidad y la de todos sus socios. Como regalo inesperado, el reconocimiento a <a href=\"https:\/\/costeira.es\/novedad\/seleccionados-como-mejor-bodega-de-espana\/\">\u201cMejor Bodega de Espa\u00f1a 2017\u201d<\/a> en los premios Verema supuso el colof\u00f3n extra para redondear tanto su trayectoria como todas las actividades organizadas a lo largo del a\u00f1o.<\/p>\n<p>Para el presidente de Vi\u00f1a Costeira, Andr\u00e9s Rodr\u00edguez, est\u00e1 siendo \u201cun a\u00f1o muy intenso, en el que continuamos poniendo en valor la m\u00e1xima calidad de nuestros vinos. Prueba de ello son los numerosos <a href=\"https:\/\/costeira.es\/novedad\/coleccion-68-medalla-de-oro\/\">premios<\/a> recibidos en los cert\u00e1menes a los que nos presentamos\u201d.<\/p>\n<p>Por supuesto, continuamos organizando los <a href=\"https:\/\/costeira.es\/novedad\/ciclo-musica-momentos-extraordinarios\/\">\u201cMomentos Extraordinarios Costeira\u201d<\/a>, ciclos musicales referencia en el norte de Espa\u00f1a, otras colaboraciones culturales, gastron\u00f3micas o deportivas, adem\u00e1s de una continua presencia en la calle, potenciada por el refuerzo de determinadas \u00e1reas estrat\u00e9gicas de la bodega.<\/p>\n<h2><strong>Primera cooperativa de Galicia con seguro colectivo para sus viticultores<\/strong><\/h2>\n<p>Una de las novedades m\u00e1s recientes es la suscripci\u00f3n de un seguro colectivo por parte de Vi\u00f1a Costeira que dar\u00e1 cobertura a unos 600 viticultores y amparar\u00e1 una producci\u00f3n de 4,9 millones de kg. de uva, cuyo objetivo es <strong>dinamizar la producci\u00f3n y apoyar la poblaci\u00f3n en el rural<\/strong>.<\/p>\n<p>Para Andr\u00e9s Rodr\u00edguez, se trata de \u201cun<strong> paso fundamental hacia la profesionalizaci\u00f3n del sector<\/strong>, que contribuir\u00e1 a reducir el abandono del vi\u00f1edo y del rural en general\u201d. \u201cEs un modo de animar al viticultor, garantizar unos ingresos y que pueda continuar con su actividad, al margen de fen\u00f3menos atmosf\u00e9ricos extremos, cada vez m\u00e1s habituales\u201d.<\/p>\n<h2><strong>Retos a medio plazo: referencia enotur\u00edstica y rejuvenecimiento del viticultor<\/strong><\/h2>\n<p>Para dar continuidad a la gran actividad a lo largo de 2018 y potenciar la visibilidad de una de las bodegas referentes de Galicia, pr\u00f3ximos retos marcar\u00e1n el devenir de Vi\u00f1a Costeira a medio plazo. Andr\u00e9s Rodr\u00edguez se\u00f1ala<strong> tres fundamentales<\/strong>: incrementar las ventas de productos de valor a\u00f1adido, especialmente en nacional y exportaci\u00f3n (a mejores uvas, mejores vinos); multiplicar el n\u00famero de visitas a bodega y vi\u00f1edo, con la inauguraci\u00f3n del Pazo de Toubes como hito clave; y el rejuvenecimiento del perfil de viticultor (cada vez m\u00e1s j\u00f3venes se suman a la viticultura).<\/p>\n<p>Comenzado ya el \u00faltimo trimestre del a\u00f1o, todav\u00eda faltan por desvelar nuevas sorpresas que contribuyan a seguir convirtiendo este 2018 en un a\u00f1o totalmente inolvidable para la familia Costeira, formada por m\u00e1s de 600 socios viticultores que hacen posible que cada d\u00eda est\u00e9 lleno de grandes <strong>\u201cMomentos Extraordinarios\u201d<\/strong>.<\/p>\n<p><img decoding=\"async\" class=\"alignnone size-large wp-image-7678\" src=\"https:\/\/costeira.es\/wp-content\/uploads\/2018\/10\/Vi\u00f1a-Costeira-vendimia_411-1024x683.jpg\" alt=\"vendimia \" width=\"1024\" height=\"683\" loading=\"lazy\"><\/p>\n","protected":false},"excerpt":{"rendered":"<p>Mediados de septiembre supone para la mayor\u00eda una fecha clave en la recuperaci\u00f3n del ritmo habitual, los d\u00edas decrecen y tendemos a plantearnos nuevos retos mientras saboreamos los \u00faltimos retazos del verano y su interminable luz. Para muchos otros, aquellos viticultores que pasan las estaciones pendientes de sus vi\u00f1edos, la salud de la vid y [&hellip;]<\/p>\n","protected":false},"author":1,"featured_media":15237,"comment_status":"open","ping_status":"open","sticky":false,"template":"","format":"standard","meta":{"footnotes":""},"categories":[80],"tags":[],"class_list":["post-7675","post","type-post","status-publish","format-standard","has-post-thumbnail","hentry","category-novedad"],"yoast_head":"<!-- This site is optimized with the Yoast SEO plugin v27.5 - https:\/\/yoast.com\/product\/yoast-seo-wordpress\/ -->\n<title>Finaliza la vendimia de Vi\u00f1a Costeira correspondiente a la cosecha n\u00famero 51, con un balance similar al pasado a\u00f1o: \u201cpoca cantidad, much\u00edsima calidad\u201d - Vi\u00f1a costeira<\/title>\n<meta name=\"description\" content=\"Valoramos la vendimia 2018 de Vi\u00f1a Costeira, que acaba de finalizar, analizando los procesos y planteando los retos del pr\u00f3ximo a\u00f1o.\" \/>\n<meta name=\"robots\" content=\"index, follow, max-snippet:-1, max-image-preview:large, max-video-preview:-1\" \/>\n<link rel=\"canonical\" href=\"https:\/\/costeira.wine\/vendimia-vina-costeira-2018\/\" \/>\n<meta property=\"og:locale\" content=\"en_US\" \/>\n<meta property=\"og:type\" content=\"article\" \/>\n<meta property=\"og:title\" content=\"Finaliza la vendimia de Vi\u00f1a Costeira correspondiente a la cosecha n\u00famero 51, con un balance similar al pasado a\u00f1o: \u201cpoca cantidad, much\u00edsima calidad\u201d - Vi\u00f1a costeira\" \/>\n<meta property=\"og:description\" content=\"Valoramos la vendimia 2018 de Vi\u00f1a Costeira, que acaba de finalizar, analizando los procesos y planteando los retos del pr\u00f3ximo a\u00f1o.\" \/>\n<meta property=\"og:url\" content=\"https:\/\/costeira.wine\/vendimia-vina-costeira-2018\/\" \/>\n<meta property=\"og:site_name\" content=\"Vi\u00f1a costeira\" \/>\n<meta property=\"article:publisher\" content=\"https:\/\/www.facebook.com\/vinacosteira\/\" \/>\n<meta property=\"article:published_time\" content=\"2018-10-18T09:24:47+00:00\" \/>\n<meta property=\"og:image\" content=\"https:\/\/costeira.wine\/wp-content\/uploads\/2021\/07\/costeira_estrellas_000175-low-980x653-1.jpg\" \/>\n\t<meta property=\"og:image:width\" content=\"980\" \/>\n\t<meta property=\"og:image:height\" content=\"653\" \/>\n\t<meta property=\"og:image:type\" content=\"image\/jpeg\" \/>\n<meta name=\"author\" content=\"webmaster\" \/>\n<meta name=\"twitter:card\" content=\"summary_large_image\" \/>\n<meta name=\"twitter:creator\" content=\"@costeira_es\" \/>\n<meta name=\"twitter:site\" content=\"@costeira_es\" \/>\n<meta name=\"twitter:label1\" content=\"Written by\" \/>\n\t<meta name=\"twitter:data1\" content=\"webmaster\" \/>\n\t<meta name=\"twitter:label2\" content=\"Est. reading time\" \/>\n\t<meta name=\"twitter:data2\" content=\"5 minutes\" \/>\n<script type=\"application\/ld+json\" class=\"yoast-schema-graph\">{\"@context\":\"https:\\\/\\\/schema.org\",\"@graph\":[{\"@type\":\"Article\",\"@id\":\"https:\\\/\\\/costeira.wine\\\/vendimia-vina-costeira-2018\\\/#article\",\"isPartOf\":{\"@id\":\"https:\\\/\\\/costeira.wine\\\/vendimia-vina-costeira-2018\\\/\"},\"author\":{\"name\":\"webmaster\",\"@id\":\"https:\\\/\\\/costeira.wine\\\/#\\\/schema\\\/person\\\/be5cac9aab2eadddfb8f6f829e642362\"},\"headline\":\"Finaliza la vendimia de Vi\u00f1a Costeira correspondiente a la cosecha n\u00famero 51, con un balance similar al pasado a\u00f1o: \u201cpoca cantidad, much\u00edsima calidad\u201d\",\"datePublished\":\"2018-10-18T09:24:47+00:00\",\"mainEntityOfPage\":{\"@id\":\"https:\\\/\\\/costeira.wine\\\/vendimia-vina-costeira-2018\\\/\"},\"wordCount\":1034,\"commentCount\":0,\"publisher\":{\"@id\":\"https:\\\/\\\/costeira.wine\\\/#organization\"},\"image\":{\"@id\":\"https:\\\/\\\/costeira.wine\\\/vendimia-vina-costeira-2018\\\/#primaryimage\"},\"thumbnailUrl\":\"\",\"articleSection\":[\"Novedades\"],\"inLanguage\":\"en-US\",\"potentialAction\":[{\"@type\":\"CommentAction\",\"name\":\"Comment\",\"target\":[\"https:\\\/\\\/costeira.wine\\\/vendimia-vina-costeira-2018\\\/#respond\"]}]},{\"@type\":\"WebPage\",\"@id\":\"https:\\\/\\\/costeira.wine\\\/vendimia-vina-costeira-2018\\\/\",\"url\":\"https:\\\/\\\/costeira.wine\\\/vendimia-vina-costeira-2018\\\/\",\"name\":\"Finaliza la vendimia de Vi\u00f1a Costeira correspondiente a la cosecha n\u00famero 51, con un balance similar al pasado a\u00f1o: \u201cpoca cantidad, much\u00edsima calidad\u201d - Vi\u00f1a costeira\",\"isPartOf\":{\"@id\":\"https:\\\/\\\/costeira.wine\\\/#website\"},\"primaryImageOfPage\":{\"@id\":\"https:\\\/\\\/costeira.wine\\\/vendimia-vina-costeira-2018\\\/#primaryimage\"},\"image\":{\"@id\":\"https:\\\/\\\/costeira.wine\\\/vendimia-vina-costeira-2018\\\/#primaryimage\"},\"thumbnailUrl\":\"\",\"datePublished\":\"2018-10-18T09:24:47+00:00\",\"description\":\"Valoramos la vendimia 2018 de Vi\u00f1a Costeira, que acaba de finalizar, analizando los procesos y planteando los retos del pr\u00f3ximo a\u00f1o.\",\"breadcrumb\":{\"@id\":\"https:\\\/\\\/costeira.wine\\\/vendimia-vina-costeira-2018\\\/#breadcrumb\"},\"inLanguage\":\"en-US\",\"potentialAction\":[{\"@type\":\"ReadAction\",\"target\":[\"https:\\\/\\\/costeira.wine\\\/vendimia-vina-costeira-2018\\\/\"]}]},{\"@type\":\"ImageObject\",\"inLanguage\":\"en-US\",\"@id\":\"https:\\\/\\\/costeira.wine\\\/vendimia-vina-costeira-2018\\\/#primaryimage\",\"url\":\"\",\"contentUrl\":\"\"},{\"@type\":\"BreadcrumbList\",\"@id\":\"https:\\\/\\\/costeira.wine\\\/vendimia-vina-costeira-2018\\\/#breadcrumb\",\"itemListElement\":[{\"@type\":\"ListItem\",\"position\":1,\"name\":\"Portada\",\"item\":\"https:\\\/\\\/costeira.wine\\\/\"},{\"@type\":\"ListItem\",\"position\":2,\"name\":\"Finaliza la vendimia de Vi\u00f1a Costeira correspondiente a la cosecha n\u00famero 51, con un balance similar al pasado a\u00f1o: \u201cpoca cantidad, much\u00edsima calidad\u201d\"}]},{\"@type\":\"WebSite\",\"@id\":\"https:\\\/\\\/costeira.wine\\\/#website\",\"url\":\"https:\\\/\\\/costeira.wine\\\/\",\"name\":\"Vi\u00f1a costeira\",\"description\":\"En la bodega Vi\u00f1a Costeira elaboramos vinos de D.O. Ribeiro y Valdeorras. Nuestros productos nos han convertido en la mejor bodega de Espa\u00f1a. \u00a1Con\u00f3cenos!\",\"publisher\":{\"@id\":\"https:\\\/\\\/costeira.wine\\\/#organization\"},\"potentialAction\":[{\"@type\":\"SearchAction\",\"target\":{\"@type\":\"EntryPoint\",\"urlTemplate\":\"https:\\\/\\\/costeira.wine\\\/?s={search_term_string}\"},\"query-input\":{\"@type\":\"PropertyValueSpecification\",\"valueRequired\":true,\"valueName\":\"search_term_string\"}}],\"inLanguage\":\"en-US\"},{\"@type\":\"Organization\",\"@id\":\"https:\\\/\\\/costeira.wine\\\/#organization\",\"name\":\"Vi\u00f1a costeira\",\"url\":\"https:\\\/\\\/costeira.wine\\\/\",\"logo\":{\"@type\":\"ImageObject\",\"inLanguage\":\"en-US\",\"@id\":\"https:\\\/\\\/costeira.wine\\\/#\\\/schema\\\/logo\\\/image\\\/\",\"url\":\"https:\\\/\\\/costeira.wine\\\/wp-content\\\/uploads\\\/2021\\\/06\\\/logo_vina_costeira.svg\",\"contentUrl\":\"https:\\\/\\\/costeira.wine\\\/wp-content\\\/uploads\\\/2021\\\/06\\\/logo_vina_costeira.svg\",\"width\":1024,\"height\":100,\"caption\":\"Vi\u00f1a costeira\"},\"image\":{\"@id\":\"https:\\\/\\\/costeira.wine\\\/#\\\/schema\\\/logo\\\/image\\\/\"},\"sameAs\":[\"https:\\\/\\\/www.facebook.com\\\/vinacosteira\\\/\",\"https:\\\/\\\/x.com\\\/costeira_es\",\"https:\\\/\\\/www.instagram.com\\\/costeira.es\\\/\",\"https:\\\/\\\/www.linkedin.com\\\/company\\\/vi\u00f1a-costeira\\\/\",\"https:\\\/\\\/www.youtube.com\\\/channel\\\/UCx-kNrCaW0EIlxNK7nBRyfA\"]},{\"@type\":\"Person\",\"@id\":\"https:\\\/\\\/costeira.wine\\\/#\\\/schema\\\/person\\\/be5cac9aab2eadddfb8f6f829e642362\",\"name\":\"webmaster\",\"image\":{\"@type\":\"ImageObject\",\"inLanguage\":\"en-US\",\"@id\":\"https:\\\/\\\/secure.gravatar.com\\\/avatar\\\/49c7ead4cffcc0453b699691d45aefa551451fc500d13aead9dbe3d1d8962b92?s=96&d=mm&r=g\",\"url\":\"https:\\\/\\\/secure.gravatar.com\\\/avatar\\\/49c7ead4cffcc0453b699691d45aefa551451fc500d13aead9dbe3d1d8962b92?s=96&d=mm&r=g\",\"contentUrl\":\"https:\\\/\\\/secure.gravatar.com\\\/avatar\\\/49c7ead4cffcc0453b699691d45aefa551451fc500d13aead9dbe3d1d8962b92?s=96&d=mm&r=g\",\"caption\":\"webmaster\"},\"sameAs\":[\"http:\\\/\\\/costeira.wine\"]}]}<\/script>\n<!-- \/ Yoast SEO plugin. -->","yoast_head_json":{"title":"Finaliza la vendimia de Vi\u00f1a Costeira correspondiente a la cosecha n\u00famero 51, con un balance similar al pasado a\u00f1o: \u201cpoca cantidad, much\u00edsima calidad\u201d - Vi\u00f1a costeira","description":"Valoramos la vendimia 2018 de Vi\u00f1a Costeira, que acaba de finalizar, analizando los procesos y planteando los retos del pr\u00f3ximo a\u00f1o.","robots":{"index":"index","follow":"follow","max-snippet":"max-snippet:-1","max-image-preview":"max-image-preview:large","max-video-preview":"max-video-preview:-1"},"canonical":"https:\/\/costeira.wine\/vendimia-vina-costeira-2018\/","og_locale":"en_US","og_type":"article","og_title":"Finaliza la vendimia de Vi\u00f1a Costeira correspondiente a la cosecha n\u00famero 51, con un balance similar al pasado a\u00f1o: \u201cpoca cantidad, much\u00edsima calidad\u201d - Vi\u00f1a costeira","og_description":"Valoramos la vendimia 2018 de Vi\u00f1a Costeira, que acaba de finalizar, analizando los procesos y planteando los retos del pr\u00f3ximo a\u00f1o.","og_url":"https:\/\/costeira.wine\/vendimia-vina-costeira-2018\/","og_site_name":"Vi\u00f1a costeira","article_publisher":"https:\/\/www.facebook.com\/vinacosteira\/","article_published_time":"2018-10-18T09:24:47+00:00","og_image":[{"width":980,"height":653,"url":"https:\/\/costeira.wine\/wp-content\/uploads\/2021\/07\/costeira_estrellas_000175-low-980x653-1.jpg","type":"image\/jpeg"}],"author":"webmaster","twitter_card":"summary_large_image","twitter_creator":"@costeira_es","twitter_site":"@costeira_es","twitter_misc":{"Written by":"webmaster","Est. reading time":"5 minutes"},"schema":{"@context":"https:\/\/schema.org","@graph":[{"@type":"Article","@id":"https:\/\/costeira.wine\/vendimia-vina-costeira-2018\/#article","isPartOf":{"@id":"https:\/\/costeira.wine\/vendimia-vina-costeira-2018\/"},"author":{"name":"webmaster","@id":"https:\/\/costeira.wine\/#\/schema\/person\/be5cac9aab2eadddfb8f6f829e642362"},"headline":"Finaliza la vendimia de Vi\u00f1a Costeira correspondiente a la cosecha n\u00famero 51, con un balance similar al pasado a\u00f1o: \u201cpoca cantidad, much\u00edsima calidad\u201d","datePublished":"2018-10-18T09:24:47+00:00","mainEntityOfPage":{"@id":"https:\/\/costeira.wine\/vendimia-vina-costeira-2018\/"},"wordCount":1034,"commentCount":0,"publisher":{"@id":"https:\/\/costeira.wine\/#organization"},"image":{"@id":"https:\/\/costeira.wine\/vendimia-vina-costeira-2018\/#primaryimage"},"thumbnailUrl":"","articleSection":["Novedades"],"inLanguage":"en-US","potentialAction":[{"@type":"CommentAction","name":"Comment","target":["https:\/\/costeira.wine\/vendimia-vina-costeira-2018\/#respond"]}]},{"@type":"WebPage","@id":"https:\/\/costeira.wine\/vendimia-vina-costeira-2018\/","url":"https:\/\/costeira.wine\/vendimia-vina-costeira-2018\/","name":"Finaliza la vendimia de Vi\u00f1a Costeira correspondiente a la cosecha n\u00famero 51, con un balance similar al pasado a\u00f1o: \u201cpoca cantidad, much\u00edsima calidad\u201d - Vi\u00f1a costeira","isPartOf":{"@id":"https:\/\/costeira.wine\/#website"},"primaryImageOfPage":{"@id":"https:\/\/costeira.wine\/vendimia-vina-costeira-2018\/#primaryimage"},"image":{"@id":"https:\/\/costeira.wine\/vendimia-vina-costeira-2018\/#primaryimage"},"thumbnailUrl":"","datePublished":"2018-10-18T09:24:47+00:00","description":"Valoramos la vendimia 2018 de Vi\u00f1a Costeira, que acaba de finalizar, analizando los procesos y planteando los retos del pr\u00f3ximo a\u00f1o.","breadcrumb":{"@id":"https:\/\/costeira.wine\/vendimia-vina-costeira-2018\/#breadcrumb"},"inLanguage":"en-US","potentialAction":[{"@type":"ReadAction","target":["https:\/\/costeira.wine\/vendimia-vina-costeira-2018\/"]}]},{"@type":"ImageObject","inLanguage":"en-US","@id":"https:\/\/costeira.wine\/vendimia-vina-costeira-2018\/#primaryimage","url":"","contentUrl":""},{"@type":"BreadcrumbList","@id":"https:\/\/costeira.wine\/vendimia-vina-costeira-2018\/#breadcrumb","itemListElement":[{"@type":"ListItem","position":1,"name":"Portada","item":"https:\/\/costeira.wine\/"},{"@type":"ListItem","position":2,"name":"Finaliza la vendimia de Vi\u00f1a Costeira correspondiente a la cosecha n\u00famero 51, con un balance similar al pasado a\u00f1o: \u201cpoca cantidad, much\u00edsima calidad\u201d"}]},{"@type":"WebSite","@id":"https:\/\/costeira.wine\/#website","url":"https:\/\/costeira.wine\/","name":"Vi\u00f1a costeira","description":"En la bodega Vi\u00f1a Costeira elaboramos vinos de D.O. Ribeiro y Valdeorras. Nuestros productos nos han convertido en la mejor bodega de Espa\u00f1a. \u00a1Con\u00f3cenos!","publisher":{"@id":"https:\/\/costeira.wine\/#organization"},"potentialAction":[{"@type":"SearchAction","target":{"@type":"EntryPoint","urlTemplate":"https:\/\/costeira.wine\/?s={search_term_string}"},"query-input":{"@type":"PropertyValueSpecification","valueRequired":true,"valueName":"search_term_string"}}],"inLanguage":"en-US"},{"@type":"Organization","@id":"https:\/\/costeira.wine\/#organization","name":"Vi\u00f1a costeira","url":"https:\/\/costeira.wine\/","logo":{"@type":"ImageObject","inLanguage":"en-US","@id":"https:\/\/costeira.wine\/#\/schema\/logo\/image\/","url":"https:\/\/costeira.wine\/wp-content\/uploads\/2021\/06\/logo_vina_costeira.svg","contentUrl":"https:\/\/costeira.wine\/wp-content\/uploads\/2021\/06\/logo_vina_costeira.svg","width":1024,"height":100,"caption":"Vi\u00f1a costeira"},"image":{"@id":"https:\/\/costeira.wine\/#\/schema\/logo\/image\/"},"sameAs":["https:\/\/www.facebook.com\/vinacosteira\/","https:\/\/x.com\/costeira_es","https:\/\/www.instagram.com\/costeira.es\/","https:\/\/www.linkedin.com\/company\/vi\u00f1a-costeira\/","https:\/\/www.youtube.com\/channel\/UCx-kNrCaW0EIlxNK7nBRyfA"]},{"@type":"Person","@id":"https:\/\/costeira.wine\/#\/schema\/person\/be5cac9aab2eadddfb8f6f829e642362","name":"webmaster","image":{"@type":"ImageObject","inLanguage":"en-US","@id":"https:\/\/secure.gravatar.com\/avatar\/49c7ead4cffcc0453b699691d45aefa551451fc500d13aead9dbe3d1d8962b92?s=96&d=mm&r=g","url":"https:\/\/secure.gravatar.com\/avatar\/49c7ead4cffcc0453b699691d45aefa551451fc500d13aead9dbe3d1d8962b92?s=96&d=mm&r=g","contentUrl":"https:\/\/secure.gravatar.com\/avatar\/49c7ead4cffcc0453b699691d45aefa551451fc500d13aead9dbe3d1d8962b92?s=96&d=mm&r=g","caption":"webmaster"},"sameAs":["http:\/\/costeira.wine"]}]}},"_links":{"self":[{"href":"https:\/\/costeira.wine\/en\/wp-json\/wp\/v2\/posts\/7675","targetHints":{"allow":["GET"]}}],"collection":[{"href":"https:\/\/costeira.wine\/en\/wp-json\/wp\/v2\/posts"}],"about":[{"href":"https:\/\/costeira.wine\/en\/wp-json\/wp\/v2\/types\/post"}],"author":[{"embeddable":true,"href":"https:\/\/costeira.wine\/en\/wp-json\/wp\/v2\/users\/1"}],"replies":[{"embeddable":true,"href":"https:\/\/costeira.wine\/en\/wp-json\/wp\/v2\/comments?post=7675"}],"version-history":[{"count":0,"href":"https:\/\/costeira.wine\/en\/wp-json\/wp\/v2\/posts\/7675\/revisions"}],"wp:featuredmedia":[{"embeddable":true,"href":"https:\/\/costeira.wine\/en\/wp-json\/"}],"wp:attachment":[{"href":"https:\/\/costeira.wine\/en\/wp-json\/wp\/v2\/media?parent=7675"}],"wp:term":[{"taxonomy":"category","embeddable":true,"href":"https:\/\/costeira.wine\/en\/wp-json\/wp\/v2\/categories?post=7675"},{"taxonomy":"post_tag","embeddable":true,"href":"https:\/\/costeira.wine\/en\/wp-json\/wp\/v2\/tags?post=7675"}],"curies":[{"name":"wp","href":"https:\/\/api.w.org\/{rel}","templated":true}]}}